{"id":41513,"date":"2022-10-20T18:36:05","date_gmt":"2022-10-20T18:36:05","guid":{"rendered":"https:\/\/haberulus.net\/?p=41513"},"modified":"2022-10-20T18:36:05","modified_gmt":"2022-10-20T18:36:05","slug":"yengesini-37-yerinden-bicakladi-15-yil-hapis-cezasi-aldi","status":"publish","type":"post","link":"https:\/\/haberulus.net\/?p=41513","title":{"rendered":"Yengesini 37 yerinden b\u0131\u00e7aklad\u0131, 15 y\u0131l hapis cezas\u0131 ald\u0131"},"content":{"rendered":"<p><b>Hatay&#8217;da elini \u00f6pmedi\u011fi i\u00e7in 2.5 ya\u015f\u0131ndaki ye\u011fenini d\u00f6ven, sesler \u00fczerine alt kata inen \u00f6\u011fretmen yengesi Mehtap \u0130lgar&#8217;\u0131 (34) da &#8216;a\u011fabey&#8217; demedi\u011fi gerek\u00e7esiyle biri sol g\u00f6z\u00fcnden, 37 yerinden b\u0131\u00e7aklay\u0131p, bo\u011faz\u0131n\u0131 kesmeye \u00e7al\u0131\u015ft\u0131\u011f\u0131 iddias\u0131yla tutuklu yarg\u0131lanan Recep \u0130lgar&#8217;a (39) 15 y\u0131l hapis cezas\u0131 verildi.<\/b><\/p>\n<p>Olay, 26 Ocakta K\u0131r\u0131khan il\u00e7esi G\u00fcnd\u00fcz Mahallesi Ziyapa\u015fa Sokak\u2019ta meydana geldi. Bir okulda s\u00f6zle\u015fmeli olarak fizik \u00f6\u011fretmenli\u011fi yapan Mehtap \u0130lgar, \u00e7ocuklar\u0131 5 ya\u015f\u0131ndaki Eyl\u00fcl ile 2,5 ya\u015f\u0131ndaki Asyay\u0131 alt katta oturan kay\u0131npederinin evine g\u00f6nderdi.<\/p>\n<p>Ailesiyle birlikte ya\u015fayan Recep \u0130lgar, ye\u011fenlerinden elini \u00f6pmesini istedi. Ancak Asya, amcas\u0131n\u0131n elini \u00f6pmedi. Bunun \u00fczerine Recep \u0130lgar, Asya\u2019n\u0131n elindeki oyunca\u011f\u0131 pencereden at\u0131p, \u00e7ocu\u011fu d\u00f6vd\u00fc.<\/p>\n<p><img decoding=\"async\" src=\"https:\/\/i01.sozcucdn.com\/wp-content\/uploads\/2022\/10\/20\/zan21_21415760.jpg\"\/><\/p>\n<p><strong>1 HAFTA YA\u015eAM M\u00dcCADELES\u0130 VERD\u0130<\/strong><\/p>\n<p>Asya\u2019n\u0131n a\u011flad\u0131\u011f\u0131n\u0131 duyarak alt kata inen Mehtap \u0130lgar da iddiaya g\u00f6re \u2018a\u011fabey\u2019 demedi\u011fi gerek\u00e7esiyle key\u0131nbiraderi Recep \u0130lgar\u2019\u0131n yumruklu sald\u0131r\u0131s\u0131na u\u011frad\u0131. \u00d6fkesin dinmeyen Recep \u0130lgar, ard\u0131ndan \u00e7ocuklar\u0131n\u0131n g\u00f6z\u00fc \u00f6n\u00fcnde yengesini biri sol g\u00f6z\u00fcnden, 37 yerinden b\u0131\u00e7aklay\u0131p, bo\u011faz\u0131n\u0131 kesmeye \u00e7al\u0131\u015ft\u0131.<\/p>\n<p>Polis ekiplerince g\u00f6zalt\u0131na al\u0131nan \u0130lgar, sevk edildi\u011fi n\u00f6bet\u00e7i hakimlik\u00e7e tutukland\u0131. Mustafa Kemal \u00dcniversitesi Ara\u015ft\u0131rma Hastanesi\u2019nde 1 hafta boyunca tedavi g\u00f6ren Mehtap \u0130lgar ya\u015fam sava\u015f\u0131n\u0131 kazand\u0131, ancak sol g\u00f6z\u00fc g\u00f6rme yetisini kaybetti.<\/p>\n<p><img decoding=\"async\" src=\"https:\/\/i01.sozcucdn.com\/wp-content\/uploads\/2022\/10\/20\/zan1_21415763.jpg\"\/><\/p>\n<p><strong>15 YIL HAP\u0130S CEZASI<\/strong><\/p>\n<p>K\u0131r\u0131khan A\u011f\u0131r Ceza Mahkemesinde \u2018kasten \u00f6ld\u00fcrmeye te\u015febb\u00fcs\u2019 su\u00e7undan yarg\u0131lanan Recep \u0130lgar\u2019\u0131n karar duru\u015fmas\u0131 ger\u00e7ekle\u015ftirildi. Duru\u015fmaya, tutuklu san\u0131k Recep \u0130lgar, Mehtap \u0130lgar ve taraflar\u0131n avukatlar\u0131 kat\u0131ld\u0131. Duru\u015fma savc\u0131s\u0131, esas hakk\u0131ndaki m\u00fctalaas\u0131nda san\u0131\u011f\u0131n kasten \u00f6ld\u00fcrmeye te\u015febb\u00fcs su\u00e7undan cezaland\u0131r\u0131lmas\u0131n\u0131 istedi. Mahkeme heyeti, san\u0131\u011f\u0131n kasten \u00f6ld\u00fcrmeye te\u015febb\u00fcs su\u00e7undan 15 y\u0131l hapis cezas\u0131na \u00e7arpt\u0131r\u0131lmas\u0131na karar verdi.<\/p>\n<p><strong>KARARA \u0130T\u0130RAZ EDECEKLER<\/strong><\/p>\n<p>Mehtap \u0130lgar\u2019\u0131n avukat\u0131 Veysel A\u00e7ay, duru\u015fma sonras\u0131 bas\u0131n mensuplar\u0131na a\u00e7\u0131klama yapt\u0131. Cezay\u0131 yetersiz bulduklar\u0131n\u0131 s\u00f6yleyen A\u00e7ay, Recep \u0130lgar\u2019\u0131n bu eylemi canavarca hisle ger\u00e7ekle\u015ftirdi\u011fini kaydetti.<\/p>\n<p>A\u00e7ay, \u201cBiz san\u0131\u011f\u0131n kasten adam \u00f6ld\u00fcrmeye te\u015febb\u00fcsten de\u011fil de nitelikli olarak, canavarca hisle kasten \u00f6ld\u00fcrmeye te\u015febb\u00fcsten ceza almas\u0131 i\u00e7in s\u00f6z konusu karara kar\u015f\u0131 istinaf kanun yoluna ba\u015fvuraca\u011f\u0131z ve s\u00f6z konusu karar\u0131n artmas\u0131 i\u00e7in gerekli itirazlarda bulunaca\u011f\u0131z. Dosyay\u0131 \u00fcst mahkeme de\u011ferlendirecek. San\u0131k kanuni hadler a\u00e7\u0131s\u0131ndan en y\u00fcksek cezay\u0131 alm\u0131\u015ft\u0131r ancak, nitelikli olarak adam \u00f6ld\u00fcrme su\u00e7undan ceza almas\u0131n\u0131 temenni ederdik. Bu temennimiz i\u00e7inde gerekli itirazlar\u0131 bir \u00fcst mahkemeye yapaca\u011f\u0131z\u201d dedi.<\/p>\n<p><strong>\u201cNEFES\u0130M KES\u0130LD\u0130 D\u0130YE BIRAKTI\u201d<\/strong><\/p>\n<p>Mehtap \u0130lgar ise adalet arad\u0131\u011f\u0131n\u0131 vurgulad\u0131. \u0130lgar, \u015fu ifadeleri kulland\u0131;<\/p>\n<p>*Vah\u015fice bir sald\u0131r\u0131dan sonra beni \u00f6ld\u00fcm diye b\u0131rakan birinin bu cezayla cezaland\u0131r\u0131lmas\u0131 ne kadar cayd\u0131r\u0131c\u0131 olabilir? Beni \u00f6ld\u00fcrmeye te\u015febb\u00fcs etmedi, sadece beni \u00f6ld\u00fcm diye b\u0131rakt\u0131, beni nefesim kesildi diye b\u0131rakt\u0131.<\/p>\n<p>*Bu cezalar\u0131n cayd\u0131r\u0131c\u0131 olaca\u011f\u0131 yerde bu kadar az bir ceza ile su\u00e7a te\u015fvik \u00f6zelli\u011fi var bunun. 15 y\u0131l nedir ya. Benim 2 k\u0131z\u0131m\u0131n g\u00f6z\u00fcn\u00fcn \u00f6n\u00fcnde oldu bunlar. Ben onlar\u0131n psikolojisini nas\u0131l toplar\u0131m? Ben d\u0131\u015far\u0131ya g\u00f6zl\u00fcks\u00fcz olarak kar\u0131\u015famayan bir insan\u0131m art\u0131k.<\/p>\n<p>*Benim k\u0131zlar\u0131m\u0131n bu psikolojiyi kald\u0131rmas\u0131 ne kadar s\u00fcrer? 15 y\u0131l sonra d\u00fczelecekler mi? Benim katilim o. Sadece g\u00f6z\u00fcm\u00fc almad\u0131, 2 g\u00f6z\u00fcm\u00fc birden almaya \u00e7al\u0131\u015ft\u0131, b\u00f6breklerimi vurmaya \u00e7al\u0131\u015ft\u0131, boynumu kesmeye \u00e7al\u0131\u015ft\u0131.<\/p>\n<p>*Hi\u00e7bir pi\u015fmanl\u0131k duymad\u0131. Kendini bir c\u00fcmleyle bile savunmaya kalkmad\u0131. Ben \u00f6lebilirdim. \u015eu an ben topra\u011f\u0131n alt\u0131nda olsayd\u0131m belki 30 y\u0131l al\u0131rd\u0131. (DHA)<\/p>\n","protected":false},"excerpt":{"rendered":"<p>Hatay&#8217;da elini \u00f6pmedi\u011fi i\u00e7in 2.5 ya\u015f\u0131ndaki ye\u011fenini d\u00f6ven, sesler \u00fczerine alt kata inen \u00f6\u011fretmen yengesi Mehtap \u0130lgar&#8217;\u0131 (34) da &#8216;a\u011fabey&#8217; demedi\u011fi &#8230;<\/p>\n","protected":false},"author":1,"featured_media":41514,"comment_status":"closed","ping_status":"open","sticky":false,"template":"","format":"standard","meta":{"footnotes":""},"categories":[26],"tags":[171,7900,7901,7902,7899],"class_list":["post-41513","post","type-post","status-publish","format-standard","has-post-thumbnail","hentry","category-gundem","tag-ceza","tag-gozu","tag-mehtap-ilgar","tag-oldurmeye-tesebbus","tag-recep"],"_links":{"self":[{"href":"https:\/\/haberulus.net\/index.php?rest_route=\/wp\/v2\/posts\/41513","targetHints":{"allow":["GET"]}}],"collection":[{"href":"https:\/\/haberulus.net\/index.php?rest_route=\/wp\/v2\/posts"}],"about":[{"href":"https:\/\/haberulus.net\/index.php?rest_route=\/wp\/v2\/types\/post"}],"author":[{"embeddable":true,"href":"https:\/\/haberulus.net\/index.php?rest_route=\/wp\/v2\/users\/1"}],"replies":[{"embeddable":true,"href":"https:\/\/haberulus.net\/index.php?rest_route=%2Fwp%2Fv2%2Fcomments&post=41513"}],"version-history":[{"count":1,"href":"https:\/\/haberulus.net\/index.php?rest_route=\/wp\/v2\/posts\/41513\/revisions"}],"predecessor-version":[{"id":41515,"href":"https:\/\/haberulus.net\/index.php?rest_route=\/wp\/v2\/posts\/41513\/revisions\/41515"}],"wp:featuredmedia":[{"embeddable":true,"href":"https:\/\/haberulus.net\/index.php?rest_route=\/wp\/v2\/media\/41514"}],"wp:attachment":[{"href":"https:\/\/haberulus.net\/index.php?rest_route=%2Fwp%2Fv2%2Fmedia&parent=41513"}],"wp:term":[{"taxonomy":"category","embeddable":true,"href":"https:\/\/haberulus.net\/index.php?rest_route=%2Fwp%2Fv2%2Fcategories&post=41513"},{"taxonomy":"post_tag","embeddable":true,"href":"https:\/\/haberulus.net\/index.php?rest_route=%2Fwp%2Fv2%2Ftags&post=41513"}],"curies":[{"name":"wp","href":"https:\/\/api.w.org\/{rel}","templated":true}]}}