{"id":41744,"date":"2022-10-21T08:36:06","date_gmt":"2022-10-21T08:36:06","guid":{"rendered":"https:\/\/haberulus.net\/?p=41744"},"modified":"2022-10-21T08:36:06","modified_gmt":"2022-10-21T08:36:06","slug":"fransiz-bakanin-oldugu-ucak-dusmekten-son-anda-kurtuldu","status":"publish","type":"post","link":"https:\/\/haberulus.net\/?p=41744","title":{"rendered":"Frans\u0131z bakan\u0131n oldu\u011fu u\u00e7ak d\u00fc\u015fmekten son anda kurtuldu"},"content":{"rendered":"<p><b>Fransa B\u00f6lgesel Uyum Bakan\u0131 Caroline Cayeux&#8217;y\u00fc de ta\u015f\u0131yan u\u00e7ak, ini\u015f s\u0131ras\u0131nda yere \u00e7ak\u0131lmaktan son anda kurtularak pistin d\u0131\u015f\u0131na ini\u015f ger\u00e7ekle\u015ftirdi.<\/b><\/p>\n<p>Le Figaro\u2019nun haberine g\u00f6re, Bakan Cayeux dahil 39 ki\u015finin i\u00e7inde bulundu\u011fu Fly Amelia \u015firketine ba\u011fl\u0131 u\u00e7ak, d\u00fcn ak\u015fam ba\u015fkent Paris\u2019teki Orly Havaliman\u0131\u2019nda ini\u015fe ge\u00e7ece\u011fi s\u0131rada f\u0131rt\u0131naya yakaland\u0131.<\/p>\n<p>T\u00fcrb\u00fclansa giren u\u00e7a\u011f\u0131n kontrol\u00fcn\u00fc bir s\u00fcreli\u011fine kaybeden pilot, pistin d\u0131\u015f\u0131na ye\u015fil bir alana g\u00fc\u00e7l\u00fckle ini\u015f yapabildi.<\/p>\n<p>U\u00e7a\u011f\u0131n kuvvetli f\u0131rt\u0131na nedeniyle yere \u00e7ak\u0131lmaktan son anda kurtuldu\u011fu belirtiliyor.<\/p>\n<p>Bakan Cayeux, Twitter hesab\u0131ndan yapt\u0131\u011f\u0131 a\u00e7\u0131klamada, Rodez d\u00f6n\u00fc\u015f\u00fcnde ini\u015f s\u0131ras\u0131nda pistten \u00e7\u0131kan u\u00e7a\u011f\u0131n korkuya yol a\u00e7t\u0131\u011f\u0131n\u0131 ve herhangi bir yaralanma olay\u0131n\u0131n da olmad\u0131\u011f\u0131n\u0131 belirtti.<\/p>\n<p>Cayeux, kendisine ge\u00e7mi\u015f olsun mesajlar\u0131 iletenlere ve deste\u011fe gelen kurtarma ekiplerine te\u015fekk\u00fcr etti.<\/p>\n<p>Savc\u0131l\u0131k olaya ili\u015fkin soru\u015fturma a\u00e7t\u0131. <strong>(AA)<\/strong><\/p>\n","protected":false},"excerpt":{"rendered":"<p>Fransa B\u00f6lgesel Uyum Bakan\u0131 Caroline Cayeux&#8217;y\u00fc de ta\u015f\u0131yan u\u00e7ak, ini\u015f s\u0131ras\u0131nda yere \u00e7ak\u0131lmaktan son anda kurtularak pistin d\u0131\u015f\u0131na ini\u015f &#8230;<\/p>\n","protected":false},"author":1,"featured_media":41745,"comment_status":"closed","ping_status":"open","sticky":false,"template":"","format":"standard","meta":{"footnotes":""},"categories":[24],"tags":[5467],"class_list":["post-41744","post","type-post","status-publish","format-standard","has-post-thumbnail","hentry","category-dunya","tag-inis"],"_links":{"self":[{"href":"https:\/\/haberulus.net\/index.php?rest_route=\/wp\/v2\/posts\/41744","targetHints":{"allow":["GET"]}}],"collection":[{"href":"https:\/\/haberulus.net\/index.php?rest_route=\/wp\/v2\/posts"}],"about":[{"href":"https:\/\/haberulus.net\/index.php?rest_route=\/wp\/v2\/types\/post"}],"author":[{"embeddable":true,"href":"https:\/\/haberulus.net\/index.php?rest_route=\/wp\/v2\/users\/1"}],"replies":[{"embeddable":true,"href":"https:\/\/haberulus.net\/index.php?rest_route=%2Fwp%2Fv2%2Fcomments&post=41744"}],"version-history":[{"count":1,"href":"https:\/\/haberulus.net\/index.php?rest_route=\/wp\/v2\/posts\/41744\/revisions"}],"predecessor-version":[{"id":41746,"href":"https:\/\/haberulus.net\/index.php?rest_route=\/wp\/v2\/posts\/41744\/revisions\/41746"}],"wp:featuredmedia":[{"embeddable":true,"href":"https:\/\/haberulus.net\/index.php?rest_route=\/wp\/v2\/media\/41745"}],"wp:attachment":[{"href":"https:\/\/haberulus.net\/index.php?rest_route=%2Fwp%2Fv2%2Fmedia&parent=41744"}],"wp:term":[{"taxonomy":"category","embeddable":true,"href":"https:\/\/haberulus.net\/index.php?rest_route=%2Fwp%2Fv2%2Fcategories&post=41744"},{"taxonomy":"post_tag","embeddable":true,"href":"https:\/\/haberulus.net\/index.php?rest_route=%2Fwp%2Fv2%2Ftags&post=41744"}],"curies":[{"name":"wp","href":"https:\/\/api.w.org\/{rel}","templated":true}]}}