{"id":41756,"date":"2022-10-21T08:51:06","date_gmt":"2022-10-21T08:51:06","guid":{"rendered":"https:\/\/haberulus.net\/?p=41756"},"modified":"2022-10-21T08:51:06","modified_gmt":"2022-10-21T08:51:06","slug":"natodan-turkiyeye-ust-duzey-ziyaret","status":"publish","type":"post","link":"https:\/\/haberulus.net\/?p=41756","title":{"rendered":"NATO\u2019dan T\u00fcrkiye\u2019ye \u00fcst d\u00fczey ziyaret"},"content":{"rendered":"<p><b>NATO \u00fcyesi \u00fclkelerin \u00fcst d\u00fczey askeri temsilcilerinden olu\u015fan NATO Askeri Komitesi heyeti, T\u00fcrkiye&#8217;yi ziyaret etti.<\/b><\/p>\n<p>Milli Savunma Bakanl\u0131\u011f\u0131 (MSB), NATO \u00fcyesi \u00fclkelerin \u00fcst d\u00fczey askeri temsilcilerinden olu\u015fan NATO Askeri Komitesi ve beraberinde Uluslararas\u0131 Askeri Yazmanl\u0131k personeli ile NATO Stratejik Komutanl\u0131klar\u0131ndan olu\u015fan heyetin T\u00fcrkiye\u2019yi ziyaret etti\u011fini bildirdi. MSB\u2019den yap\u0131lan a\u00e7\u0131klamada, d\u00fcn \u0130zmir\u2019de konu\u015flu NATO M\u00fcttefik Kara Komutanl\u0131\u011f\u0131 (LADCOM) ile ba\u015flayan ziyaretin bug\u00fcn \u0130stanbul\u2019da sona erece\u011fi belirtildi.<\/p>\n<p>A\u00e7\u0131klamada, heyetin \u0130stanbul\u2019da \u00c7ok Uluslu M\u00fc\u015fterek Harp Merkezi Komutanl\u0131\u011f\u0131 (\u00c7MHM), NATO H\u0131zl\u0131 Konu\u015fland\u0131r\u0131labilir Kolordusu T\u00fcrkiye Karargah\u0131 (NRDC-T) ve NATO Deniz G\u00fcvenli\u011fi M\u00fckemmeliyet Merkezi\u2019nin (MARSEC-COE) ziyaret edilece\u011fi aktar\u0131ld\u0131.<\/p>\n<p>A\u00e7\u0131klamada, \u00f6nceden planl\u0131 rutin ziyaret kapsam\u0131nda, heyete ittifak\u0131n do\u011fu kanad\u0131nda huzur ve g\u00fcvenin idamesi i\u00e7in T\u00fcrkiye\u2019nin ald\u0131\u011f\u0131 inisiyatif ve sorumluluklar, Ukrayna\u2019ya sa\u011flanan destek, d\u00fczensiz g\u00f6\u00e7, ter\u00f6rizm, insan ve uyu\u015fturucu ka\u00e7ak\u00e7\u0131l\u0131\u011f\u0131 gibi tehditlere y\u00f6nelik T\u00fcrkiye taraf\u0131ndan g\u00f6sterilen gayretler ile T\u00fcrk Silahl\u0131 Kuvvetleri taraf\u0131ndan NATO harekat ve faaliyetlerine sa\u011flanan azami kat\u0131l\u0131m ile ittifak\u0131n cayd\u0131r\u0131c\u0131l\u0131k ve savunmas\u0131na verilen destekler konular\u0131nda bilgiler verildi\u011fi kaydedildi. (AA)<\/p>\n","protected":false},"excerpt":{"rendered":"<p>NATO \u00fcyesi \u00fclkelerin \u00fcst d\u00fczey askeri temsilcilerinden olu\u015fan NATO Askeri Komitesi heyeti, T\u00fcrkiye&#8217;yi ziyaret etti. Milli Savunma Bakanl\u0131\u011f\u0131 &#8230;<\/p>\n","protected":false},"author":1,"featured_media":41757,"comment_status":"closed","ping_status":"open","sticky":false,"template":"","format":"standard","meta":{"footnotes":""},"categories":[24],"tags":[477,263,15,1228],"class_list":["post-41756","post","type-post","status-publish","format-standard","has-post-thumbnail","hentry","category-dunya","tag-askeri","tag-nato","tag-turkiye","tag-ziyaret"],"_links":{"self":[{"href":"https:\/\/haberulus.net\/index.php?rest_route=\/wp\/v2\/posts\/41756","targetHints":{"allow":["GET"]}}],"collection":[{"href":"https:\/\/haberulus.net\/index.php?rest_route=\/wp\/v2\/posts"}],"about":[{"href":"https:\/\/haberulus.net\/index.php?rest_route=\/wp\/v2\/types\/post"}],"author":[{"embeddable":true,"href":"https:\/\/haberulus.net\/index.php?rest_route=\/wp\/v2\/users\/1"}],"replies":[{"embeddable":true,"href":"https:\/\/haberulus.net\/index.php?rest_route=%2Fwp%2Fv2%2Fcomments&post=41756"}],"version-history":[{"count":1,"href":"https:\/\/haberulus.net\/index.php?rest_route=\/wp\/v2\/posts\/41756\/revisions"}],"predecessor-version":[{"id":41758,"href":"https:\/\/haberulus.net\/index.php?rest_route=\/wp\/v2\/posts\/41756\/revisions\/41758"}],"wp:featuredmedia":[{"embeddable":true,"href":"https:\/\/haberulus.net\/index.php?rest_route=\/wp\/v2\/media\/41757"}],"wp:attachment":[{"href":"https:\/\/haberulus.net\/index.php?rest_route=%2Fwp%2Fv2%2Fmedia&parent=41756"}],"wp:term":[{"taxonomy":"category","embeddable":true,"href":"https:\/\/haberulus.net\/index.php?rest_route=%2Fwp%2Fv2%2Fcategories&post=41756"},{"taxonomy":"post_tag","embeddable":true,"href":"https:\/\/haberulus.net\/index.php?rest_route=%2Fwp%2Fv2%2Ftags&post=41756"}],"curies":[{"name":"wp","href":"https:\/\/api.w.org\/{rel}","templated":true}]}}