{"id":42140,"date":"2022-10-21T18:21:06","date_gmt":"2022-10-21T18:21:06","guid":{"rendered":"https:\/\/haberulus.net\/?p=42140"},"modified":"2022-10-21T18:21:06","modified_gmt":"2022-10-21T18:21:06","slug":"scholz-enerji-guvenligi-konusunda-ilerleme-saglandi","status":"publish","type":"post","link":"https:\/\/haberulus.net\/?p=42140","title":{"rendered":"Scholz: Enerji g\u00fcvenli\u011fi konusunda ilerleme sa\u011fland\u0131"},"content":{"rendered":"<p><b>Almanya Ba\u015fbakan\u0131 Olaf Scholz, Avrupa Birli\u011fi (AB) Liderler Zirvesi&#8217;nde enerji fiyatlar\u0131n\u0131n d\u00fc\u015f\u00fcr\u00fclmesi ve enerji g\u00fcvenli\u011fi konusunda \u00f6nemli \u00f6l\u00e7\u00fcde ilerleme sa\u011fland\u0131\u011f\u0131n\u0131 s\u00f6yledi.<\/b><\/p>\n<p>Almanya Ba\u015fbakan\u0131 Scholz, AB Liderler Zirvesi\u2019nin ard\u0131ndan d\u00fczenledi\u011fi bas\u0131n toplant\u0131s\u0131nda, \u00e7ok yo\u011fun ge\u00e7en \u00f6nemli bir zirvenin ger\u00e7ekle\u015fti\u011fini ifade etti. AB\u2019nin Ukrayna\u2019n\u0131n yan\u0131nda oldu\u011funu belirten Scholz, Rusya-Ukrayna Sava\u015f\u0131\u2019nda ve onu\u00e7lar\u0131n\u0131n \u00fcstesinden gelme konusunda AB\u2019nin birlikte durdu\u011funu vurgulad\u0131.<\/p>\n<p>Scholz, zirvede enerji fiyatlar\u0131n\u0131n d\u00fc\u015f\u00fcr\u00fclmesinin ve enerji g\u00fcvenli\u011finin sa\u011flanmas\u0131n\u0131n hedeflendi\u011fini aktararak \u201cBurada \u00f6nemli \u00f6l\u00e7\u00fcde ilerleme sa\u011flad\u0131k.\u201d dedi.<\/p>\n<p>Enerji bakanlar\u0131n\u0131n \u015fimdi ayr\u0131nt\u0131lar konusunda yapacaklar\u0131 m\u00fczakerelerde anla\u015fmak i\u00e7in somut bir \u00e7er\u00e7eveye sahip olduklar\u0131na i\u015faret eden Scholz, \u201cUmar\u0131m bu ba\u015far\u0131labilir. Aksi takdirde biz devreye girece\u011fiz. Bunun \u00f6nlenebilmesi iyi olur.\u201d diye konu\u015ftu.<\/p>\n<p><strong>\u201cKOM\u0130SYONUN \u00c7OK \u0130Y\u0130 B\u0130R \u00d6NER\u0130S\u0130 VAR\u201d<\/strong><\/p>\n<p>Scholz, \u201cZirve \u00f6ncesinde gaz tavan fiyat\u0131na kar\u015f\u0131 oldu\u011funuz izlenimi vard\u0131 ancak bir anla\u015fma oldu. Neden d\u00fc\u015f\u00fcncenizi de\u011fi\u015ftirdiniz? Bu Fransa Cumhurba\u015fkan\u0131 Emmaneul Macron ile yapt\u0131\u011f\u0131n\u0131z ikili g\u00f6r\u00fc\u015fmenizden mi kaynaklan\u0131yor?\u201d \u015feklindeki soruya, \u015f\u00f6yle yan\u0131t verdi:<\/p>\n<p>\u201cZirve \u00f6ncesinde Federal Mecliste yapt\u0131\u011f\u0131m konu\u015fmada AB Komisyonun \u00f6nerilerine de\u011findi\u011fimi fark etmi\u015finizdir. Komisyonun \u00e7ok iyi bir \u00f6nerisi var. Bu da \u015fu anda \u00fczerinde anla\u015fmaya vard\u0131\u011f\u0131m\u0131z\u0131n bir par\u00e7as\u0131. Biz bu a\u015f\u0131r\u0131 fiyat oynamalar\u0131n\u0131 \u00f6nlemek istedi\u011fimizi s\u00f6yledik. Bu genel bir \u00fcst fiyat s\u0131n\u0131r\u0131yla de\u011fil, a\u015f\u0131r\u0131 fiyat oynamalar\u0131yla ilgili. Bu, bazen bir g\u00fcn i\u00e7inde veya bir g\u00fcnden di\u011ferine olan, bazen de sadece iki veya \u00fc\u00e7 saat i\u00e7inde olan bir \u015feydir. Bu konuda zaten Komisyonun bir \u00f6nerisi vard\u0131.\u201d<\/p>\n<p>K\u00fcresel piyasalarda fiyatlar\u0131 tek tarafl\u0131 belirleyecek durumda olduklar\u0131na inanmad\u0131\u011f\u0131n\u0131 ifade eden Scholz, \u201cYapabilece\u011fimiz tek \u015fey, piyasadaki ger\u00e7ek fiyatlarla ilgili yanl\u0131\u015f bilgi veren spek\u00fclasyonlarla m\u00fccadele etmektir.\u201d ifadesini kulland\u0131.<\/p>\n<p>Ba\u015fbakan Scholz, 2023\u2019e y\u00f6nelik gaz depolar\u0131n\u0131n dolmas\u0131 i\u00e7in AB \u00fclkelerinin birlikte gaz al\u0131m\u0131 yapaca\u011f\u0131n\u0131 belirtti.<\/p>\n<p>Zirvede, \u00c7in ile ili\u015fkilerinin de ele al\u0131nd\u0131\u011f\u0131na i\u015faret eden Scholz, burada yap\u0131c\u0131 g\u00f6r\u00fc\u015f al\u0131\u015fveri\u015fleri ve de\u011ferlendirmeler yap\u0131ld\u0131\u011f\u0131, kendisinin de kas\u0131m ba\u015f\u0131nda \u00c7in\u2019i ziyaret edece\u011fi bilgisini payla\u015ft\u0131.<\/p>\n<p>Scholz, Ukrayna ve Balt\u0131k \u00fclkelerinin Rusya\u2019n\u0131n \u201csava\u015f su\u00e7lar\u0131ndan\u201d yarg\u0131lanmas\u0131 i\u00e7in bir mahkemenin kurulmas\u0131 taleplerinin bulundu\u011funun hat\u0131rlat\u0131lmas\u0131 \u00fczerine \u201c\u00c7ok de\u011fer verdi\u011fim ve g\u00fc\u00e7lendirmemiz gereken i\u015fini yapan bir Uluslararas\u0131 Ceza Mahkemesi var.\u201d de\u011ferlendirmesinde bulundu. (AA)<\/p>\n","protected":false},"excerpt":{"rendered":"<p>Almanya Ba\u015fbakan\u0131 Olaf Scholz, Avrupa Birli\u011fi (AB) Liderler Zirvesi&#8217;nde enerji fiyatlar\u0131n\u0131n d\u00fc\u015f\u00fcr\u00fclmesi ve enerji g\u00fcvenli\u011fi konusunda \u00f6nemli &#8230;<\/p>\n","protected":false},"author":1,"featured_media":42141,"comment_status":"closed","ping_status":"open","sticky":false,"template":"","format":"standard","meta":{"footnotes":""},"categories":[24],"tags":[728,75,3569],"class_list":["post-42140","post","type-post","status-publish","format-standard","has-post-thumbnail","hentry","category-dunya","tag-enerji","tag-fiyat","tag-scholz"],"_links":{"self":[{"href":"https:\/\/haberulus.net\/index.php?rest_route=\/wp\/v2\/posts\/42140","targetHints":{"allow":["GET"]}}],"collection":[{"href":"https:\/\/haberulus.net\/index.php?rest_route=\/wp\/v2\/posts"}],"about":[{"href":"https:\/\/haberulus.net\/index.php?rest_route=\/wp\/v2\/types\/post"}],"author":[{"embeddable":true,"href":"https:\/\/haberulus.net\/index.php?rest_route=\/wp\/v2\/users\/1"}],"replies":[{"embeddable":true,"href":"https:\/\/haberulus.net\/index.php?rest_route=%2Fwp%2Fv2%2Fcomments&post=42140"}],"version-history":[{"count":1,"href":"https:\/\/haberulus.net\/index.php?rest_route=\/wp\/v2\/posts\/42140\/revisions"}],"predecessor-version":[{"id":42142,"href":"https:\/\/haberulus.net\/index.php?rest_route=\/wp\/v2\/posts\/42140\/revisions\/42142"}],"wp:featuredmedia":[{"embeddable":true,"href":"https:\/\/haberulus.net\/index.php?rest_route=\/wp\/v2\/media\/42141"}],"wp:attachment":[{"href":"https:\/\/haberulus.net\/index.php?rest_route=%2Fwp%2Fv2%2Fmedia&parent=42140"}],"wp:term":[{"taxonomy":"category","embeddable":true,"href":"https:\/\/haberulus.net\/index.php?rest_route=%2Fwp%2Fv2%2Fcategories&post=42140"},{"taxonomy":"post_tag","embeddable":true,"href":"https:\/\/haberulus.net\/index.php?rest_route=%2Fwp%2Fv2%2Ftags&post=42140"}],"curies":[{"name":"wp","href":"https:\/\/api.w.org\/{rel}","templated":true}]}}