{"id":42146,"date":"2022-10-21T18:36:04","date_gmt":"2022-10-21T18:36:04","guid":{"rendered":"https:\/\/haberulus.net\/?p=42146"},"modified":"2022-10-21T18:36:04","modified_gmt":"2022-10-21T18:36:04","slug":"istanbulda-vatan-caddesi-trafige-kapatilacak","status":"publish","type":"post","link":"https:\/\/haberulus.net\/?p=42146","title":{"rendered":"\u0130stanbul\u2019da Vatan Caddesi trafi\u011fe kapat\u0131lacak"},"content":{"rendered":"<p><b>Vatan Caddesi ve bu caddeye ba\u011flanan yollar, 29 Ekim Cumhuriyet Bayram\u0131 provas\u0131 nedeniyle yar\u0131n trafi\u011fe kapat\u0131lacak.<\/b><\/p>\n<p>\u0130stanbul Valili\u011finden yap\u0131lan a\u00e7\u0131klamada, 29 Ekim Cumhuriyet Bayram\u0131 kutlamalar\u0131 kapsam\u0131nda yar\u0131n Vatan Caddesi\u2019nde prova yap\u0131laca\u011f\u0131 belirtildi.<\/p>\n<p>Prova dolay\u0131s\u0131yla Vatan Caddesi ve caddeye ba\u011flanan yollar\u0131n saat 06.00 itibar\u0131yla trafi\u011fe kapat\u0131laca\u011f\u0131 kaydedilen a\u00e7\u0131klamada, kapat\u0131lacak yollar \u015f\u00f6yle s\u0131raland\u0131:<\/p>\n<p>\u201cAdnan Menderes Bulvar\u0131 (Vatan Caddesi) gidi\u015f ve geli\u015fler trafi\u011fe kapat\u0131lacak. D-100 kuzey ve g\u00fcney istikameti, 10. Y\u0131l Caddesi ve Edirnekap\u0131, O\u011fuzhan, Sofular, Hal\u0131c\u0131lar, Akdeniz ve Ak\u015femsettin caddeleri, Ordu Caddesi ve Atat\u00fcrk Bulvar\u0131 ile Ke\u00e7eci Meydan Sokak\u2019tan Adnan Menderes Bulvar\u0131 (Vatan Caddesi) giri\u015fleri, Hal Yolu g\u00fcneyden Vatan Caddesi giri\u015fleri, Adnan Menderes Bulvar\u0131&#8217;na (Vatan Caddesi) \u00e7\u0131kan t\u00fcm cadde ve sokaklar trafi\u011fe kapat\u0131lacakt\u0131r.\u201d<\/p>\n<p>A\u00e7\u0131klamada, kapat\u0131lacak yollara alternatif olarak Turgut \u00d6zal Millet Caddesi, Fevzipa\u015fa Caddesi, Atat\u00fcrk Bulvar\u0131 ve Sahil Kennedy Caddesi\u2019nin kullan\u0131labilece\u011fi duyuruldu. (AA)<\/p>\n","protected":false},"excerpt":{"rendered":"<p>Vatan Caddesi ve bu caddeye ba\u011flanan yollar, 29 Ekim Cumhuriyet Bayram\u0131 provas\u0131 nedeniyle yar\u0131n trafi\u011fe kapat\u0131lacak. \u0130stanbul Valili\u011finden &#8230;<\/p>\n","protected":false},"author":1,"featured_media":42147,"comment_status":"closed","ping_status":"open","sticky":false,"template":"","format":"standard","meta":{"footnotes":""},"categories":[26],"tags":[2454,7991,7990],"class_list":["post-42146","post","type-post","status-publish","format-standard","has-post-thumbnail","hentry","category-gundem","tag-caddesi","tag-kapatilacak","tag-vatan-caddesi"],"_links":{"self":[{"href":"https:\/\/haberulus.net\/index.php?rest_route=\/wp\/v2\/posts\/42146","targetHints":{"allow":["GET"]}}],"collection":[{"href":"https:\/\/haberulus.net\/index.php?rest_route=\/wp\/v2\/posts"}],"about":[{"href":"https:\/\/haberulus.net\/index.php?rest_route=\/wp\/v2\/types\/post"}],"author":[{"embeddable":true,"href":"https:\/\/haberulus.net\/index.php?rest_route=\/wp\/v2\/users\/1"}],"replies":[{"embeddable":true,"href":"https:\/\/haberulus.net\/index.php?rest_route=%2Fwp%2Fv2%2Fcomments&post=42146"}],"version-history":[{"count":1,"href":"https:\/\/haberulus.net\/index.php?rest_route=\/wp\/v2\/posts\/42146\/revisions"}],"predecessor-version":[{"id":42148,"href":"https:\/\/haberulus.net\/index.php?rest_route=\/wp\/v2\/posts\/42146\/revisions\/42148"}],"wp:featuredmedia":[{"embeddable":true,"href":"https:\/\/haberulus.net\/index.php?rest_route=\/wp\/v2\/media\/42147"}],"wp:attachment":[{"href":"https:\/\/haberulus.net\/index.php?rest_route=%2Fwp%2Fv2%2Fmedia&parent=42146"}],"wp:term":[{"taxonomy":"category","embeddable":true,"href":"https:\/\/haberulus.net\/index.php?rest_route=%2Fwp%2Fv2%2Fcategories&post=42146"},{"taxonomy":"post_tag","embeddable":true,"href":"https:\/\/haberulus.net\/index.php?rest_route=%2Fwp%2Fv2%2Ftags&post=42146"}],"curies":[{"name":"wp","href":"https:\/\/api.w.org\/{rel}","templated":true}]}}