{"id":42161,"date":"2022-10-21T19:06:05","date_gmt":"2022-10-21T19:06:05","guid":{"rendered":"https:\/\/haberulus.net\/?p=42161"},"modified":"2022-10-21T19:06:05","modified_gmt":"2022-10-21T19:06:05","slug":"donald-trump-mahkeme-celbiyle-ifadeye-cagrildi","status":"publish","type":"post","link":"https:\/\/haberulus.net\/?p=42161","title":{"rendered":"Donald Trump mahkeme celbiyle ifadeye \u00e7a\u011fr\u0131ld\u0131"},"content":{"rendered":"<p><b>ABD Temsilciler Meclisi 6 Ocak Soru\u015fturma Komitesi, eski Ba\u015fkan Donald Trump hakk\u0131nda, Kongre bask\u0131n\u0131 konusunda ifade vermek \u00fczere celp karar\u0131 \u00e7\u0131kard\u0131.<\/b><\/p>\n<p>Soru\u015fturma Komitesinden yap\u0131lan yaz\u0131l\u0131 a\u00e7\u0131klamada, Trump\u2019\u0131n, 2020 ba\u015fkanl\u0131k se\u00e7im sonu\u00e7lar\u0131n\u0131 ge\u00e7ersiz k\u0131lmak i\u00e7in 6 Ocak 2021\u2019de ger\u00e7ekle\u015fen Kongre bask\u0131n\u0131n\u0131n \u201ctemel sebebi\u201d oldu\u011fu gerek\u00e7esiyle mahkeme celbiyle ifadeye \u00e7a\u011fr\u0131ld\u0131\u011f\u0131 belirtildi.<\/p>\n<p>Dokuz \u00fcyeli Tomite, Trump\u2019\u0131n avukatlar\u0131na, 14 Kas\u0131m\u2019a kadar eski ba\u015fkan\u0131n yeminli ifadesiyle birlikte, kendisiyle Kongre \u00fcyeleri ve a\u015f\u0131r\u0131l\u0131k yanl\u0131s\u0131 gruplar aras\u0131ndaki ki\u015fisel ileti\u015fimler de dahil olmak \u00fczere bir dizi ilgili belge talebinde bulundu.<\/p>\n<p>Komite Ba\u015fkan\u0131 Bennie Thompson ve Ba\u015fkan Yard\u0131mc\u0131s\u0131 Liz Cheney imzal\u0131 mektupta, \u201cEski bir Ba\u015fkan i\u00e7in mahkeme celbinin \u00f6nemli ve tarihi bir eylem oldu\u011funun fark\u0131nday\u0131z. Bu eylemi hafife alm\u0131yoruz.\u201d ifadesi yer ald\u0131.<\/p>\n<p><strong>KOM\u0130TE, TRUMP\u2019I \u0130FADEYE \u00c7A\u011eIRMI\u015eTI<\/strong><\/p>\n<p>6 Ocak 2021 Kongre bask\u0131n\u0131 olaylar\u0131n\u0131 ara\u015ft\u0131rmak i\u00e7in Temsilciler Meclisinde kurulan 6 Ocak Soru\u015fturma Komitesi, 13 Ekim oturumunda eski ABD Ba\u015fkan\u0131 Donald Trump\u2019\u0131 ifadeye \u00e7a\u011f\u0131rm\u0131\u015ft\u0131.<\/p>\n<p>Oturumdaki oylamada, 9 Komite \u00fcyesinin tamam\u0131, Trump\u2019\u0131n ifadeye \u00e7a\u011fr\u0131lmas\u0131na y\u00f6nelik teklife \u201cevet\u201d oyu vermi\u015f, Komite Ba\u015fkan\u0131 Bennie Thompson, oylaman\u0131n ard\u0131ndan yapt\u0131\u011f\u0131 a\u00e7\u0131klamada, \u201cTrump, 6 Ocak\u2019ta olan hikayenin merkezindeki insand\u0131. Bu nedenle de ondan dinlemek istiyoruz.\u201d demi\u015fti.<\/p>\n<p>Trump\u2019\u0131n Temsilciler Meclisi \u00d6zel Komitesine ifadeye \u00e7a\u011fr\u0131lmas\u0131n\u0131n, eski ba\u015fkan i\u00e7in yeni bir hukuki sava\u015f anlam\u0131na gelebilece\u011fi, s\u00f6z konusu celbi engellemek i\u00e7in mahkemeye ba\u015fvuraca\u011f\u0131 de\u011ferlendirmesi yap\u0131l\u0131yor.<\/p>\n<p>Kongredeki komitelerin ifade \u00e7a\u011fr\u0131s\u0131na icabet etmemek yasal olarak su\u00e7 say\u0131l\u0131yor. (AA)<\/p>\n","protected":false},"excerpt":{"rendered":"<p>ABD Temsilciler Meclisi 6 Ocak Soru\u015fturma Komitesi, eski Ba\u015fkan Donald Trump hakk\u0131nda, Kongre bask\u0131n\u0131 konusunda ifade vermek \u00fczere celp karar\u0131 &#8230;<\/p>\n","protected":false},"author":1,"featured_media":42162,"comment_status":"closed","ping_status":"open","sticky":false,"template":"","format":"standard","meta":{"footnotes":""},"categories":[24],"tags":[443,265,5957,3434,2471],"class_list":["post-42161","post","type-post","status-publish","format-standard","has-post-thumbnail","hentry","category-dunya","tag-baskan","tag-ifade","tag-komite","tag-kongre","tag-trump"],"_links":{"self":[{"href":"https:\/\/haberulus.net\/index.php?rest_route=\/wp\/v2\/posts\/42161","targetHints":{"allow":["GET"]}}],"collection":[{"href":"https:\/\/haberulus.net\/index.php?rest_route=\/wp\/v2\/posts"}],"about":[{"href":"https:\/\/haberulus.net\/index.php?rest_route=\/wp\/v2\/types\/post"}],"author":[{"embeddable":true,"href":"https:\/\/haberulus.net\/index.php?rest_route=\/wp\/v2\/users\/1"}],"replies":[{"embeddable":true,"href":"https:\/\/haberulus.net\/index.php?rest_route=%2Fwp%2Fv2%2Fcomments&post=42161"}],"version-history":[{"count":1,"href":"https:\/\/haberulus.net\/index.php?rest_route=\/wp\/v2\/posts\/42161\/revisions"}],"predecessor-version":[{"id":42163,"href":"https:\/\/haberulus.net\/index.php?rest_route=\/wp\/v2\/posts\/42161\/revisions\/42163"}],"wp:featuredmedia":[{"embeddable":true,"href":"https:\/\/haberulus.net\/index.php?rest_route=\/wp\/v2\/media\/42162"}],"wp:attachment":[{"href":"https:\/\/haberulus.net\/index.php?rest_route=%2Fwp%2Fv2%2Fmedia&parent=42161"}],"wp:term":[{"taxonomy":"category","embeddable":true,"href":"https:\/\/haberulus.net\/index.php?rest_route=%2Fwp%2Fv2%2Fcategories&post=42161"},{"taxonomy":"post_tag","embeddable":true,"href":"https:\/\/haberulus.net\/index.php?rest_route=%2Fwp%2Fv2%2Ftags&post=42161"}],"curies":[{"name":"wp","href":"https:\/\/api.w.org\/{rel}","templated":true}]}}