{"id":42591,"date":"2022-10-22T16:21:04","date_gmt":"2022-10-22T16:21:04","guid":{"rendered":"https:\/\/haberulus.net\/?p=42591"},"modified":"2022-10-22T16:21:04","modified_gmt":"2022-10-22T16:21:04","slug":"ibrahim-tatlisesin-ates-puskurdugu-esref-fakibabayla-ilgili-gecmis-paylasimi-ortaya-cikti","status":"publish","type":"post","link":"https:\/\/haberulus.net\/?p=42591","title":{"rendered":"\u0130brahim Tatl\u0131ses&#8217;in ate\u015f p\u00fcsk\u00fcrd\u00fc\u011f\u00fc E\u015fref Fak\u0131baba&#8217;yla ilgili ge\u00e7mi\u015f payla\u015f\u0131m\u0131 ortaya \u00e7\u0131kt\u0131"},"content":{"rendered":"<p> <strong>Ak Parti<\/strong> \u015eanl\u0131urfa Milletvekili Ahmet E\u015fref Fak\u0131baba&#8217;n\u0131n milletvekilli\u011finden ve partisinden istifa ederek \u0130Y\u0130 Parti kat\u0131laca\u011f\u0131n\u0131 a\u00e7\u0131klamas\u0131n\u0131n ard\u0131ndan \u00fcnl\u00fc \u015fark\u0131c\u0131 \u0130brahim Tatl\u0131ses, &#8220;D\u0131\u015f\u0131 kalayl\u0131 i\u00e7i vayvayl\u0131 teneke Fako&#8217;nun ger\u00e7ek y\u00fcz\u00fcn\u00fc \u00f6zellikle Urfa ve T\u00fcrkiye kamuoyuna anlataca\u011f\u0131m yar\u0131n bizi takip edin&#8221; ifadelerini kullanm\u0131\u015ft\u0131. <\/p>\n<p><b>GE\u00c7M\u0130\u015e PAYLA\u015eIMINI S\u0130LMEY\u0130 UNUTTU<\/b><\/p>\n<p>Bu payla\u015f\u0131m sonras\u0131 Tatl\u0131ses&#8217;in 2017 y\u0131l\u0131nda G\u0131da, Tar\u0131m ve Hayvanc\u0131l\u0131k Bakan\u0131 olarak atanan Ahmet E\u015fref Fak\u0131baba&#8217;y\u0131 tebrik etti\u011fi payla\u015f\u0131m g\u00fcndem oldu.S\u00f6z konusu payla\u015f\u0131m\u0131nda Tatl\u0131ses&#8217;in &#8220;Sevgili hem\u015fehrim Ahmet E\u015fref Fak\u0131baba&#8217;y\u0131 bakanl\u0131\u011f\u0131ndan dolay\u0131 tebrik ediyorum. Say\u0131n Bakan\u0131m \u00e7ok mutlu oldum, ba\u015far\u0131lar diliyorum&#8221; ifadelerini kulland\u0131\u011f\u0131 g\u00f6r\u00fcl\u00fcyor. <\/p>\n<p><b>NE OLMU\u015eTU?<\/b><\/p>\n<p>Manidar bir payla\u015f\u0131mla istifas\u0131n\u0131 duyuran Fak\u0131baba, a\u00e7\u0131klamas\u0131nda \u015fu sat\u0131rlara yer vermi\u015fti: &#8220;2003&#8217;te \u00fcyesi oldu\u011fum  <strong>Ak Parti<\/strong>&#8216;de de\u011fi\u015fik makamlarda g\u00f6rev yapma f\u0131rsat\u0131 buldum. Bu f\u0131rsat\u0131 bana veren b\u00fct\u00fcn b\u00fcy\u00fcklerime ve \u015eanl\u0131urfa halk\u0131na y\u00fcrekten te\u015fekk\u00fcr ediyorum. Bu 20 y\u0131l i\u00e7erisinde \u00e7ok de\u011ferli arkada\u015flar\u0131m oldu. Onlardan ayr\u0131ld\u0131\u011f\u0131m i\u00e7in \u00fczg\u00fcn\u00fcm. Ancak siyasi ve ahlaki anlay\u0131\u015f\u0131ma uygun olmayan baz\u0131 ki\u015filerle bundan b\u00f6yle beraber olmayaca\u011f\u0131m i\u00e7in de mutluyum. AK Parti \u00fcyeli\u011finden ve AK Parti i\u00e7in ana oy veren hem\u015ferilerime sayg\u0131s\u0131zl\u0131k olmas\u0131n diye milletvekilli\u011finden de istifa ediyorum. \u0130n\u015fallah ald\u0131\u011f\u0131m bu karar \u00fclkem i\u00e7in hay\u0131rlara vesile olur.&#8221;<\/p>\n<p><b>AK\u015eENER&#8217;LE YOL Y\u00dcR\u00dcYECEK<\/b><\/p>\n<p>\u00d6te yandan, AK Parti&#8217;den ve milletvekilli\u011finden istifa karar\u0131 alan Fak\u0131baba, Meral Ak\u015fener \u00f6nderli\u011findeki \u0130Y\u0130 Parti&#8217;ye kat\u0131lma karar\u0131 ald\u0131. Fak\u0131baba, konuyla ilgili de\u011ferlendirmesinde &#8220;Ba\u011f\u0131ms\u0131z bir insan\u0131m. Vekillikten de istifam\u0131 g\u00f6nderdim. Etik olarak da Fak\u0131baba&#8217;ya yak\u0131\u015fan bir olay. Ben ne AK Partiliyim ne de vekilim. \u00d6zg\u00fcr vatanda\u015f olarak parti se\u00e7mem hakk\u0131m vard\u0131r. S\u0131f\u0131rdan ba\u015fl\u0131yorum \u0130Y\u0130 Parti&#8217;ye ge\u00e7iyorum. Milletvekilli\u011fini b\u0131rakmakla AK Parti se\u00e7menine sayg\u0131s\u0131zl\u0131k yapmad\u0131m. Meral Han\u0131m&#8217;la iki kez g\u00f6r\u00fc\u015ft\u00fcm ve ikna oldum&#8221; dedi.<\/p>\n","protected":false},"excerpt":{"rendered":"<p>Ak Parti \u015eanl\u0131urfa Milletvekili Ahmet E\u015fref Fak\u0131baba&#8217;n\u0131n milletvekilli\u011finden ve partisinden istifa ederek \u0130Y\u0130 Parti kat\u0131laca\u011f\u0131n\u0131 a\u00e7\u0131klamas\u0131n\u0131n &#8230;<\/p>\n","protected":false},"author":1,"featured_media":42592,"comment_status":"closed","ping_status":"open","sticky":false,"template":"","format":"standard","meta":{"footnotes":""},"categories":[28],"tags":[1534,583,442,403],"class_list":["post-42591","post","type-post","status-publish","format-standard","has-post-thumbnail","hentry","category-politika","tag-ak-parti","tag-istifa","tag-parti","tag-paylasim"],"_links":{"self":[{"href":"https:\/\/haberulus.net\/index.php?rest_route=\/wp\/v2\/posts\/42591","targetHints":{"allow":["GET"]}}],"collection":[{"href":"https:\/\/haberulus.net\/index.php?rest_route=\/wp\/v2\/posts"}],"about":[{"href":"https:\/\/haberulus.net\/index.php?rest_route=\/wp\/v2\/types\/post"}],"author":[{"embeddable":true,"href":"https:\/\/haberulus.net\/index.php?rest_route=\/wp\/v2\/users\/1"}],"replies":[{"embeddable":true,"href":"https:\/\/haberulus.net\/index.php?rest_route=%2Fwp%2Fv2%2Fcomments&post=42591"}],"version-history":[{"count":1,"href":"https:\/\/haberulus.net\/index.php?rest_route=\/wp\/v2\/posts\/42591\/revisions"}],"predecessor-version":[{"id":42593,"href":"https:\/\/haberulus.net\/index.php?rest_route=\/wp\/v2\/posts\/42591\/revisions\/42593"}],"wp:featuredmedia":[{"embeddable":true,"href":"https:\/\/haberulus.net\/index.php?rest_route=\/wp\/v2\/media\/42592"}],"wp:attachment":[{"href":"https:\/\/haberulus.net\/index.php?rest_route=%2Fwp%2Fv2%2Fmedia&parent=42591"}],"wp:term":[{"taxonomy":"category","embeddable":true,"href":"https:\/\/haberulus.net\/index.php?rest_route=%2Fwp%2Fv2%2Fcategories&post=42591"},{"taxonomy":"post_tag","embeddable":true,"href":"https:\/\/haberulus.net\/index.php?rest_route=%2Fwp%2Fv2%2Ftags&post=42591"}],"curies":[{"name":"wp","href":"https:\/\/api.w.org\/{rel}","templated":true}]}}