{"id":42678,"date":"2022-10-22T20:51:03","date_gmt":"2022-10-22T20:51:03","guid":{"rendered":"https:\/\/haberulus.net\/?p=42678"},"modified":"2022-10-22T20:51:03","modified_gmt":"2022-10-22T20:51:03","slug":"zelenski-rusya-ile-muzakerelerin-yeniden-baslamasi-icin-putine-tek-bir-sart-sundu","status":"publish","type":"post","link":"https:\/\/haberulus.net\/?p=42678","title":{"rendered":"Zelenski, Rusya ile m\u00fczakerelerin yeniden ba\u015flamas\u0131 i\u00e7in Putin&#8217;e tek bir \u015fart sundu"},"content":{"rendered":"<p> <strong>Rusya<\/strong>&#8216;n\u0131n 24 \u015eubat 2022&#8217;de girdi\u011fi  <strong>Ukrayna<\/strong>&#8216;da iki \u00fclke aras\u0131ndaki sava\u015f aylard\u0131r devam ediyor. Son olarak  <strong>\u0130ran<\/strong>&#8216;\u0131n Ukrayna sava\u015f\u0131nda kullan\u0131lmak \u00fczere  <strong>Rusya<\/strong>&#8216;ya S\u0130HA g\u00f6nderdi\u011fi iddialar\u0131 uluslararas\u0131 alanda geni\u015f yer bulmu\u015ftu.<\/p>\n<p><b>&#8220;\u0130RAN Y\u00d6NET\u0130M\u0130NE G\u00dcVENM\u0130YORUM&#8221;<\/b><\/p>\n<p>Ukrayna Devlet Ba\u015fkan\u0131 Vladimir Zelenskiy, Kanada bas\u0131n\u0131yla yapt\u0131\u011f\u0131 r\u00f6portajda g\u00fcndeme dair konular\u0131 yan\u0131tlad\u0131. Son d\u00f6nemlerde  <strong>Rusya<\/strong>&#8216;n\u0131n,  <strong>\u0130ran<\/strong>&#8216;dan ald\u0131\u011f\u0131 kamikaze tipi insans\u0131z hava ara\u00e7lar\u0131yla Ukrayna kentlerine sald\u0131r\u0131lar d\u00fczenledi\u011fini s\u00f6yleyen Zelenskiy, bu destekler nedeniyle \u0130ran y\u00f6netimine g\u00fcvenmedi\u011fini s\u00f6yleyerek, &#8220;\u00d6ncelikle kendimizi yalanlara kar\u015f\u0131 korumam\u0131z gerekir. Ki\u015fisel olarak \u0130ran liderli\u011fine g\u00fcvenmiyorum. Yani \u0130ran halk\u0131ndan bahsetmiyorum. \u0130ran liderli\u011finin kendisinden bahsediyorum&#8221; ifadelerini kulland\u0131.<\/p>\n<p><b>RUSYA \u0130LE M\u00dcZAKARE \u0130\u00c7\u0130N B\u0130R \u015eART SUNDU<\/b><\/p>\n<p>R\u00f6portaj\u0131nda Rusya ile m\u00fczakerelerin tekrar ba\u015flay\u0131p ba\u015flamama ihtimaliyle ilgili soruya da yan\u0131t veren Zelenskiy, &#8220;Referandum (Ukrayna&#8217;n\u0131n do\u011fusundaki) &#8216;hikaye&#8217; haline geldi. M\u00fczakere etmek istiyorlarsa topraklar\u0131m\u0131z\u0131 geri verebilirler. Bizim topraklar\u0131m\u0131zdan \u00e7ekilmeliler ve 1991&#8217;de uluslararas\u0131 kabul g\u00f6rm\u00fc\u015f s\u0131n\u0131rlara geri d\u00f6n\u00fclmeli. Sonras\u0131nda hangi formatta kiminle m\u00fczakere etmek istedi\u011fimizi s\u00f6yleyece\u011fiz&#8221; dedi.<\/p>\n<p><b>&#8220;ONLAR TER\u00d6R\u0130ST, \u015eAKA YAPMIYORUM&#8221;<\/b><\/p>\n<p>S\u00f6zlerini s\u00fcrd\u00fcren Zelenski, &#8220;Bug\u00fcn Rusya&#8217;n\u0131n temel hedefi, enerji sistemimizi vurmalar\u0131, ama\u00e7lar\u0131 insanlar\u0131 elektriksiz b\u0131rakmak. Onlar ter\u00f6rist. \u015eaka yapm\u0131yorum ve onlar\u0131n nas\u0131l g\u00f6r\u00fcnd\u00fc\u011f\u00fcn\u00fc anlatmak istiyorum. Korkak olduklar\u0131 i\u00e7in sava\u015f alan\u0131nda hi\u00e7bir \u015fey yapam\u0131yorlar ve sivilleri vuruyorlar&#8221; \u015feklinde konu\u015ftu.<\/p>\n<p><b>2020&#8217;DE \u0130RAN&#8217;DA YOLCU U\u00c7A\u011eININ D\u00dc\u015e\u00dcR\u00dcLD\u00dc\u011e\u00dcN\u00dc HATIRLATTI<\/b><\/p>\n<p>Zelenskiy ayn\u0131 zamanda 2020 y\u0131l\u0131nda Ukrayna&#8217;ya ait bir yolcu u\u00e7a\u011f\u0131n\u0131n \u0130ran&#8217;da d\u00fc\u015f\u00fcr\u00fcld\u00fc\u011f\u00fcn\u00fc, bu olaydan sonra \u0130ran rejiminin \u00f6nce bunu reddetti\u011fini sonra kabul etti\u011fini de hat\u0131rlatt\u0131.<\/p>\n<div>Kaynak: \u0130hlas Haber Ajans\u0131 \/  Politika <\/div>\n","protected":false},"excerpt":{"rendered":"<p>Rusya&#8217;n\u0131n 24 \u015eubat 2022&#8217;de girdi\u011fi Ukrayna&#8217;da iki \u00fclke aras\u0131ndaki sava\u015f aylard\u0131r devam ediyor. Son olarak \u0130ran&#8217;\u0131n Ukrayna sava\u015f\u0131nda &#8230;<\/p>\n","protected":false},"author":1,"featured_media":42679,"comment_status":"closed","ping_status":"open","sticky":false,"template":"","format":"standard","meta":{"footnotes":""},"categories":[28],"tags":[46,42,38],"class_list":["post-42678","post","type-post","status-publish","format-standard","has-post-thumbnail","hentry","category-politika","tag-iran","tag-rusya","tag-ukrayna"],"_links":{"self":[{"href":"https:\/\/haberulus.net\/index.php?rest_route=\/wp\/v2\/posts\/42678","targetHints":{"allow":["GET"]}}],"collection":[{"href":"https:\/\/haberulus.net\/index.php?rest_route=\/wp\/v2\/posts"}],"about":[{"href":"https:\/\/haberulus.net\/index.php?rest_route=\/wp\/v2\/types\/post"}],"author":[{"embeddable":true,"href":"https:\/\/haberulus.net\/index.php?rest_route=\/wp\/v2\/users\/1"}],"replies":[{"embeddable":true,"href":"https:\/\/haberulus.net\/index.php?rest_route=%2Fwp%2Fv2%2Fcomments&post=42678"}],"version-history":[{"count":1,"href":"https:\/\/haberulus.net\/index.php?rest_route=\/wp\/v2\/posts\/42678\/revisions"}],"predecessor-version":[{"id":42680,"href":"https:\/\/haberulus.net\/index.php?rest_route=\/wp\/v2\/posts\/42678\/revisions\/42680"}],"wp:featuredmedia":[{"embeddable":true,"href":"https:\/\/haberulus.net\/index.php?rest_route=\/wp\/v2\/media\/42679"}],"wp:attachment":[{"href":"https:\/\/haberulus.net\/index.php?rest_route=%2Fwp%2Fv2%2Fmedia&parent=42678"}],"wp:term":[{"taxonomy":"category","embeddable":true,"href":"https:\/\/haberulus.net\/index.php?rest_route=%2Fwp%2Fv2%2Fcategories&post=42678"},{"taxonomy":"post_tag","embeddable":true,"href":"https:\/\/haberulus.net\/index.php?rest_route=%2Fwp%2Fv2%2Ftags&post=42678"}],"curies":[{"name":"wp","href":"https:\/\/api.w.org\/{rel}","templated":true}]}}