{"id":43087,"date":"2022-10-23T17:21:04","date_gmt":"2022-10-23T17:21:04","guid":{"rendered":"https:\/\/haberulus.net\/?p=43087"},"modified":"2022-10-23T17:21:04","modified_gmt":"2022-10-23T17:21:04","slug":"adalet-bakani-diyarbakir-cezaevi-kapisina-kilit-vurup-anahtari-kultur-bakanina-verdi","status":"publish","type":"post","link":"https:\/\/haberulus.net\/?p=43087","title":{"rendered":"Adalet Bakan\u0131, Diyarbak\u0131r Cezaevi kap\u0131s\u0131na kilit vurup anahtar\u0131 K\u00fclt\u00fcr Bakan\u0131\u2019na verdi"},"content":{"rendered":"<p><b>Cumhurba\u015fkan\u0131 Recep Tayyip Erdo\u011fan\u2019\u0131n Diyarbak\u0131r mitinginde Diyarbak\u0131r E Tipi Kapal\u0131 Cezaevi&#8217;nin m\u00fcze ve k\u00fclt\u00fcr merkezine d\u00f6n\u00fc\u015ft\u00fcr\u00fclece\u011fini a\u00e7\u0131klamas\u0131ndan sonra cezaevi kaps\u0131na sembolik olarak kilit vuran Adalet Bakan\u0131 Bekir Bozda\u011f, anahtar\u0131 K\u00fclt\u00fcr ve Turizm Bakan\u0131 Mehmet Nuri Ersoy\u2019a verdi. <\/b><\/p>\n<p>\u0130stasyon meydan\u0131ndaki mitingin ard\u0131ndan E Tipi Kapal\u0131 Cezaevine ge\u00e7en Adalet Bakan\u0131 Bekir Bozda\u011f, Diyarbak\u0131r Cumhuriyet Ba\u015fsavc\u0131s\u0131 Mustafa \u00c7elenk ile birlikte cezaevinin ko\u011fu\u015f ve havaland\u0131rmalar\u0131nda incelemelerde bulundu.<\/p>\n<p><img decoding=\"async\" src=\"https:\/\/cdn.sozcuhaberajansi.com\/image\/d5f9bd8b-1925-4587-9226-f74fd8fc5392.jpg\" alt=\"\" title=\"\"><\/p>\n<p>Cezaevinin i\u00e7ini gezdikten sonra ana giri\u015f kap\u0131s\u0131na b\u00fcy\u00fck bir asma kilit vuran Bekir Bozda\u011f, anahtar\u0131 da K\u00fclt\u00fcr ve Turizm Bakan\u0131 Mehmet Nuri Ersoy&#8217;a teslim etti.<\/p>\n<p><img decoding=\"async\" src=\"https:\/\/cdn.sozcuhaberajansi.com\/image\/7da61564-2d10-4191-9d2d-6919ffd7ad4b.jpg\" alt=\"\" title=\"\"><\/p>\n<p>Bozda\u011f, cezaevinde ya\u015fanan olaylar\u0131n T\u00fcrk demokrasi tarihine kara bir leke olarak ge\u00e7ti\u011fini, bir d\u00f6nemin k\u00f6t\u00fc hat\u0131ralar\u0131 ve hak ihlalleriyle g\u00fcndemden d\u00fc\u015fmeyen bir mekan\u0131 kapatt\u0131klar\u0131n\u0131 s\u00f6yledi.<\/p>\n<p><img decoding=\"async\" src=\"https:\/\/cdn.sozcuhaberajansi.com\/image\/0c64a72e-74d9-42d4-abd4-7e092310d313.jpg\" alt=\"\" title=\"\"><\/p>\n<p><strong>\u201c\u0130Y\u0130L\u0130K MERKEZ\u0130 OLARAK H\u0130ZMET VERECEK\u201d<\/strong><\/p>\n<p>Bundan b\u00f6yle ge\u00e7mi\u015ften ders alarak gelece\u011fe daha iyi haz\u0131rlanan bir T\u00fcrkiye i\u00e7in cezaevinin, bilim, k\u00fclt\u00fcr, ibret ve iyilik merkezi olarak hizmet verece\u011fini belirten Bakan Bozda\u011f, \u015funlar\u0131 s\u00f6yledi;<\/p>\n<p>*Diyarbak\u0131r Cezaevi\u2019nin de kapat\u0131lmas\u0131yla T\u00fcrkiye&#8217;de k\u00f6t\u00fc muamele ve i\u015fkence olaylarla an\u0131lan cezaevi kalmad\u0131. T\u00fcrkiye\u2019de ge\u00e7mi\u015fte k\u00f6t\u00fc hat\u0131ralar\u0131n ve hak ihlallerinin merkezi olmu\u015f yerlerden birinin daha kap\u0131s\u0131na kilit vurmakla \u015feref ve onur duyuyoruz.<\/p>\n<p>*\u00dclkemizin se\u00e7ilmi\u015f ba\u015fbakan\u0131 ve bakanlar\u0131n\u0131n idam\u0131na giden s\u00fcre\u00e7lerin ve onlar\u0131n cezaevi d\u00f6nemlerinin ya\u015fand\u0131\u011f\u0131 o b\u00fcy\u00fck cinayete ili\u015fkin hadiselerin bulundu\u011fu alan\u0131 da Demokrasi ve \u00d6zg\u00fcrl\u00fckler Adas\u0131 yapt\u0131k ve oran\u0131n da kap\u0131s\u0131na hem kilit vurduk, hem b\u00fcy\u00fck bir an\u0131 merkezi, hat\u0131ra merkezi ve demokrasi tarihimiz, \u00f6zg\u00fcrl\u00fckler bak\u0131m\u0131ndan da \u00f6nemli bir mekan haline getirdik.<\/p>\n<p>*Daha \u00f6nce yine Ulucanlar Cezaevi, Diyarbak\u0131r Cezaevimiz gibi k\u00f6t\u00fc hat\u0131ralar ve hak ihlalleri ile an\u0131lan bir yerdi. Oran\u0131n da kap\u0131s\u0131na kilit vurduk. \u0130\u015fkence ve k\u00f6t\u00fc muamele su\u00e7lar\u0131nda zaman a\u015f\u0131m\u0131 uygulanmayaca\u011f\u0131n\u0131 yasalar\u0131m\u0131za ge\u00e7irdik. Ge\u00e7mi\u015fte k\u00f6t\u00fc muamele ve hak ihlalleri ile an\u0131lan T\u00fcrkiye&#8217;de faal halde bulunan herhangi cezaevi de kalmayacakt\u0131r.<\/p>\n<p>*Cezaevinin kap\u0131s\u0131na kilit vuran bir Adalet Bakan\u0131 olman\u0131n \u015ferefi bana yeter. Bundan sonra daha g\u00fczel an\u0131lmas\u0131n\u0131 sa\u011flayacak de\u011ferli K\u00fclt\u00fcr Bakan\u0131m\u0131zd\u0131r. Ben anahtar\u0131 da kendisine emanet ettim.<\/p>\n<p><strong>\u201cG\u0130RMES\u0130 DE \u00c7IKMASI DA ZOR B\u0130R YERD\u0130\u201d<\/strong><\/p>\n<p>Anahtar\u0131 teslim alan K\u00fclt\u00fcr ve Turizm Bakan\u0131 Mehmet Nuri Ersoy ise, cezaevini k\u00fclt\u00fcr ve bilim yuvas\u0131 haline getiren bir bakanl\u0131k olmaktan \u015feref duydu\u011funu belirterek, \u201cGe\u00e7mi\u015fteki yanl\u0131\u015flar\u0131m\u0131zdan, hatalar\u0131m\u0131zdan ders \u00e7\u0131karmal\u0131y\u0131z. Eskiden girilmesi yasak olan, girilmesi \u00e7ok zor olan, girdikten sonra da \u00e7\u0131kmas\u0131 \u00e7ok zor olan bir yerdi. \u015eimdi girilmesi de \u00e7\u0131kmas\u0131 da kolay olan, halkla b\u00fct\u00fcnle\u015fen bir merkez haline gelecek. Cezaevini bilim ve k\u00fclt\u00fcr yuvas\u0131 haline getiren bir bakanl\u0131k olma \u015ferefini ya\u015fayaca\u011f\u0131z\u201d diye konu\u015ftu.<\/p>\n","protected":false},"excerpt":{"rendered":"<p>Cumhurba\u015fkan\u0131 Recep Tayyip Erdo\u011fan\u2019\u0131n Diyarbak\u0131r mitinginde Diyarbak\u0131r E Tipi Kapal\u0131 Cezaevi&#8217;nin m\u00fcze ve k\u00fclt\u00fcr merkezine d\u00f6n\u00fc\u015ft\u00fcr\u00fclece\u011fini &#8230;<\/p>\n","protected":false},"author":1,"featured_media":43088,"comment_status":"closed","ping_status":"open","sticky":false,"template":"","format":"standard","meta":{"footnotes":""},"categories":[26],"tags":[2052,5575,7409,2144,3893],"class_list":["post-43087","post","type-post","status-publish","format-standard","has-post-thumbnail","hentry","category-gundem","tag-ani","tag-cezaevi","tag-kilit","tag-kultur","tag-merkezi"],"_links":{"self":[{"href":"https:\/\/haberulus.net\/index.php?rest_route=\/wp\/v2\/posts\/43087","targetHints":{"allow":["GET"]}}],"collection":[{"href":"https:\/\/haberulus.net\/index.php?rest_route=\/wp\/v2\/posts"}],"about":[{"href":"https:\/\/haberulus.net\/index.php?rest_route=\/wp\/v2\/types\/post"}],"author":[{"embeddable":true,"href":"https:\/\/haberulus.net\/index.php?rest_route=\/wp\/v2\/users\/1"}],"replies":[{"embeddable":true,"href":"https:\/\/haberulus.net\/index.php?rest_route=%2Fwp%2Fv2%2Fcomments&post=43087"}],"version-history":[{"count":1,"href":"https:\/\/haberulus.net\/index.php?rest_route=\/wp\/v2\/posts\/43087\/revisions"}],"predecessor-version":[{"id":43089,"href":"https:\/\/haberulus.net\/index.php?rest_route=\/wp\/v2\/posts\/43087\/revisions\/43089"}],"wp:featuredmedia":[{"embeddable":true,"href":"https:\/\/haberulus.net\/index.php?rest_route=\/wp\/v2\/media\/43088"}],"wp:attachment":[{"href":"https:\/\/haberulus.net\/index.php?rest_route=%2Fwp%2Fv2%2Fmedia&parent=43087"}],"wp:term":[{"taxonomy":"category","embeddable":true,"href":"https:\/\/haberulus.net\/index.php?rest_route=%2Fwp%2Fv2%2Fcategories&post=43087"},{"taxonomy":"post_tag","embeddable":true,"href":"https:\/\/haberulus.net\/index.php?rest_route=%2Fwp%2Fv2%2Ftags&post=43087"}],"curies":[{"name":"wp","href":"https:\/\/api.w.org\/{rel}","templated":true}]}}