{"id":43147,"date":"2022-10-23T20:21:06","date_gmt":"2022-10-23T20:21:06","guid":{"rendered":"https:\/\/haberulus.net\/?p=43147"},"modified":"2022-10-23T20:21:06","modified_gmt":"2022-10-23T20:21:06","slug":"real-madrid-sevillayi-uc-golle-gecti","status":"publish","type":"post","link":"https:\/\/haberulus.net\/?p=43147","title":{"rendered":"Real Madrid Sevilla\u2019y\u0131 \u00fc\u00e7 golle ge\u00e7ti"},"content":{"rendered":"<p><b>\u0130spanya&#8217;da liderlik koltu\u011funda oturan Real Madrid sahas\u0131nda konuk etti\u011fi Sevilla&#8217;y\u0131 ma\u011flup etti.<\/b><\/p>\n<p>\u0130spanya 1. Futbol Ligi\u2019nin (La Liga) 11. haftas\u0131nda lider Real Madrid sahas\u0131nda oynad\u0131\u011f\u0131 ma\u00e7ta Sevilla\u2019y\u0131 3-1 ma\u011flup etti.<\/p>\n<p>Kar\u015f\u0131la\u015fmaya h\u0131zl\u0131 ba\u015flayan Real Madrid 5. dakikada Luka Modri\u00e7\u2019in gol\u00fcyle 1-0 \u00f6ne ge\u00e7ti. \u0130lk yar\u0131 bu skorla sona erdi. \u0130kinci yar\u0131 ba\u015flar\u0131nda beraberlik i\u00e7in rakip kaleye daha \u00e7ok giden Sevilla, 54. dakikada Arjantinli futbolcusu Erik Manuel Lamela ile gol\u00fc buldu.<\/p>\n<p>Teknik direkt\u00f6r Carlo Ancelotti\u2019nin yapt\u0131\u011f\u0131 oyuncu de\u011fi\u015fiklikleriyle (Carvajal, Mendy, Modri\u00e7 yerine Lucas, R\u00fcdiger ve Asensio) toparlanan Real Madrid, Lucas Vazquez (Dk. 79) ve son haftalar\u0131n formda futbolcusu Federico Valverde (Dk. 81) ile art arda buldu\u011fu gollerle kar\u015f\u0131lamadan 3-1 galip ayr\u0131ld\u0131. Eflatun beyazl\u0131larda Vinicius, iki gol\u00fcn asistini verdi.<\/p>\n<p>Real Madrid\u2019in forvetteki en \u00f6nemli ismi Frans\u0131z futbolcu Karim Benzema kas sakatl\u0131\u011f\u0131ndan dolay\u0131 bu kar\u015f\u0131la\u015fmada forma giymedi.<\/p>\n<p>Puan\u0131n\u0131 31\u2019e \u00e7\u0131karan ve nama\u011flup unvan\u0131n\u0131 koruyan Real Madrid ligde liderli\u011fini s\u00fcrd\u00fcrd\u00fc. Sevilla ise 10 puanla 14. s\u0131rada kald\u0131.<\/p>\n<p>Ligde 25 puanla 2. s\u0131rada bulunan Barcelona pazar ak\u015fam\u0131 sahas\u0131nda Athletic Bilbao\u2019ya kar\u015f\u0131 oynayacak.<\/p>\n<p>(AA)<\/p>\n","protected":false},"excerpt":{"rendered":"<p>\u0130spanya&#8217;da liderlik koltu\u011funda oturan Real Madrid sahas\u0131nda konuk etti\u011fi Sevilla&#8217;y\u0131 ma\u011flup etti. \u0130spanya 1. Futbol Ligi\u2019nin (La Liga) 11 &#8230;<\/p>\n","protected":false},"author":1,"featured_media":43148,"comment_status":"closed","ping_status":"open","sticky":false,"template":"","format":"standard","meta":{"footnotes":""},"categories":[31],"tags":[3582],"class_list":["post-43147","post","type-post","status-publish","format-standard","has-post-thumbnail","hentry","category-spor","tag-real-madrid"],"_links":{"self":[{"href":"https:\/\/haberulus.net\/index.php?rest_route=\/wp\/v2\/posts\/43147","targetHints":{"allow":["GET"]}}],"collection":[{"href":"https:\/\/haberulus.net\/index.php?rest_route=\/wp\/v2\/posts"}],"about":[{"href":"https:\/\/haberulus.net\/index.php?rest_route=\/wp\/v2\/types\/post"}],"author":[{"embeddable":true,"href":"https:\/\/haberulus.net\/index.php?rest_route=\/wp\/v2\/users\/1"}],"replies":[{"embeddable":true,"href":"https:\/\/haberulus.net\/index.php?rest_route=%2Fwp%2Fv2%2Fcomments&post=43147"}],"version-history":[{"count":1,"href":"https:\/\/haberulus.net\/index.php?rest_route=\/wp\/v2\/posts\/43147\/revisions"}],"predecessor-version":[{"id":43149,"href":"https:\/\/haberulus.net\/index.php?rest_route=\/wp\/v2\/posts\/43147\/revisions\/43149"}],"wp:featuredmedia":[{"embeddable":true,"href":"https:\/\/haberulus.net\/index.php?rest_route=\/wp\/v2\/media\/43148"}],"wp:attachment":[{"href":"https:\/\/haberulus.net\/index.php?rest_route=%2Fwp%2Fv2%2Fmedia&parent=43147"}],"wp:term":[{"taxonomy":"category","embeddable":true,"href":"https:\/\/haberulus.net\/index.php?rest_route=%2Fwp%2Fv2%2Fcategories&post=43147"},{"taxonomy":"post_tag","embeddable":true,"href":"https:\/\/haberulus.net\/index.php?rest_route=%2Fwp%2Fv2%2Ftags&post=43147"}],"curies":[{"name":"wp","href":"https:\/\/api.w.org\/{rel}","templated":true}]}}