{"id":43591,"date":"2022-10-24T12:51:12","date_gmt":"2022-10-24T12:51:12","guid":{"rendered":"https:\/\/haberulus.net\/?p=43591"},"modified":"2022-10-24T12:51:12","modified_gmt":"2022-10-24T12:51:12","slug":"lozanin-100-yili-sergisi-pembe-koskte-acildi","status":"publish","type":"post","link":"https:\/\/haberulus.net\/?p=43591","title":{"rendered":"Lozan\u2019\u0131n 100. Y\u0131l\u0131 Sergisi Pembe K\u00f6\u015fk\u2019te a\u00e7\u0131ld\u0131"},"content":{"rendered":"<p><b>Lozan Bar\u0131\u015f Antla\u015fmas\u0131&#8217;n\u0131n 100. Y\u0131l\u0131 Sergisi&#8217;nde Lozan Antla\u015fmas\u0131 metninin t\u0131pk\u0131 bas\u0131m\u0131, \u0130smet \u0130n\u00f6n\u00fc ve e\u015fi Mevhibe \u0130n\u00f6n\u00fc&#8217;n\u00fcn Lozan&#8217;dan ailelerine yazd\u0131klar\u0131 mektuplar, B\u00fcy\u00fck \u00d6nder Mustafa Kemal Atat\u00fcrk ile \u0130smet \u0130n\u00f6n\u00fc aras\u0131ndaki yaz\u0131\u015fmalar yer al\u0131yor<\/b><\/p>\n<div>\n<div>\u0130n\u00f6n\u00fc Vakf\u0131 taraf\u0131ndan \u201cLozan Bar\u0131\u015f Antla\u015fmas\u0131\u2019n\u0131n 100. Y\u0131l\u0131 Sergisi\u201d Pembe K\u00f6\u015fk\u2019te a\u00e7\u0131ld\u0131.<\/div>\n<\/div>\n<div>\n<div>\n<p>K\u00fcrat\u00f6rl\u00fc\u011f\u00fcn\u00fc Prof. Dr. Temu\u00e7in Ertan\u2019\u0131n yapt\u0131\u011f\u0131 sergide, Lozan Antla\u015fmas\u0131 metninin t\u0131pk\u0131 bas\u0131m\u0131, \u0130smet \u0130n\u00f6n\u00fc ve e\u015fi Mevhibe \u0130n\u00f6n\u00fc\u2019n\u00fcn Lozan\u2019dan ailelerine yazd\u0131klar\u0131 mektuplar, B\u00fcy\u00fck \u00d6nder Mustafa Kemal Atat\u00fcrk ile \u0130smet \u0130n\u00f6n\u00fc aras\u0131ndaki \u00f6nemli yaz\u0131\u015fmalar ile \u0130smet ve Mevhibe \u0130n\u00f6n\u00fc\u2019n\u00fcn Lozan ziyaretinde kulland\u0131klar\u0131 ki\u015fisel e\u015fyalara yer verildi.<\/p>\n<div>\n<div><img decoding=\"async\" src=\"https:\/\/i01.sozcucdn.com\/wp-content\/uploads\/2022\/10\/24\/aa-20221024-29236302-29236299-lozan_baris_antlasmasinin_100_yili_sergisi_pembe_koskte_acildi.jpg\" alt=\"\" title=\"\"><\/p>\n<p>.<\/p>\n<\/div>\n<\/div>\n<p>\u0130n\u00f6n\u00fc Vakf\u0131 Ba\u015fkan\u0131 \u00d6zden Toker, serginin a\u00e7\u0131l\u0131\u015f\u0131nda, Lozan Konferans\u0131\u2019n\u0131n 1922\u2019de ba\u015flad\u0131\u011f\u0131n\u0131 ve 1923\u2019te tamamland\u0131\u011f\u0131n\u0131 an\u0131msatarak, Konferans\u0131n ba\u015flang\u0131\u00e7 tarihini dikkate alarak Lozan Bar\u0131\u015f Antla\u015fmas\u0131\u2019n\u0131n 100. y\u0131l\u0131n\u0131 kutlamaya ba\u015flad\u0131klar\u0131n\u0131 s\u00f6yledi.<\/p>\n<p><img decoding=\"async\" src=\"https:\/\/i01.sozcucdn.com\/wp-content\/uploads\/2022\/10\/24\/aa-20221024-29236302-29236297-lozan_baris_antlasmasinin_100_yili_sergisi_pembe_koskte_acildi.jpg\" alt=\"\" title=\"\"><\/p>\n<div><strong>HER YIL SERG\u0130<\/strong><\/div>\n<p>Her y\u0131l 29 Ekim Cumhuriyet Bayram\u0131 vesilesiyle Pembe K\u00f6\u015fk\u2019te sergiler d\u00fczenlediklerini belirten Toker, Lozan Antla\u015fmas\u0131\u2019n\u0131n ba\u015flang\u0131c\u0131n\u0131n 100. y\u0131l\u0131 dolay\u0131s\u0131yla bu y\u0131l ki serginin temas\u0131n\u0131n Lozan Antla\u015fmas\u0131 oldu\u011funu kaydetti.<\/p>\n<div><img decoding=\"async\" src=\"https:\/\/i01.sozcucdn.com\/wp-content\/uploads\/2022\/10\/24\/aa-20221024-29236302-29236293-lozan_baris_antlasmasinin_100_yili_sergisi_pembe_koskte_acildi.jpg\" alt=\"\" title=\"\"><\/p>\n<p>.<\/p>\n<\/div>\n<p><strong>MEVH\u0130BE \u0130N\u00d6N\u00dc\u2019N\u00dcN BELGELER\u0130<\/strong><\/p>\n<p>Sergide, annesi Mevhibe \u0130n\u00f6n\u00fc\u2019n\u00fcn o d\u00f6neme ait titizlikle muhafaza etti\u011fi belge, foto\u011fraf ve e\u015fyalara yer verdiklerini vurgulayan Toker, \u015f\u00f6yle konu\u015ftu:<\/p>\n<p>\u201cBu sergide, babam\u0131n Lozan\u2019da ya\u015fad\u0131klar\u0131n\u0131 as\u0131l belgeleriyle payla\u015fmak istedik. Orada bulunanlar\u0131n kartvizitleri, davetlerde yedikleri yemeklerin men\u00fcleri ve di\u011fer belgeler de var. Annem, Konferans\u0131n ikinci a\u00e7\u0131l\u0131\u015f\u0131na gidiyor, \u0130zmir\u2019deki annesi ve kay\u0131nvalidesine mektuplar yaz\u0131yor. O zaman annem, 26 ya\u015f\u0131nda ilk defa yurt d\u0131\u015f\u0131na \u00e7\u0131kan gen\u00e7 bir k\u0131z, orada g\u00f6rd\u00fcklerini i\u00e7tenlikle anlat\u0131yor.\u201d<\/p>\n<div><img decoding=\"async\" src=\"https:\/\/i01.sozcucdn.com\/wp-content\/uploads\/2022\/10\/24\/aa-20221024-29236302-29236292-lozan_baris_antlasmasinin_100_yili_sergisi_pembe_koskte_acildi.jpg\" alt=\"\" title=\"\"><\/p>\n<p>.<\/p>\n<\/div>\n<\/div>\n<\/div>\n","protected":false},"excerpt":{"rendered":"<p>Lozan Bar\u0131\u015f Antla\u015fmas\u0131&#8217;n\u0131n 100. Y\u0131l\u0131 Sergisi&#8217;nde Lozan Antla\u015fmas\u0131 metninin t\u0131pk\u0131 bas\u0131m\u0131, \u0130smet \u0130n\u00f6n\u00fc ve e\u015fi Mevhibe \u0130n\u00f6n\u00fc&#8217;n\u00fcn Lozan&#8217;dan &#8230;<\/p>\n","protected":false},"author":1,"featured_media":43592,"comment_status":"closed","ping_status":"open","sticky":false,"template":"","format":"standard","meta":{"footnotes":""},"categories":[33],"tags":[3796,3798,8179,3592,622],"class_list":["post-43591","post","type-post","status-publish","format-standard","has-post-thumbnail","hentry","category-yasam","tag-antlasmasi","tag-inonu","tag-ismet","tag-lozan","tag-sergi"],"_links":{"self":[{"href":"https:\/\/haberulus.net\/index.php?rest_route=\/wp\/v2\/posts\/43591","targetHints":{"allow":["GET"]}}],"collection":[{"href":"https:\/\/haberulus.net\/index.php?rest_route=\/wp\/v2\/posts"}],"about":[{"href":"https:\/\/haberulus.net\/index.php?rest_route=\/wp\/v2\/types\/post"}],"author":[{"embeddable":true,"href":"https:\/\/haberulus.net\/index.php?rest_route=\/wp\/v2\/users\/1"}],"replies":[{"embeddable":true,"href":"https:\/\/haberulus.net\/index.php?rest_route=%2Fwp%2Fv2%2Fcomments&post=43591"}],"version-history":[{"count":1,"href":"https:\/\/haberulus.net\/index.php?rest_route=\/wp\/v2\/posts\/43591\/revisions"}],"predecessor-version":[{"id":43593,"href":"https:\/\/haberulus.net\/index.php?rest_route=\/wp\/v2\/posts\/43591\/revisions\/43593"}],"wp:featuredmedia":[{"embeddable":true,"href":"https:\/\/haberulus.net\/index.php?rest_route=\/wp\/v2\/media\/43592"}],"wp:attachment":[{"href":"https:\/\/haberulus.net\/index.php?rest_route=%2Fwp%2Fv2%2Fmedia&parent=43591"}],"wp:term":[{"taxonomy":"category","embeddable":true,"href":"https:\/\/haberulus.net\/index.php?rest_route=%2Fwp%2Fv2%2Fcategories&post=43591"},{"taxonomy":"post_tag","embeddable":true,"href":"https:\/\/haberulus.net\/index.php?rest_route=%2Fwp%2Fv2%2Ftags&post=43591"}],"curies":[{"name":"wp","href":"https:\/\/api.w.org\/{rel}","templated":true}]}}