{"id":44121,"date":"2022-10-25T09:51:04","date_gmt":"2022-10-25T09:51:04","guid":{"rendered":"https:\/\/haberulus.net\/?p=44121"},"modified":"2022-10-25T09:51:04","modified_gmt":"2022-10-25T09:51:04","slug":"bakan-koca-yarali-2-madencinin-durumu-kritik","status":"publish","type":"post","link":"https:\/\/haberulus.net\/?p=44121","title":{"rendered":"Bakan Koca: Yaral\u0131 2 madencinin durumu kritik"},"content":{"rendered":"<p><b>Sa\u011fl\u0131k Bakan\u0131 Fahrettin Koca, Amasra&#8217;daki faciada yaralanan ve \u0130stanbul&#8217;a sevk edilen 6 madencinin sa\u011fl\u0131k\u00a0 durumuyla ilgili a\u00e7\u0131klama yapt\u0131. Bakan Koca &#8220;Genel durumlar\u0131 daha iyi, k\u00f6t\u00fcye gidi\u015fleri yok ama 2 ki\u015finin kritik durumu devam ediyor&#8221; dedi.<\/b><\/p>\n<p>Sa\u011fl\u0131k Bakan\u0131 Koca, Cumhurba\u015fkan\u0131 Recep Tayyip Erdo\u011fan ba\u015fkanl\u0131\u011f\u0131ndaki kabine toplant\u0131s\u0131n\u0131n ard\u0131ndan gazetecilerin g\u00fcndeme ili\u015fkin sorular\u0131n\u0131 yan\u0131tlad\u0131.<\/p>\n<p>Koca, Bart\u0131n\u2019\u0131n Amasra il\u00e7esindeki maden kazas\u0131nda yaralanan ve \u0130stanbul\u2019da tedavi g\u00f6ren i\u015f\u00e7ilerin durumuna ili\u015fkin, \u201c\u015eu an 3 madencimiz ent\u00fcbe, yo\u011fun bak\u0131mda. Bug\u00fcn veya yar\u0131n muhtemelen bir yaral\u0131m\u0131z\u0131 daha solunum cihaz\u0131ndan ay\u0131rabiliriz. Di\u011fer 3 yaral\u0131dan biri zaten servise \u00e7\u0131kar\u0131lm\u0131\u015ft\u0131. Yar\u0131n muhtemelen 1 hastam\u0131z daha yo\u011fun bak\u0131mdan servise \u00e7\u0131kar\u0131labilir. Genel durumlar\u0131 daha iyi, k\u00f6t\u00fcye gidi\u015fleri yok; ama 2 ki\u015finin kritik durumu devam ediyor\u201d dedi.<\/p>\n<p><strong>\u2018SA\u011eLIK \u00c7ALI\u015eANLARININ MESLEKTEN MEN DURUMU DE\u011eERLEND\u0130R\u0130LD\u0130\u2019<\/strong><\/p>\n<p>Bakan Koca, \u0130stanbul Ata\u015fehir\u2019deki \u00f6zel bir hastanede ya\u015fl\u0131 kad\u0131na y\u00f6nelik k\u00f6t\u00fc muameleyle ilgili de \u201cBildi\u011finiz gibi hadisenin g\u00f6r\u00fcnt\u00fcleri ortaya \u00e7\u0131kar \u00e7\u0131kmaz tedbir ald\u0131k. M\u00fcfetti\u015flerimizi g\u00f6revlendirdik. Soru\u015fturma, disiplin kuruluna ge\u00e7en hafta geldi. \u0130lgili sa\u011fl\u0131k \u00e7al\u0131\u015fanlar\u0131n\u0131n meslekten men edilme durumlar\u0131 de\u011ferlendirildi. Karardan sonra hastanenin nas\u0131l yeniden hizmete a\u00e7\u0131laca\u011f\u0131 da netle\u015fmi\u015f olacak. Bizim a\u00e7\u0131m\u0131zdan her sa\u011fl\u0131k tesisinin en erken s\u00fcrede hizmete d\u00f6nmesi esast\u0131r. Soru\u015fturma tamamland\u0131\u011f\u0131nda hastanenin nas\u0131l hizmete girece\u011fi de belirlenmi\u015f olacak\u201d ifadelerini kulland\u0131.<\/p>\n<p><strong>\u2018SORUN HER GE\u00c7EN G\u00dcN AZALACAK\u2019<\/strong><\/p>\n<p>Bakan Koca, bir bas\u0131n mensubunun \u2018Hastane randevular\u0131na ili\u015fkin yeni bir d\u00fczenleme olacak m\u0131?\u2019 sorusuna da, \u201cHer g\u00fcn bu konuda iyile\u015ftirmeler yap\u0131yoruz. Tamamen istedi\u011fimiz noktada olmasa da sorun giderek azald\u0131. Biliyorsunuz, kamuya d\u00f6nen hekimlerimiz oldu, yakla\u015f\u0131k 6 bine yak\u0131n hekim d\u00f6nd\u00fc. San\u0131yorum onlar da \u00f6n\u00fcm\u00fczdeki 3-4 hafta i\u00e7inde g\u00f6reve ba\u015flam\u0131\u015f olurlar. Sorunun her ge\u00e7en g\u00fcn azalaca\u011f\u0131n\u0131 s\u00f6yleyebilirim. Bununla ilgili yeni birtak\u0131m tedbirleri de h\u0131zla al\u0131yoruz\u201d diye yan\u0131t verdi. (DHA)<\/p>\n","protected":false},"excerpt":{"rendered":"<p>Sa\u011fl\u0131k Bakan\u0131 Fahrettin Koca, Amasra&#8217;daki faciada yaralanan ve \u0130stanbul&#8217;a sevk edilen 6 madencinin sa\u011fl\u0131k\u00a0 durumuyla ilgili a\u00e7\u0131klama yapt\u0131. Bakan &#8230;<\/p>\n","protected":false},"author":1,"featured_media":44122,"comment_status":"closed","ping_status":"open","sticky":false,"template":"","format":"standard","meta":{"footnotes":""},"categories":[30],"tags":[366,1027,1331,177],"class_list":["post-44121","post","type-post","status-publish","format-standard","has-post-thumbnail","hentry","category-saglik","tag-bakan","tag-durumu","tag-koca","tag-saglik"],"_links":{"self":[{"href":"https:\/\/haberulus.net\/index.php?rest_route=\/wp\/v2\/posts\/44121","targetHints":{"allow":["GET"]}}],"collection":[{"href":"https:\/\/haberulus.net\/index.php?rest_route=\/wp\/v2\/posts"}],"about":[{"href":"https:\/\/haberulus.net\/index.php?rest_route=\/wp\/v2\/types\/post"}],"author":[{"embeddable":true,"href":"https:\/\/haberulus.net\/index.php?rest_route=\/wp\/v2\/users\/1"}],"replies":[{"embeddable":true,"href":"https:\/\/haberulus.net\/index.php?rest_route=%2Fwp%2Fv2%2Fcomments&post=44121"}],"version-history":[{"count":1,"href":"https:\/\/haberulus.net\/index.php?rest_route=\/wp\/v2\/posts\/44121\/revisions"}],"predecessor-version":[{"id":44123,"href":"https:\/\/haberulus.net\/index.php?rest_route=\/wp\/v2\/posts\/44121\/revisions\/44123"}],"wp:featuredmedia":[{"embeddable":true,"href":"https:\/\/haberulus.net\/index.php?rest_route=\/wp\/v2\/media\/44122"}],"wp:attachment":[{"href":"https:\/\/haberulus.net\/index.php?rest_route=%2Fwp%2Fv2%2Fmedia&parent=44121"}],"wp:term":[{"taxonomy":"category","embeddable":true,"href":"https:\/\/haberulus.net\/index.php?rest_route=%2Fwp%2Fv2%2Fcategories&post=44121"},{"taxonomy":"post_tag","embeddable":true,"href":"https:\/\/haberulus.net\/index.php?rest_route=%2Fwp%2Fv2%2Ftags&post=44121"}],"curies":[{"name":"wp","href":"https:\/\/api.w.org\/{rel}","templated":true}]}}