{"id":45513,"date":"2022-10-27T11:36:06","date_gmt":"2022-10-27T11:36:06","guid":{"rendered":"https:\/\/haberulus.net\/?p=45513"},"modified":"2022-10-27T11:36:06","modified_gmt":"2022-10-27T11:36:06","slug":"konyada-7-kisiyi-oldurmustu-cezasi-belli-oldu","status":"publish","type":"post","link":"https:\/\/haberulus.net\/?p=45513","title":{"rendered":"Konya\u2019da 7 ki\u015fiyi \u00f6ld\u00fcrm\u00fc\u015ft\u00fc, cezas\u0131 belli oldu"},"content":{"rendered":"<p><b>Konya&#8217;da\u00a0Dedeo\u011fullar\u0131 ailesinden\u00a07 ki\u015fiyi \u00f6ld\u00fcrd\u00fc\u011f\u00fc su\u00e7lamas\u0131yla\u00a0tutuklu yarg\u0131lanan Mehmet Altun (33), 6&#8217;nc\u0131\u00a0kez hakim kar\u015f\u0131s\u0131na \u00e7\u0131kar\u0131ld\u0131. Savc\u0131 m\u00fctalaas\u0131nda Altun hakk\u0131nda,\u00a0&#8216;Canavarca hisle tasarlayarak kasten \u00f6ld\u00fcrme&#8217;\u00a0su\u00e7undan 7 kez a\u011f\u0131rla\u015ft\u0131r\u0131lm\u0131\u015f m\u00fcebbet hapis cezas\u0131 talep etti. Savc\u0131 di\u011fer 9 san\u0131k hakk\u0131nda da\u00a0 &#8216;7 ki\u015fiyi\u00a0canavarca hisle tasarayarak kasten \u00f6ld\u00fcrmeye azmettirme&#8217;den 7 kez a\u011f\u0131rla\u015ft\u0131r\u0131lm\u0131\u015f m\u00fcebbet hapis cezas\u0131 istedi.\u00a0<\/b><\/p>\n<p>Olay, ge\u00e7en y\u0131l 30 Temmuz\u2019da, Meram il\u00e7esi\u00a0Hasank\u00f6y Mahallesi\u00a0\u00d6z\u015fahin Sokak\u2019ta meydana geldi. Ya\u015far Dedeo\u011fullar\u0131\u2019n\u0131n (65) evine, 2010\u2019dan beri husumetli oldu\u011fu yan kom\u015fusu L\u00fctfi Kele\u015f\u2019in kay\u0131nbiraderi Mehmet Altun geldi.<\/p>\n<p>Bah\u00e7ede aileyle konu\u015fan Altun, daha sonra po\u015fetten \u00e7\u0131kard\u0131\u011f\u0131 tabancayla pe\u015f pe\u015fe ate\u015f etti. Sald\u0131r\u0131da Ya\u015far Dedeo\u011fullar\u0131 ile e\u015fi \u0130pek (57), \u00e7ocuklar\u0131 Serap (33), Serpil (29), Sibel (35), Metin (42) ve Bar\u0131\u015f (31) Dedeo\u011fullar\u0131 ya\u015fam\u0131n\u0131 yitirdi. Kiralad\u0131\u011f\u0131 ara\u00e7la ka\u00e7an Altun, 4 A\u011fustos\u2019ta \u00f6zel harekat ekiplerince memleketi Bozk\u0131r il\u00e7esi\u00a0\u00dc\u00e7p\u0131nar Mahallesi\u2019nde arazi taramas\u0131 s\u0131ras\u0131nda yakalan\u0131p tutukland\u0131.<\/p>\n<p><strong>11 K\u0130\u015e\u0130 HAKKINDA \u0130DD\u0130ANAME HAZIRLANDI<\/strong><\/p>\n<p>Soru\u015fturma kapsam\u0131nda, aralar\u0131nda Mehmet Altun\u2019un da bulundu\u011fu\u00a011 ki\u015fi hakk\u0131nda iddianame haz\u0131rland\u0131. \u0130ddianamede, tutuklu Altun hakk\u0131nda \u2018canavarca hisle tasarlayarak 7 ki\u015fiyi kasten \u00f6ld\u00fcrme\u2019 su\u00e7undan 7 kez a\u011f\u0131rla\u015ft\u0131r\u0131lm\u0131\u015f m\u00fcebbet hapis cezas\u0131 istendi. Altun\u2019un\u00a0ayr\u0131ca\u00a0olay\u0131n ard\u0131ndan evin baz\u0131 noktalar\u0131na yan\u0131nda getirdi\u011fi bidondaki benzini d\u00f6k\u00fcp, ate\u015fe verdi\u011fi iddias\u0131yla \u2018yakarak mala zarar verme\u2019,\u00a0 \u2018nitelikli olarak konut dokunulmazl\u0131\u011f\u0131\u2019 ,\u00a0 \u20186136 say\u0131l\u0131 kanuna muhalefet\u2019 su\u00e7lar\u0131ndan yarg\u0131lanmas\u0131 talep edildi.<\/p>\n<p>\u0130ddianamede;\u00a0bir s\u00fcre tutuklu kald\u0131ktan sonra tahliye edilen san\u0131klar\u00a0Altun\u2019un eni\u015ftesi\u00a0L\u00fctfi Kele\u015f ile ablas\u0131 Ay\u015fe Kele\u015f, ye\u011feni Ali Kele\u015f, Yahya \u00c7al\u0131k, \u0130brahim Kele\u015f, Ramazan \u00c7al\u0131k, Ali \u00c7al\u0131k, Veli Kele\u015f, o\u011flu Ali Kele\u015f ve akrabalar\u0131\u00a0Ali Kele\u015f\u2019in\u00a0ise \u2018canavarca hisle tasarlayarak 7 ki\u015fiyi kasten \u00f6ld\u00fcrmeye azmettirme\u2019, \u2018yakarak mala zarar vermeye azmettirme\u2019 su\u00e7lar\u0131ndan yarg\u0131lanmalar\u0131 istendi.<\/p>\n<p>4\u2019\u00fcnc\u00fc A\u011f\u0131r Ceza Mahkemesi\u2019nde g\u00f6r\u00fclen duru\u015fmaya; tutuklu Mehmet Altun ile Dedeo\u011fullar\u0131 aras\u0131nda silahla sald\u0131r\u0131 \u00f6ncesi ayn\u0131 y\u0131l may\u0131s ay\u0131nda \u00e7\u0131kan kavga nedeniyle tutuklu bulunan eni\u015ftesi L\u00fctfi Kele\u015f ile Veli Kele\u015f\u2019in o\u011flu Ali Kele\u015f, SEGB\u0130S ile\u00a0kat\u0131ld\u0131. Dedeo\u011fullar\u0131 ailesinden sa\u011f kalan \u00c7etin Dedeo\u011fullar\u0131 ile yak\u0131nlar\u0131 da salonda haz\u0131r bulundu.<\/p>\n<p>Duru\u015fmada s\u00f6z verilen san\u0131k Mehmet Altun, \u201dDaha \u00f6nceki ifadelerin ayn\u0131s\u0131 s\u00f6yleyece\u011fim. Su\u00e7lamalar\u0131 sadece bana de\u011fil. Siz say\u0131n heyete ve kolluk kuvvetlerine yap\u0131yorlar. Bundan ba\u015fka diyecek bir \u015feyim yok\u201d dedi. Di\u011fer san\u0131klardan Ali Kele\u015f ve L\u00fctfi Kele\u015f de daha \u00f6nceki ifadelerinin ge\u00e7erli oldu\u011funu s\u00f6yledi.<\/p>\n<p>Cumhuriyet savc\u0131s\u0131 da m\u00fctalaas\u0131n\u0131 mahkemeye sundu. M\u00fctalaada Altun hakk\u0131nda\u00a0\u00a0\u2018Canavarca hisle tasarlayarak kasten \u00f6ld\u00fcrme\u2019\u00a0su\u00e7undan 7 kez a\u011f\u0131rla\u015ft\u0131r\u0131lm\u0131\u015f m\u00fcebbet hapis cezas\u0131 talep etti. Ayr\u0131ca\u00a0\u2018Yakarak mala zarar verme\u2019\u00a0su\u00e7undan 6 y\u0131la kadar, \u2018Nitelikli olarak konut dokunulmazl\u0131\u011f\u0131n\u0131 ihlal\u2019\u00a0su\u00e7undan 3 y\u0131la kadar, \u2018Ate\u015fli silahlar ve b\u0131\u00e7aklar ile di\u011fer aletler hakk\u0131ndaki kanun\u2019a muhalefet\u2019\u00a0su\u00e7undan\u00a0 da 3 y\u0131la kadar\u00a0 daha hapisle\u00a0cezaland\u0131r\u0131lmas\u0131n\u0131 istedi.<\/p>\n<p><b>1 K\u0130\u015e\u0130 BERAAT ETT\u0130<br \/><\/b><br \/>Savc\u0131, m\u00fctalaas\u0131nda di\u011fer 9 san\u0131k hakk\u0131nda da\u00a0\u2018canavarca hisle tasarlayarak kasten \u00f6ld\u00fcrmeye azmettirme\u2019 su\u00e7undan ayr\u0131 ayr\u0131 7\u2019\u015fer kez a\u011f\u0131rla\u015ft\u0131r\u0131lm\u0131\u015f m\u00fcebbet\u00a0 hapis, \u2018yakarak mala zarar vermeye azmettirme\u2019 su\u00e7undan ayr\u0131 ayr\u0131 3\u2019er y\u0131la kadar hapisle cezaland\u0131r\u0131lmas\u0131n\u0131 talep etti. San\u0131klardan akrabalar\u0131 olan Ali Kele\u015f\u2019in ise beraatine karar verdi.\u00a0Duru\u015fma 17 Kas\u0131m tarihine ertelendi.\u00a0\u00a0(DHA)<\/p>\n","protected":false},"excerpt":{"rendered":"<p>Konya&#8217;da\u00a0Dedeo\u011fullar\u0131 ailesinden\u00a07 ki\u015fiyi \u00f6ld\u00fcrd\u00fc\u011f\u00fc su\u00e7lamas\u0131yla\u00a0tutuklu yarg\u0131lanan Mehmet Altun (33), 6&#8217;nc\u0131\u00a0kez hakim kar\u015f\u0131s\u0131na \u00e7\u0131kar\u0131ld\u0131. Savc\u0131 &#8230;<\/p>\n","protected":false},"author":1,"featured_media":45514,"comment_status":"closed","ping_status":"open","sticky":false,"template":"","format":"standard","meta":{"footnotes":""},"categories":[26],"tags":[4760,171,1008,6178,1303],"class_list":["post-45513","post","type-post","status-publish","format-standard","has-post-thumbnail","hentry","category-gundem","tag-altun","tag-ceza","tag-hakkinda","tag-keles","tag-sucundan"],"_links":{"self":[{"href":"https:\/\/haberulus.net\/index.php?rest_route=\/wp\/v2\/posts\/45513","targetHints":{"allow":["GET"]}}],"collection":[{"href":"https:\/\/haberulus.net\/index.php?rest_route=\/wp\/v2\/posts"}],"about":[{"href":"https:\/\/haberulus.net\/index.php?rest_route=\/wp\/v2\/types\/post"}],"author":[{"embeddable":true,"href":"https:\/\/haberulus.net\/index.php?rest_route=\/wp\/v2\/users\/1"}],"replies":[{"embeddable":true,"href":"https:\/\/haberulus.net\/index.php?rest_route=%2Fwp%2Fv2%2Fcomments&post=45513"}],"version-history":[{"count":1,"href":"https:\/\/haberulus.net\/index.php?rest_route=\/wp\/v2\/posts\/45513\/revisions"}],"predecessor-version":[{"id":45515,"href":"https:\/\/haberulus.net\/index.php?rest_route=\/wp\/v2\/posts\/45513\/revisions\/45515"}],"wp:featuredmedia":[{"embeddable":true,"href":"https:\/\/haberulus.net\/index.php?rest_route=\/wp\/v2\/media\/45514"}],"wp:attachment":[{"href":"https:\/\/haberulus.net\/index.php?rest_route=%2Fwp%2Fv2%2Fmedia&parent=45513"}],"wp:term":[{"taxonomy":"category","embeddable":true,"href":"https:\/\/haberulus.net\/index.php?rest_route=%2Fwp%2Fv2%2Fcategories&post=45513"},{"taxonomy":"post_tag","embeddable":true,"href":"https:\/\/haberulus.net\/index.php?rest_route=%2Fwp%2Fv2%2Ftags&post=45513"}],"curies":[{"name":"wp","href":"https:\/\/api.w.org\/{rel}","templated":true}]}}