{"id":45618,"date":"2022-10-27T14:21:04","date_gmt":"2022-10-27T14:21:04","guid":{"rendered":"https:\/\/haberulus.net\/?p=45618"},"modified":"2022-10-27T14:21:04","modified_gmt":"2022-10-27T14:21:04","slug":"chp-grup-baskanvekili-ozel-aday-kasimda-cikmazsa-aralikta-cikar","status":"publish","type":"post","link":"https:\/\/haberulus.net\/?p=45618","title":{"rendered":"CHP Grup Ba\u015fkanvekili \u00d6zel:\u00a0Aday kas\u0131mda \u00e7\u0131kmazsa aral\u0131kta \u00e7\u0131kar"},"content":{"rendered":"<p><b>CHP Grup Ba\u015fkanvekili \u00d6zg\u00fcr \u00d6zel, partilerinin cumhurba\u015fkan\u0131 aday\u0131 i\u00e7in &#8220;Aday\u0131m\u0131z\u0131 istedi\u011fimiz zaman a\u00e7\u0131klayaca\u011f\u0131z. Biz aday\u0131 do\u011fru zamanda a\u00e7\u0131klayaca\u011f\u0131z.&#8221; dedi.<\/b><\/p>\n<p>CHP Grup Ba\u015fkanvekili \u00d6zg\u00fcr \u00d6zel, CHP Kayseri \u0130l Ba\u015fkanl\u0131\u011f\u0131\u2019nda d\u00fczenledi\u011fi bas\u0131n toplant\u0131s\u0131nda, gazetecilerin sorular\u0131n\u0131 cevaplad\u0131.<\/p>\n<p>Bir gazetecinin, cumhurba\u015fkan\u0131 adayl\u0131\u011f\u0131 i\u00e7in \u201cAday\u0131n\u0131z merak ediliyor. Sizin de anket sonu\u00e7lar\u0131nda isminiz \u00f6n plana \u00e7\u0131k\u0131yor. Hatta Say\u0131n K\u0131l\u0131\u00e7daro\u011flu\u2019nun bile \u00f6n\u00fcnde \u00e7\u0131k\u0131yor. Aday\u0131n\u0131z\u0131 ne zaman a\u00e7\u0131klayacaks\u0131n\u0131z\u201d sorusu \u00fczerine \u00d6zel, cumhurba\u015fkan\u0131 aday\u0131n\u0131n 6 partinin tam mutabakat\u0131yla ve 13\u2019\u00fcnc\u00fc Cumhurba\u015fkan\u0131 olacak \u015fekilde ilan edilece\u011fini s\u00f6yledi.<\/p>\n<p>\u00d6zel, \u201cAday\u0131 ge\u00e7 a\u00e7\u0131klamak bizim zarar\u0131m\u0131za olsa AK Parti niye rahats\u0131z olsun? \u015eimdi biz AK Parti\u2019yle bir halat \u00e7ekme oyunu yapt\u0131k. Onlar bir ucundan, biz di\u011fer ucundan tuttuk. Biz onlara \u2018siz aday\u0131n\u0131z\u0131 a\u00e7\u0131klay\u0131n\u2019 dedik. \u00c7\u00fcnk\u00fc a\u00e7\u0131klam\u0131yorlard\u0131 ve Tayyip Erdo\u011fan aday olmayabilir diye s\u00f6ylenti vard\u0131. Onlar adaylar\u0131n\u0131 biz istedi\u011fimiz zaman a\u00e7\u0131klad\u0131lar. Aday\u0131m\u0131z\u0131 istedi\u011fimiz zaman a\u00e7\u0131klayaca\u011f\u0131z. Biz aday\u0131 do\u011fru zamanda a\u00e7\u0131klayaca\u011f\u0131z. Parti ne g\u00f6rev verirse onurla gururla o g\u00f6revi yapar\u0131m. \u2018\u015eurada ad\u0131n\u0131z ge\u00e7iyor\u2019, ge\u00e7irenlerden Allah raz\u0131 olsun. Benim iktidar partisi olmak d\u0131\u015f\u0131nda hi\u00e7bir hedefim yok.\u201d de\u011ferlendirmesinde bulundu.<\/p>\n<p><strong>VATANDA\u015e DA SORDU<\/strong><\/p>\n<p>\u00d6zel, toplant\u0131n\u0131n ard\u0131ndan Sahabiye Mahallesi\u2019nde esnaf\u0131 ziyaret etti.<\/p>\n<p>Ziyaret s\u0131ras\u0131nda bir vatanda\u015f\u0131n, Cumhurba\u015fkanl\u0131\u011f\u0131 i\u00e7in aday\u0131n kim oldu\u011funu sormas\u0131 \u00fczerine \u00d6zel, \u201cBizim aday\u0131m\u0131z \u00e7\u0131kt\u0131\u011f\u0131nda \u015funu bileceksiniz, aday\u0131 bileceksiniz, yard\u0131mc\u0131lar\u0131n\u0131 bileceksiniz, ekonomik program\u0131n\u0131 bileceksiniz ve o ekonomik program\u0131n nas\u0131l uygulanaca\u011f\u0131n\u0131 bileceksiniz. Biz sana krizi \u00e7\u00f6zmeyi, seni zenginle\u015ftirmeyi, Kayseri\u2019nin i\u015fsizine i\u015f vermeyi vadediyoruz. Biz \u015funu vadedebiliriz, \u2018\u0130sim belli\u2019 diyor ya Say\u0131n Bah\u00e7eli, \u2018Aday belli, hedef tek\u2019 falan o aday zaten var. \u0130\u015fsizlik, yoksulluk var. Biz size \u00e7\u00f6z\u00fcm re\u00e7etesini getirece\u011fiz karde\u015fim. Kas\u0131m ay\u0131n\u0131n sonunda size \u00e7\u00f6z\u00fcm re\u00e7etesi gelecek.\u201d yan\u0131t\u0131n\u0131 verdi. Vatanda\u015f\u0131n \u201cAday kim\u201d demesi \u00fczerine \u00d6zel, \u201cAday kas\u0131mda \u00e7\u0131kmazsa aral\u0131kta \u00e7\u0131kar.\u201d ifadesini kulland\u0131.<\/p>\n","protected":false},"excerpt":{"rendered":"<p>CHP Grup Ba\u015fkanvekili \u00d6zg\u00fcr \u00d6zel, partilerinin cumhurba\u015fkan\u0131 aday\u0131 i\u00e7in &#8220;Aday\u0131m\u0131z\u0131 istedi\u011fimiz zaman a\u00e7\u0131klayaca\u011f\u0131z. Biz aday\u0131 do\u011fru zamanda &#8230;<\/p>\n","protected":false},"author":1,"featured_media":45619,"comment_status":"closed","ping_status":"open","sticky":false,"template":"","format":"standard","meta":{"footnotes":""},"categories":[26],"tags":[271,941,442,289],"class_list":["post-45618","post","type-post","status-publish","format-standard","has-post-thumbnail","hentry","category-gundem","tag-aday","tag-adayi","tag-parti","tag-zaman"],"_links":{"self":[{"href":"https:\/\/haberulus.net\/index.php?rest_route=\/wp\/v2\/posts\/45618","targetHints":{"allow":["GET"]}}],"collection":[{"href":"https:\/\/haberulus.net\/index.php?rest_route=\/wp\/v2\/posts"}],"about":[{"href":"https:\/\/haberulus.net\/index.php?rest_route=\/wp\/v2\/types\/post"}],"author":[{"embeddable":true,"href":"https:\/\/haberulus.net\/index.php?rest_route=\/wp\/v2\/users\/1"}],"replies":[{"embeddable":true,"href":"https:\/\/haberulus.net\/index.php?rest_route=%2Fwp%2Fv2%2Fcomments&post=45618"}],"version-history":[{"count":1,"href":"https:\/\/haberulus.net\/index.php?rest_route=\/wp\/v2\/posts\/45618\/revisions"}],"predecessor-version":[{"id":45620,"href":"https:\/\/haberulus.net\/index.php?rest_route=\/wp\/v2\/posts\/45618\/revisions\/45620"}],"wp:featuredmedia":[{"embeddable":true,"href":"https:\/\/haberulus.net\/index.php?rest_route=\/wp\/v2\/media\/45619"}],"wp:attachment":[{"href":"https:\/\/haberulus.net\/index.php?rest_route=%2Fwp%2Fv2%2Fmedia&parent=45618"}],"wp:term":[{"taxonomy":"category","embeddable":true,"href":"https:\/\/haberulus.net\/index.php?rest_route=%2Fwp%2Fv2%2Fcategories&post=45618"},{"taxonomy":"post_tag","embeddable":true,"href":"https:\/\/haberulus.net\/index.php?rest_route=%2Fwp%2Fv2%2Ftags&post=45618"}],"curies":[{"name":"wp","href":"https:\/\/api.w.org\/{rel}","templated":true}]}}