{"id":45621,"date":"2022-10-27T14:21:06","date_gmt":"2022-10-27T14:21:06","guid":{"rendered":"https:\/\/haberulus.net\/?p=45621"},"modified":"2022-10-27T14:21:06","modified_gmt":"2022-10-27T14:21:06","slug":"tahliye-karari-verilen-evi-harabeye-cevirdiler","status":"publish","type":"post","link":"https:\/\/haberulus.net\/?p=45621","title":{"rendered":"Tahliye karar\u0131 verilen evi harabeye \u00e7evirdiler"},"content":{"rendered":"<p><b>Diyarbak\u0131r&#8217;da 2019&#8217;da bankadan sat\u0131l\u0131\u011fa \u00e7\u0131kar\u0131lan evi alan \u00f6\u011fretmen S.S., dairenin eski sahibinin s\u00f6zle\u015fmesiz kirac\u0131lar\u0131n\u0131 \u00e7\u0131karmak istedi. Kirac\u0131lar daireyi bo\u015faltmay\u0131nca, S.S., hukuki yollara ba\u015fvurdu. Mahkemenin tahliye karar\u0131 \u00fczerine kirac\u0131lar daireyi balyoz ve matkapla harabeye \u00e7evirdi. Evin tekrar oturulabilir hale getirilmesi i\u00e7in en az 500 bin TL masraf edilmesi gerekiyor.\u00a0<\/b><\/p>\n<p>Kentte \u00f6\u011fretmenlik yapan S.S., 2019\u2019da Yeni\u015fehir il\u00e7esinde bir banka taraf\u0131ndan ilana verilen bir sitenin 8\u2019inci kat\u0131ndaki daireyi sat\u0131n ald\u0131. Eski ev sahibinin kirac\u0131s\u0131, S.S. ile bir s\u00f6zle\u015fmesi ve kontrat\u0131 olmamas\u0131na ra\u011fmen uzun s\u00fcre daireden \u00e7\u0131kmad\u0131.<\/p>\n<p>S.S., kirac\u0131n\u0131n evi bo\u015faltmas\u0131n\u0131 istemesine ra\u011fmen bu iste\u011fine kar\u015f\u0131l\u0131k bulamad\u0131. Bunun \u00fczerine S.S. hukuki yola ba\u015fvurdu. Mahkeme karar\u0131yla kirac\u0131 H.\u00c7.\u2019nin evi bo\u015faltmas\u0131na karar verildi.<br \/><img decoding=\"async\" src=\"https:\/\/i01.sozcucdn.com\/wp-content\/uploads\/2022\/10\/27\/ev2-4.jpg\" alt=\"\" title=\"\"><\/p>\n<p><strong>K\u0130RACI YANGINA M\u00dcDAHALEDE HAYATINI KAYBETT\u0130<\/strong><\/p>\n<p>H.\u00c7., ge\u00e7en aylarda oturdu\u011fu binan\u0131n yan blo\u011fundaki yang\u0131na m\u00fcdahale etti\u011fi s\u0131rada ya\u015fam\u0131n\u0131 yitirdi. Tahliye karar\u0131 da durdu. Ge\u00e7en zaman\u0131n ard\u0131ndan mahkeme, karar\u0131 tekrar i\u015fleme koydu.<\/p>\n<p><img decoding=\"async\" src=\"https:\/\/i01.sozcucdn.com\/wp-content\/uploads\/2022\/10\/27\/ev2-3.jpg\" alt=\"\" title=\"\"><\/p>\n<p>Yang\u0131nda ya\u015fam\u0131n\u0131 yitiren H.\u00c7.\u2019nin akrabalar\u0131, icra ve polis ekiplerinin geli\u015finden 2 g\u00fcn \u00f6nce iddiaya g\u00f6re, balyoz ve matkapla ile evi tahrip ederek adeta in\u015faat alan\u0131na \u00e7evirdi.<\/p>\n<p>Olay\u0131n ard\u0131ndan S.S., avukat\u0131 arac\u0131l\u0131\u011f\u0131yla \u015f\u00fcphelilerden \u015fikayet\u00e7i oldu. \u015eikayetin ard\u0131ndan polis ekipleri siteye gelerek g\u00fcvenlik kameras\u0131 kay\u0131tlar\u0131n\u0131 ald\u0131.<br \/><img decoding=\"async\" src=\"https:\/\/i01.sozcucdn.com\/wp-content\/uploads\/2022\/10\/27\/ev2-5.jpg\" alt=\"\" title=\"\"><\/p>\n<p><strong>EV\u0130N B\u00dcT\u00dcN ALTYAPISI\u00a0TAHR\u0130P ED\u0130LM\u0130\u015e\u2019<\/strong><\/p>\n<p>S.S.nin avukat\u0131 Ali \u0130smet Girgin, evin m\u00fcvekkili taraf\u0131ndan 31 Aral\u0131k 2019da sat\u0131n al\u0131nd\u0131\u011f\u0131n\u0131 ifade ederek, \u015funlar\u0131 kaydetti:<\/p>\n<p>\u201cKendisi i\u00e7erisinde ba\u015fka ki\u015filerin oturdu\u011funu \u00f6\u011frendikten sonra gelip ki\u015filerle konu\u015ftu. Anla\u015fmaya \u00e7al\u0131\u015ft\u0131lar ancak oturanlar taraf\u0131ndan hi\u00e7bir \u015fekilde anla\u015fma yap\u0131lmad\u0131\u011f\u0131 i\u00e7in hukuki deste\u011fi biz verdik.<\/p>\n<p><img decoding=\"async\" src=\"https:\/\/i01.sozcucdn.com\/wp-content\/uploads\/2022\/10\/27\/ev2-1.jpg\" alt=\"\" title=\"\"><\/p>\n<p>Diyarbak\u0131r 1\u2019inci Sulh Hukuk Mahkemesi\u2019nde tahliye davas\u0131 a\u00e7t\u0131k. \u0130lgili davay\u0131 kazand\u0131k. Kesinle\u015fmesine binaen de \u0130cra M\u00fcd\u00fcrl\u00fc\u011f\u00fc arac\u0131l\u0131\u011f\u0131yla buray\u0131 tahliye etmek i\u00e7in ba\u015fvuruda bulunduk.<\/p>\n<p>O dosyam\u0131z da kesinle\u015ftikten sonra \u0130cra M\u00fcd\u00fcrl\u00fc\u011f\u00fc tahliye g\u00fcn\u00fc verdi. D\u00fcn itibariyle tahliyeye geldik buraya kap\u0131 kilitliydi. Herhangi bir \u015fekilde kap\u0131y\u0131 a\u00e7amad\u0131k. Bu sebeple \u00e7ilingir marifetiyle kap\u0131y\u0131 a\u00e7t\u0131rd\u0131k ne yaz\u0131k ki kar\u015f\u0131m\u0131za bu manzara \u00e7\u0131kt\u0131. Evin b\u00fct\u00fcn alt yap\u0131s\u0131 tahrip edilmi\u015f.<\/p>\n<p><img decoding=\"async\" src=\"https:\/\/i01.sozcucdn.com\/wp-content\/uploads\/2022\/10\/27\/ev2-2.jpg\" alt=\"\" title=\"\"><\/p>\n<p>B\u00fct\u00fcn camlar k\u0131r\u0131k ev kullan\u0131lamaz durumda. Buraya ayn\u0131 zamanda kolluk kuvvetiyle geldik. Bu durumu Cumhuriyet Ba\u015fsavc\u0131l\u0131\u011f\u0131na bildirdik. \u0130hbarda bulunduk ve bu hasara ili\u015fkin de Cumhuriyet Ba\u015fsavc\u0131l\u0131\u011f\u0131nca soru\u015fturma y\u00fcr\u00fct\u00fcl\u00fcyor.<\/p>\n<p>Kollu\u011fun tuttu\u011fu tutana\u011fa g\u00f6re en az 500 bin TL\u2019lik hasar mevcut. Bu evi tekrar oturulabilir hale getirmek i\u00e7in en az 500 bin TL\u2019lik masraf yap\u0131lmas\u0131 gerekiyor.\u201d (DHA)<\/p>\n","protected":false},"excerpt":{"rendered":"<p>Diyarbak\u0131r&#8217;da 2019&#8217;da bankadan sat\u0131l\u0131\u011fa \u00e7\u0131kar\u0131lan evi alan \u00f6\u011fretmen S.S., dairenin eski sahibinin s\u00f6zle\u015fmesiz kirac\u0131lar\u0131n\u0131 \u00e7\u0131karmak istedi &#8230;<\/p>\n","protected":false},"author":1,"featured_media":45622,"comment_status":"closed","ping_status":"open","sticky":false,"template":"","format":"standard","meta":{"footnotes":""},"categories":[26],"tags":[580,2378,8456,868],"class_list":["post-45621","post","type-post","status-publish","format-standard","has-post-thumbnail","hentry","category-gundem","tag-karar","tag-kiraci","tag-s-s","tag-tahliye"],"_links":{"self":[{"href":"https:\/\/haberulus.net\/index.php?rest_route=\/wp\/v2\/posts\/45621","targetHints":{"allow":["GET"]}}],"collection":[{"href":"https:\/\/haberulus.net\/index.php?rest_route=\/wp\/v2\/posts"}],"about":[{"href":"https:\/\/haberulus.net\/index.php?rest_route=\/wp\/v2\/types\/post"}],"author":[{"embeddable":true,"href":"https:\/\/haberulus.net\/index.php?rest_route=\/wp\/v2\/users\/1"}],"replies":[{"embeddable":true,"href":"https:\/\/haberulus.net\/index.php?rest_route=%2Fwp%2Fv2%2Fcomments&post=45621"}],"version-history":[{"count":1,"href":"https:\/\/haberulus.net\/index.php?rest_route=\/wp\/v2\/posts\/45621\/revisions"}],"predecessor-version":[{"id":45623,"href":"https:\/\/haberulus.net\/index.php?rest_route=\/wp\/v2\/posts\/45621\/revisions\/45623"}],"wp:featuredmedia":[{"embeddable":true,"href":"https:\/\/haberulus.net\/index.php?rest_route=\/wp\/v2\/media\/45622"}],"wp:attachment":[{"href":"https:\/\/haberulus.net\/index.php?rest_route=%2Fwp%2Fv2%2Fmedia&parent=45621"}],"wp:term":[{"taxonomy":"category","embeddable":true,"href":"https:\/\/haberulus.net\/index.php?rest_route=%2Fwp%2Fv2%2Fcategories&post=45621"},{"taxonomy":"post_tag","embeddable":true,"href":"https:\/\/haberulus.net\/index.php?rest_route=%2Fwp%2Fv2%2Ftags&post=45621"}],"curies":[{"name":"wp","href":"https:\/\/api.w.org\/{rel}","templated":true}]}}