{"id":46684,"date":"2022-10-29T13:36:04","date_gmt":"2022-10-29T13:36:04","guid":{"rendered":"https:\/\/haberulus.net\/?p=46684"},"modified":"2022-10-29T13:36:04","modified_gmt":"2022-10-29T13:36:04","slug":"twitterdan-kovulduk-sakasi-sosyal-medyada-gundem-oldu","status":"publish","type":"post","link":"https:\/\/haberulus.net\/?p=46684","title":{"rendered":"\u2018Twitter\u2019dan kovulduk\u2019 \u015fakas\u0131 sosyal medyada g\u00fcndem oldu"},"content":{"rendered":"<p><b>Elon Musk\u2019\u0131n Twitter\u2019\u0131 sat\u0131n almas\u0131 sonras\u0131nda \u00fcst d\u00fczey y\u00f6netimi i\u015ften \u00e7\u0131kartmas\u0131yla ellerinde kolilerle gezen iki ki\u015fi ABD medyas\u0131ndan bir muhabire &#8220;Twitter\u2019dan at\u0131ld\u0131k&#8221; beyan\u0131yla \u015faka yapt\u0131. Musk olayla ilgili \u201cGelmi\u015f ge\u00e7mi\u015f en iyi trollemelerden biri\u201d yorumu yaparken muhabir Deirdre Bosa, daha sonra kendisine r\u00f6portaj veren bu ki\u015fileri teyit edemediklerini a\u00e7\u0131klad\u0131.<\/b><\/p>\n<p>Elon Musk&#8217;\u0131n\u00a0Twitter&#8217;\u0131n \u00fcst d\u00fczey y\u00f6neticilerini i\u015ften \u00e7\u0131karmas\u0131yla Twitter&#8217;\u0131n San Francisco kentindeki genel merkezi \u00f6n\u00fcnden yay\u0131n yapan muhabir Deirdre Rosa, \u00e7evrede ellerinde koli kutular\u0131yla gezen iki ki\u015fiyle r\u00f6portaj yapt\u0131. Kendilerini Twitter \u00e7al\u0131\u015fan\u0131 olarak tan\u0131tan bu ki\u015fi, ellerindeki koli kutular\u0131n\u0131 g\u00f6stererek i\u015ften \u00e7\u0131kart\u0131ld\u0131klar\u0131n\u0131 a\u00e7\u0131klad\u0131.<\/p>\n<p><img decoding=\"async\" src=\"https:\/\/i01.sozcucdn.com\/wp-content\/uploads\/2022\/10\/29\/635d213e470a9b4a34b416d6.jpg\" alt=\"\" title=\"\"><\/p>\n<p>Bunun \u00fczerine Rosa, iki ki\u015finin foto\u011fraf\u0131yla birlikte \u201cT\u00fcm veri m\u00fchendisleri ekibi i\u015ften \u00e7\u0131kart\u0131l\u0131yor. Bu ikisi onlardan\u201d ve \u201cG\u00f6zle g\u00f6r\u00fcl\u00fcr \u015fekilde sars\u0131lm\u0131\u015flar. Daniel bize bir Tesla sahibi oldu\u011funu ve \u00f6demeleri nas\u0131l yapaca\u011f\u0131n\u0131 bilmedi\u011fini s\u00f6yl\u00fcyor\u201d mesajlar\u0131n\u0131 Elon Musk&#8217;\u0131 etiketleyerek payla\u015ft\u0131.<\/p>\n<p><img decoding=\"async\" src=\"https:\/\/i01.sozcucdn.com\/wp-content\/uploads\/2022\/10\/29\/635d211d470a9b4a34b416d4.jpg\" alt=\"\" title=\"\"><\/p>\n<p>Deirdre Rosa daha sonra bu ki\u015fileri teyit edemediklerini belirterek \u201cTwitter Genel Merkezi&#8217;nin etraf\u0131nda bir kar\u0131\u015f\u0131kl\u0131k var. \u0130nsanlar\u0131 i\u015ften \u00e7\u0131kart\u0131yorlar m\u0131? Medyay\u0131 m\u0131 kand\u0131r\u0131yorlar?\u201d mesaj\u0131n\u0131 payla\u015ft\u0131. Bu ki\u015filerin muhabire\u00a0\u015faka\u00a0yapt\u0131\u011f\u0131\u00a0ortaya \u00e7\u0131k\u0131nca Elon Musk mesaj payla\u015farak \u201cGelmi\u015f ge\u00e7mi\u015f en iyi trollemelerden (kand\u0131rma) biri\u201d a\u00e7\u0131klamas\u0131 yapt\u0131.<\/p>\n","protected":false},"excerpt":{"rendered":"<p>Elon Musk\u2019\u0131n Twitter\u2019\u0131 sat\u0131n almas\u0131 sonras\u0131nda \u00fcst d\u00fczey y\u00f6netimi i\u015ften \u00e7\u0131kartmas\u0131yla ellerinde kolilerle gezen iki ki\u015fi ABD medyas\u0131ndan bir &#8230;<\/p>\n","protected":false},"author":1,"featured_media":46685,"comment_status":"closed","ping_status":"open","sticky":false,"template":"","format":"standard","meta":{"footnotes":""},"categories":[32],"tags":[333,230,228],"class_list":["post-46684","post","type-post","status-publish","format-standard","has-post-thumbnail","hentry","category-teknoloji","tag-isten","tag-musk","tag-twitter"],"_links":{"self":[{"href":"https:\/\/haberulus.net\/index.php?rest_route=\/wp\/v2\/posts\/46684","targetHints":{"allow":["GET"]}}],"collection":[{"href":"https:\/\/haberulus.net\/index.php?rest_route=\/wp\/v2\/posts"}],"about":[{"href":"https:\/\/haberulus.net\/index.php?rest_route=\/wp\/v2\/types\/post"}],"author":[{"embeddable":true,"href":"https:\/\/haberulus.net\/index.php?rest_route=\/wp\/v2\/users\/1"}],"replies":[{"embeddable":true,"href":"https:\/\/haberulus.net\/index.php?rest_route=%2Fwp%2Fv2%2Fcomments&post=46684"}],"version-history":[{"count":1,"href":"https:\/\/haberulus.net\/index.php?rest_route=\/wp\/v2\/posts\/46684\/revisions"}],"predecessor-version":[{"id":46686,"href":"https:\/\/haberulus.net\/index.php?rest_route=\/wp\/v2\/posts\/46684\/revisions\/46686"}],"wp:featuredmedia":[{"embeddable":true,"href":"https:\/\/haberulus.net\/index.php?rest_route=\/wp\/v2\/media\/46685"}],"wp:attachment":[{"href":"https:\/\/haberulus.net\/index.php?rest_route=%2Fwp%2Fv2%2Fmedia&parent=46684"}],"wp:term":[{"taxonomy":"category","embeddable":true,"href":"https:\/\/haberulus.net\/index.php?rest_route=%2Fwp%2Fv2%2Fcategories&post=46684"},{"taxonomy":"post_tag","embeddable":true,"href":"https:\/\/haberulus.net\/index.php?rest_route=%2Fwp%2Fv2%2Ftags&post=46684"}],"curies":[{"name":"wp","href":"https:\/\/api.w.org\/{rel}","templated":true}]}}