{"id":46820,"date":"2022-10-29T20:06:06","date_gmt":"2022-10-29T20:06:06","guid":{"rendered":"https:\/\/haberulus.net\/?p=46820"},"modified":"2022-10-29T20:06:06","modified_gmt":"2022-10-29T20:06:06","slug":"cinde-yeni-corona-alarmi-kapanma-karari-aldilar","status":"publish","type":"post","link":"https:\/\/haberulus.net\/?p=46820","title":{"rendered":"\u00c7in\u2019de yeni corona alarm\u0131! Kapanma karar\u0131 ald\u0131lar"},"content":{"rendered":"<p><b>\u00c7in&#8217;in g\u00fcneyindeki Guangdong eyaletinin merkezi Guangcou \u015fehrinde artan Covid-19 vakalar\u0131 nedeniyle uygulanan k\u0131smi karantina tedbirleri \u015fehrin b\u00fcy\u00fck b\u00f6l\u00fcm\u00fcne geni\u015fletildi.<\/b><\/p>\n<p>Yerel y\u00f6netimden yap\u0131lan a\u00e7\u0131klamada, \u00c7in\u2019in \u00fc\u00e7\u00fcnc\u00fc b\u00fcy\u00fck \u015fehri olan metropolde y\u00fcksek riskli 45, orta riskli 79 b\u00f6lgede tam veya k\u0131smi kapanma uyguland\u0131\u011f\u0131 bildirildi.<\/p>\n<p>N\u00fcfusu 18 milyonu a\u015fan kentte \u00f6nceki g\u00fcn 65 olan vaka say\u0131s\u0131 son 24 saatte 139\u2019a \u00e7\u0131karken, vakalar\u0131n artmas\u0131yla, \u015eanghay\u2019da bahar aylar\u0131nda oldu\u011fu gibi uzun s\u00fcreli kapanmaya gidilmesinden endi\u015fe ediliyor.<\/p>\n<p><strong> TOPLU TEST YAPTILAR<\/strong><\/p>\n<p>D\u00fcn kent genelinde t\u00fcm vatanda\u015flara toplu test yap\u0131l\u0131rken, riskli b\u00f6lgelerdeki kafe ve restoranlar kapat\u0131ld\u0131, kamuya a\u00e7\u0131k etkinlikler ge\u00e7ici olarak durduruldu.<\/p>\n<p>Vatanda\u015flara pazarlara, s\u00fcpermarketlere ve al\u0131\u015fveri\u015f merkezlerine girebilmek i\u00e7in 48 saat i\u00e7inde yap\u0131lm\u0131\u015f Covid-19 testlerinin negatif sonucu g\u00f6sterme \u015fart\u0131 getirildi.<\/p>\n<p>\u00c7in\u2019in \u00f6nde gelen \u00fcretim merkezlerinden Guangcou\u2019daki olas\u0131 tam kapanman\u0131n halihaz\u0131rda k\u00f6t\u00fc durumdaki ekonomiye darbe vurabilece\u011finden endi\u015fe ediliyor.<\/p>\n<p>Ulusal Sa\u011fl\u0131k Komisyonundan yap\u0131lan a\u00e7\u0131klamaya g\u00f6re, \u00c7in ana karas\u0131nda son 24 saatte hastal\u0131k belirtisi g\u00f6steren 377, g\u00f6stermeyen 1281 vaka kaydedildi, vir\u00fcs nedeniyle hayat\u0131n\u0131 kaybeden olmad\u0131. \u00dclkede, g\u00fcnl\u00fck vaka say\u0131s\u0131 son 5 g\u00fcnde 1000\u2019i a\u015ft\u0131.<\/p>\n<p><strong>SALGIN TEDB\u0130RLER\u0130 EKONOM\u0130K BEKLENT\u0130LER\u0130 D\u00dc\u015e\u00dcR\u00dcYOR<\/strong><\/p>\n<p>\u00c7in\u2019de bahar aylar\u0131nda ba\u015fta \u00fclkenin en b\u00fcy\u00fck kenti \u015eanghay olmak \u00fczere b\u00fcy\u00fck n\u00fcfusu bar\u0131nd\u0131ran ve kritik sanayi ve i\u015f kollar\u0131na ev sahipli\u011fi yapan \u015fehirlerindeki Covid-19 k\u0131s\u0131tlamalar\u0131n\u0131n ekonomi \u00fczerindeki etkisi belirgin \u015fekilde hissedilmi\u015fti. Bir\u00e7ok sahada \u00f6l\u00e7\u00fclen ekonomik performans, ilk vakalar\u0131n \u00c7in\u2019in Vuhan kentinde g\u00f6r\u00fcld\u00fc\u011f\u00fc Kovid-19 salg\u0131n\u0131n\u0131n ilk aylar\u0131ndan bu yana en d\u00fc\u015f\u00fck seviyelere gerilemi\u015fti.<\/p>\n<p>Omicron\u2019un bula\u015f\u0131c\u0131l\u0131\u011f\u0131 y\u00fcksek alt varyantlar\u0131n\u0131n yay\u0131lmas\u0131yla sonbaharda \u00fclkede vaka say\u0131s\u0131 artarken, ekonomik faaliyetleri sekteye u\u011fratan salg\u0131n tedbirlerinin son \u00e7eyrekte de\u011fi\u015fece\u011fine dair i\u015faret g\u00f6r\u00fclmemesi, ekonomik beklentileri ve g\u00fcveni olumsuz etkiliyor.<\/p>\n<p>Vaka say\u0131lar\u0131n\u0131n g\u00f6rece az olmas\u0131na ve b\u00fcy\u00fck b\u00f6l\u00fcm\u00fcn\u00fcn hastal\u0131k belirtisi g\u00f6stermemesine ra\u011fmen karantina tedbirlerine ba\u015fvurulmas\u0131, \u00c7in\u2019in \u201cs\u0131f\u0131r vaka\u201d olarak adland\u0131r\u0131lan kat\u0131 salg\u0131n kontrol tedbirlerinde \u0131srar edece\u011fine i\u015faret ediyor.<\/p>\n<p>Covid-19 vakalar\u0131n\u0131 ortaya \u00e7\u0131kt\u0131\u011f\u0131 yerde bast\u0131rmay\u0131 ve bula\u015fma zincirini kesmeyi hedefleyen strateji, karantina, seyahat k\u0131s\u0131tlamalar\u0131, toplu testler, imalat, ticaret ve hizmetler sekt\u00f6r\u00fcndeki i\u015fletmelerin faaliyetlerinin k\u0131s\u0131tlanmas\u0131 veya kapal\u0131 devre s\u00fcrd\u00fcr\u00fclmesi gibi kat\u0131 ve geni\u015f \u00f6l\u00e7ekli tedbirleri gerektiriyor. Tedbirler, hayat\u0131n ola\u011fan ak\u0131\u015f\u0131na m\u00fcdahalenin yan\u0131nda ekonomik maliyeti a\u00e7\u0131s\u0131ndan da tart\u0131\u015fmalara yol a\u00e7\u0131yor. (AA)<\/p>\n","protected":false},"excerpt":{"rendered":"<p>\u00c7in&#8217;in g\u00fcneyindeki Guangdong eyaletinin merkezi Guangcou \u015fehrinde artan Covid-19 vakalar\u0131 nedeniyle uygulanan k\u0131smi karantina tedbirleri \u015fehrin &#8230;<\/p>\n","protected":false},"author":1,"featured_media":46821,"comment_status":"closed","ping_status":"open","sticky":false,"template":"","format":"standard","meta":{"footnotes":""},"categories":[30],"tags":[793,666,8589,175],"class_list":["post-46820","post","type-post","status-publish","format-standard","has-post-thumbnail","hentry","category-saglik","tag-cin","tag-ekonomik","tag-tedbirleri","tag-vaka"],"_links":{"self":[{"href":"https:\/\/haberulus.net\/index.php?rest_route=\/wp\/v2\/posts\/46820","targetHints":{"allow":["GET"]}}],"collection":[{"href":"https:\/\/haberulus.net\/index.php?rest_route=\/wp\/v2\/posts"}],"about":[{"href":"https:\/\/haberulus.net\/index.php?rest_route=\/wp\/v2\/types\/post"}],"author":[{"embeddable":true,"href":"https:\/\/haberulus.net\/index.php?rest_route=\/wp\/v2\/users\/1"}],"replies":[{"embeddable":true,"href":"https:\/\/haberulus.net\/index.php?rest_route=%2Fwp%2Fv2%2Fcomments&post=46820"}],"version-history":[{"count":1,"href":"https:\/\/haberulus.net\/index.php?rest_route=\/wp\/v2\/posts\/46820\/revisions"}],"predecessor-version":[{"id":46822,"href":"https:\/\/haberulus.net\/index.php?rest_route=\/wp\/v2\/posts\/46820\/revisions\/46822"}],"wp:featuredmedia":[{"embeddable":true,"href":"https:\/\/haberulus.net\/index.php?rest_route=\/wp\/v2\/media\/46821"}],"wp:attachment":[{"href":"https:\/\/haberulus.net\/index.php?rest_route=%2Fwp%2Fv2%2Fmedia&parent=46820"}],"wp:term":[{"taxonomy":"category","embeddable":true,"href":"https:\/\/haberulus.net\/index.php?rest_route=%2Fwp%2Fv2%2Fcategories&post=46820"},{"taxonomy":"post_tag","embeddable":true,"href":"https:\/\/haberulus.net\/index.php?rest_route=%2Fwp%2Fv2%2Ftags&post=46820"}],"curies":[{"name":"wp","href":"https:\/\/api.w.org\/{rel}","templated":true}]}}