{"id":47457,"date":"2022-10-31T09:21:05","date_gmt":"2022-10-31T09:21:05","guid":{"rendered":"https:\/\/haberulus.net\/?p=47457"},"modified":"2022-10-31T09:21:05","modified_gmt":"2022-10-31T09:21:05","slug":"cocuk-destegi-odemeleri-hesaplara-yatmaya-basliyor","status":"publish","type":"post","link":"https:\/\/haberulus.net\/?p=47457","title":{"rendered":"\u00c7ocuk deste\u011fi \u00f6demeleri hesaplara yatmaya ba\u015fl\u0131yor"},"content":{"rendered":"<p><b>Aile ve Sosyal Hizmetler Bakan\u0131 Derya Yan\u0131k, T\u00fcrkiye Aile Destek Program\u0131 kapsam\u0131nda hayata ge\u00e7irdikleri \u00e7ocuk deste\u011fi \u00f6demelerini kas\u0131m itibar\u0131yla hak sahiplerinin hesaplar\u0131na yat\u0131racaklar\u0131n\u0131 bildirdi. <\/b><\/p>\n<p>Yan\u0131k, yaz\u0131l\u0131 a\u00e7\u0131klamas\u0131nda, her an ihtiya\u00e7 sahibi vatanda\u015flar\u0131n yanlar\u0131nda olduklar\u0131n\u0131 belirtti.<br \/>Aile odakl\u0131 sosyal yard\u0131m ve sosyal hizmet anlay\u0131\u015f\u0131yla politika \u00fcretmeye devam ettiklerini vurgulayan Yan\u0131k, bu do\u011frultuda T\u00fcrkiye Aile Destek Program\u0131n\u0131n mevcut b\u00fct\u00e7esini 25 milyar liradan 40 milyar liraya \u00e7\u0131kard\u0131klar\u0131n\u0131 hat\u0131rlatt\u0131.<\/p>\n<p><strong>KASIM AYIYLA B\u0130RL\u0130KTE HESAPLARA GE\u00c7ECEK<\/strong><\/p>\n<p>Program\u0131n kapsam\u0131n\u0131 geni\u015flettiklerini, destek program\u0131 s\u00fcresince sosyal yard\u0131m faydalan\u0131c\u0131s\u0131 hanelerde bulunan \u00e7ocuklar i\u00e7in de ilave destek sa\u011flayacaklar\u0131n\u0131 aktaran Yan\u0131k, \u015funlar\u0131 kaydetti:<\/p>\n<p>\u201cT\u00fcrkiye Aile Destek Program\u0131 kapsam\u0131nda hayata ge\u00e7irilen \u00e7ocuk deste\u011fi ile hanelerde bulunan \u00e7ocuk say\u0131s\u0131na g\u00f6re hanelere ayl\u0131k 350 lira ile 650 lira aral\u0131\u011f\u0131nda destek verece\u011fiz. 1-2 \u00e7ocuklu hanelere 350, \u00fc\u00e7 \u00e7ocuklu hanelere 450, d\u00f6rt \u00e7ocuklu hanelere 550, 5 ve \u00fczeri say\u0131da \u00e7ocuk bulunan hanelere 650 lira \u00f6deme yapaca\u011f\u0131z. Sosyal yard\u0131m faydalan\u0131c\u0131s\u0131 hanelere verilecek \u00e7ocuk ba\u015f\u0131na destekle hem \u00e7ocuklu hanelerin hem de \u00e7ocuklar \u00fczerinden olu\u015facak giderlerin desteklenmesini ama\u00e7l\u0131yoruz. T\u00fcrkiye Aile Destek Program\u0131m\u0131z kapsam\u0131nda hayata ge\u00e7irdi\u011fimiz \u00e7ocuk deste\u011fi \u00f6demelerini de kas\u0131m itibar\u0131yla hak sahiplerinin hesaplar\u0131na yat\u0131raca\u011f\u0131z.\u201d<\/p>\n<p>Bakan Yan\u0131k, sosyal refah\u0131n payla\u015f\u0131m\u0131n\u0131 \u00f6nde tutan bak\u0131\u015f a\u00e7\u0131s\u0131yla, arz odakl\u0131 g\u00fc\u00e7l\u00fc sosyal yard\u0131m programlar\u0131yla, kaynaklar\u0131n b\u00fct\u00fcn toplum kesimlerinin yarar\u0131na olacak \u015fekilde da\u011f\u0131t\u0131lmas\u0131n\u0131 her d\u00f6nemde \u00f6ncelediklerini ve bu do\u011frultuda \u00e7al\u0131\u015ft\u0131klar\u0131n\u0131 vurgulad\u0131. (AA)<\/p>\n","protected":false},"excerpt":{"rendered":"<p>Aile ve Sosyal Hizmetler Bakan\u0131 Derya Yan\u0131k, T\u00fcrkiye Aile Destek Program\u0131 kapsam\u0131nda hayata ge\u00e7irdikleri \u00e7ocuk deste\u011fi \u00f6demelerini kas\u0131m &#8230;<\/p>\n","protected":false},"author":1,"featured_media":47458,"comment_status":"closed","ping_status":"open","sticky":false,"template":"","format":"standard","meta":{"footnotes":""},"categories":[26],"tags":[1079,765,8655,78,2349],"class_list":["post-47457","post","type-post","status-publish","format-standard","has-post-thumbnail","hentry","category-gundem","tag-aile","tag-cocuk","tag-hanelere","tag-lira","tag-sosyal"],"_links":{"self":[{"href":"https:\/\/haberulus.net\/index.php?rest_route=\/wp\/v2\/posts\/47457","targetHints":{"allow":["GET"]}}],"collection":[{"href":"https:\/\/haberulus.net\/index.php?rest_route=\/wp\/v2\/posts"}],"about":[{"href":"https:\/\/haberulus.net\/index.php?rest_route=\/wp\/v2\/types\/post"}],"author":[{"embeddable":true,"href":"https:\/\/haberulus.net\/index.php?rest_route=\/wp\/v2\/users\/1"}],"replies":[{"embeddable":true,"href":"https:\/\/haberulus.net\/index.php?rest_route=%2Fwp%2Fv2%2Fcomments&post=47457"}],"version-history":[{"count":1,"href":"https:\/\/haberulus.net\/index.php?rest_route=\/wp\/v2\/posts\/47457\/revisions"}],"predecessor-version":[{"id":47459,"href":"https:\/\/haberulus.net\/index.php?rest_route=\/wp\/v2\/posts\/47457\/revisions\/47459"}],"wp:featuredmedia":[{"embeddable":true,"href":"https:\/\/haberulus.net\/index.php?rest_route=\/wp\/v2\/media\/47458"}],"wp:attachment":[{"href":"https:\/\/haberulus.net\/index.php?rest_route=%2Fwp%2Fv2%2Fmedia&parent=47457"}],"wp:term":[{"taxonomy":"category","embeddable":true,"href":"https:\/\/haberulus.net\/index.php?rest_route=%2Fwp%2Fv2%2Fcategories&post=47457"},{"taxonomy":"post_tag","embeddable":true,"href":"https:\/\/haberulus.net\/index.php?rest_route=%2Fwp%2Fv2%2Ftags&post=47457"}],"curies":[{"name":"wp","href":"https:\/\/api.w.org\/{rel}","templated":true}]}}