{"id":47466,"date":"2022-10-31T09:36:04","date_gmt":"2022-10-31T09:36:04","guid":{"rendered":"https:\/\/haberulus.net\/?p=47466"},"modified":"2022-10-31T09:36:04","modified_gmt":"2022-10-31T09:36:04","slug":"erdal-inonunun-vefatinin-uzerinden-15-yil-gecti","status":"publish","type":"post","link":"https:\/\/haberulus.net\/?p=47466","title":{"rendered":"Erdal \u0130n\u00f6n\u00fc\u2019n\u00fcn vefat\u0131n\u0131n \u00fczerinden 15 y\u0131l ge\u00e7ti"},"content":{"rendered":"<p><b>&#8220;Siyasetin g\u00fclen y\u00fcz\u00fc&#8221; olarak adland\u0131r\u0131lan eski Ba\u015fbakan Yard\u0131mc\u0131s\u0131 ve SHP Genel Ba\u015fkan\u0131 Erdal \u0130n\u00f6n\u00fc, bir bilim adam\u0131 olarak da T\u00fcrk siyasetinde iz b\u0131rakanlar aras\u0131nda yer ald\u0131.<\/b><\/p>\n<p>Eski Ba\u015fbakan Yard\u0131mc\u0131s\u0131 ve SHP Genel Ba\u015fkan\u0131 Erdal \u0130n\u00f6n\u00fc\u2019n\u00fcn vefat\u0131n\u0131n \u00fczerinden 15 y\u0131l ge\u00e7ti.<\/p>\n<p>T\u00fcrkiye Cumhuriyetinin \u0130kinci Cumhurba\u015fkan\u0131 \u0130smet \u0130n\u00f6n\u00fc\u2019n\u00fcn \u00fc\u00e7 \u00e7ocu\u011fundan biri olan Erdal \u0130n\u00f6n\u00fc, \u201csiyasetin g\u00fclen y\u00fcz\u00fc\u201d ve bir bilim adam\u0131 olarak iz b\u0131rakt\u0131.<\/p>\n<div><img decoding=\"async\" src=\"https:\/\/i01.sozcucdn.com\/wp-content\/uploads\/2022\/10\/31\/2022_ekim_aa-29305981.jpg\" alt=\"\" title=\"\"><\/p>\n<p>AA<\/p>\n<\/div>\n<p>\u0130smet ve Mevhibe \u0130n\u00f6n\u00fc\u2019n\u00fcn ortanca \u00e7ocu\u011fu olan Erdal \u0130n\u00f6n\u00fc, 6 Haziran 1926\u2019da Ankara\u2019da d\u00fcnyaya geldi.<\/p>\n<div><img decoding=\"async\" src=\"https:\/\/i01.sozcucdn.com\/wp-content\/uploads\/2022\/10\/31\/aa-20221031-29306018-29305991-erdal_inonunun_vefatinin_uzerinden_15_yil_gecti.jpg\" alt=\"\" title=\"\"><\/p>\n<p>AA<\/p>\n<\/div>\n<p>\u0130n\u00f6n\u00fc, ilk, orta ve lise \u00f6\u011frenimini tamamlad\u0131ktan sonra 1947\u2019de Ankara \u00dcniversitesi Fen Fak\u00fcltesi Fizik-Matematik B\u00f6l\u00fcm\u00fc\u2019n\u00fc bitirdi.<\/p>\n<p>Daha sonra ABD\u2019ye giden \u0130n\u00f6n\u00fc, Kaliforniya \u00dcniversitesi Teknoloji Enstit\u00fcs\u00fc\u2019nde y\u00fcksek lisans ve doktora e\u011fitimi g\u00f6rd\u00fc. T\u00fcrkiye\u2019ye 1952\u2019de d\u00f6nen \u0130n\u00f6n\u00fc, Ankara \u00dcniversitesi Fen Fak\u00fcltesi\u2019nden do\u00e7ent unvan\u0131 ald\u0131.<\/p>\n<p>Sevin\u00e7 \u0130n\u00f6n\u00fc ile 1957\u2019de evlenen \u0130n\u00f6n\u00fc, Princeton \u00dcniversitesi ile Oak Ridge Princeton National Laboratory\u2019de 1958-1960 y\u0131llar\u0131nda \u201ckonuk ara\u015ft\u0131rmac\u0131\u201d olarak yer ald\u0131.<\/p>\n<p>Sonras\u0131nda, Orta Do\u011fu Teknik \u00dcniversitesi (ODT\u00dc) rekt\u00f6rl\u00fc\u011f\u00fc yapan Erdal \u0130n\u00f6n\u00fc, 12 Eyl\u00fcl 1980 askeri darbesinden sonra \u00f6\u011fretim \u00fcyeli\u011fini b\u0131rakarak siyasete girdi.<\/p>\n<p><img decoding=\"async\" src=\"https:\/\/i01.sozcucdn.com\/wp-content\/uploads\/2022\/10\/31\/detay-kopya-6.jpg\" alt=\"\" title=\"\"><\/p>\n<p>Kurulmas\u0131na \u00f6nc\u00fcl\u00fck etti\u011fi Sosyal Demokrasi Partisi\u2019nin (SODEP) genel ba\u015fkan\u0131 olan \u0130n\u00f6n\u00fc, partisi ile Halk\u00e7\u0131 Parti\u2019nin birle\u015fmesinde de etkin bir rol oynad\u0131.<\/p>\n<p>Bu birle\u015fmenin ard\u0131ndan Sosyaldemokrat Halk\u00e7\u0131 Parti (SHP) ad\u0131yla T\u00fcrk siyaset hayat\u0131nda yerini alan partinin genel ba\u015fkan\u0131 \u0130n\u00f6n\u00fc oldu.<\/p>\n<p><strong>1989 SE\u00c7\u0130MLER\u0130NDEN B\u0130R\u0130NC\u0130 PART\u0130 \u00c7IKTI<\/strong><\/p>\n<p>Erdal \u0130n\u00f6n\u00fc liderli\u011findeki SHP, Anavatan Partisi\u2019nin (ANAP) iktidarda bulundu\u011fu 1989 yerel se\u00e7imlerinde oylar\u0131n y\u00fczde 28,7\u2019sini alarak birinci parti konumuna y\u00fckseldi. SHP, ba\u015fta \u0130stanbul, Ankara ve \u0130zmir olmak \u00fczere 67 il merkezindeki belediye ba\u015fkanl\u0131klar\u0131n\u0131n 39\u2019unu kazand\u0131.<\/p>\n<p>T\u00fcrkiye\u2019de Ekim 1991\u2019de yap\u0131lan erken genel se\u00e7imlerde oylar\u0131n y\u00fczde 20\u2019sini alan SHP, \u00fc\u00e7\u00fcnc\u00fc parti oldu.<\/p>\n<p><img decoding=\"async\" src=\"https:\/\/i01.sozcucdn.com\/wp-content\/uploads\/2022\/10\/31\/detay-kopya-2.jpg\" alt=\"\" title=\"\"><\/p>\n<p>Parti i\u00e7i muhalefetin bu ba\u015far\u0131s\u0131zl\u0131\u011f\u0131n sorumlulu\u011funu \u0130n\u00f6n\u00fc y\u00f6netimine y\u00fcklemesine ra\u011fmen Do\u011fru Yol Partisi\u2019nin (DYP) SHP ile koalisyon h\u00fck\u00fcmeti kurmas\u0131, h\u00fck\u00fcmette Ba\u015fbakan Yard\u0131mc\u0131l\u0131\u011f\u0131 ve Devlet Bakanl\u0131\u011f\u0131 g\u00f6revlerini \u00fcstlenen \u0130n\u00f6n\u00fc\u2019n\u00fcn parti i\u00e7indeki durumunu g\u00fc\u00e7lendirdi.<\/p>\n<p>Ayn\u0131 se\u00e7imlere SHP listelerinden kat\u0131lan Halk\u0131n Emek Partisi (HEP) adaylar\u0131ndan 18\u2019i, milletvekili se\u00e7ilerek Meclis\u2019e girdi. HEP\u2019li Leyla Zana ile Hatip Dicle\u2019nin K\u00fcrt\u00e7e yemin etmek istemeleri \u00fczerine, TBMM\u2019de ya\u015fananlar ve Paris\u2019teki K\u00fcrt konferans\u0131 tart\u0131\u015fmas\u0131 sonras\u0131 Erdal \u0130n\u00f6n\u00fc, bu iki milletvekilinin partiden istifas\u0131n\u0131 istedi.<\/p>\n<p>Bunun \u00fczerine SHP\u2019den ayr\u0131lan HEP k\u00f6kenli milletvekilleri Demokrasi Partisini (DEP) kurdu.<\/p>\n<div><img decoding=\"async\" src=\"https:\/\/i01.sozcucdn.com\/wp-content\/uploads\/2022\/10\/31\/aa-20221031-29306018-29306007-erdal_inonunun_vefatinin_uzerinden_15_yil_gecti.jpg\" alt=\"\" title=\"\"><\/p>\n<p>AA<\/p>\n<\/div>\n<p>SHP\u2019nin 1992\u2019deki 7. Ola\u011fan\u00fcst\u00fc Kurultay\u0131\u2019nda, \u0130n\u00f6n\u00fc\u2019n\u00fcn kar\u015f\u0131s\u0131na \u00e7\u0131kan Deniz Baykal ve muhalefet grubu ba\u015far\u0131l\u0131 olamad\u0131. \u0130n\u00f6n\u00fc\u2019n\u00fcn yeniden genel ba\u015fkan se\u00e7ildi\u011fi kurultay sonras\u0131, Baykal ve ekibi SHP\u2019den ayr\u0131larak 12 Eyl\u00fcl 1980 darbesinin ard\u0131ndan kapat\u0131lan CHP\u2019yi yeniden a\u00e7t\u0131.<\/p>\n<p>D\u00f6nemin cumhurba\u015fkan\u0131 Turgut \u00d6zal\u2019\u0131n 17 Nisan 1993\u2019teki \u00f6l\u00fcm\u00fc ve ard\u0131ndan S\u00fcleyman Demirel\u2019in cumhurba\u015fkanl\u0131\u011f\u0131na se\u00e7ilmesinden sonra yakla\u015f\u0131k 1,5 ay ba\u015fbakanl\u0131k g\u00f6revine vekalet eden \u0130n\u00f6n\u00fc, Demirel\u2019in cumhurba\u015fkan\u0131 adayl\u0131\u011f\u0131na verdi\u011fi destek nedeniyle sol kesimin ele\u015ftirilerine maruz kald\u0131.<\/p>\n<p><img decoding=\"async\" src=\"https:\/\/i01.sozcucdn.com\/wp-content\/uploads\/2022\/10\/31\/2022_ekim_aa-29305999.jpg\" alt=\"\" title=\"\"><\/p>\n<p>SHP ile CHP\u2019nin birle\u015fti\u011fi 1995\u2019teki kurultayda CHP\u2019nin \u201cOnursal Genel Ba\u015fkan\u0131\u201d se\u00e7ilen \u0130n\u00f6n\u00fc, DYP-CHP koalisyon h\u00fck\u00fcmetinin Ba\u015fbakan Yard\u0131mc\u0131s\u0131 ve D\u0131\u015fi\u015fleri Bakan\u0131 oldu.<\/p>\n<p>\u0130n\u00f6n\u00fc, sonras\u0131nda aktif siyaseti b\u0131rakarak, siyasi kariyerini noktalad\u0131.<\/p>\n<p>2001\u2019de CHP Genel Ba\u015fkan\u0131 Deniz Baykal\u2019\u0131n baz\u0131 uygulamalar\u0131na tepki g\u00f6stererek, CHP\u2019den de istifa eden \u0130n\u00f6n\u00fc, sosyal demokrat \u00e7evrelerden yap\u0131lan \u0131srarlara ra\u011fmen aktif siyasete d\u00f6nmedi.<\/p>\n<p><img decoding=\"async\" src=\"https:\/\/i01.sozcucdn.com\/wp-content\/uploads\/2022\/10\/31\/detay-kopya-3.jpg\" alt=\"\" title=\"\"><\/p>\n<p>T\u00dcB\u0130TAK Bilim Kurulu, Atom Enerjisi Komisyonu, UNESCO Y\u00fcr\u00fctme Konseyi \u00fcyeli\u011fi ve T\u00fcrk Fizik Derne\u011fi ba\u015fkanl\u0131\u011f\u0131 da yapan Erdal \u0130n\u00f6n\u00fc\u2019n\u00fcn, 1951\u2019de Macar as\u0131ll\u0131 ABD\u2019li atom fizik\u00e7isi Eugene Wigner ile Princeton \u00dcniversitesi\u2019nde ortak yapt\u0131\u011f\u0131 \u00e7al\u0131\u015fma uluslararas\u0131 bilim dergilerinde yer ald\u0131.<\/p>\n<p>Fizik alan\u0131nda Nobel\u2019den sonraki en \u00f6nemli \u00f6d\u00fcl olan Wigner Madalyas\u0131\u2019n\u0131 2004\u2019te alan \u0130n\u00f6n\u00fc, bu \u00f6d\u00fcl\u00fc Feza G\u00fcrsey\u2019den sonra hak eden ikinci T\u00fcrk oldu.<\/p>\n<p>Erdal \u0130n\u00f6n\u00fc ayr\u0131ca T\u00fcrkiye Cumhuriyeti ve Osmanl\u0131 \u0130mparatorlu\u011fu ile ilgili bilimsel \u00e7al\u0131\u015fmalar yapt\u0131.<\/p>\n<p><img decoding=\"async\" src=\"https:\/\/i01.sozcucdn.com\/wp-content\/uploads\/2022\/10\/31\/detay-kopya-4.jpg\" alt=\"\" title=\"\"><\/p>\n<p>Siyaseti b\u0131rakt\u0131ktan sonra tekrar \u00f6\u011fretim \u00fcyeli\u011fine d\u00f6nen \u0130n\u00f6n\u00fc, hastal\u0131\u011f\u0131 nedeniyle ABD\u2019ye tedavi olmaya gitti.<\/p>\n<p>ABD\u2019deki hastanede, 31 Ekim 2007\u2019de 81 ya\u015f\u0131nda ya\u015fam\u0131n\u0131 yitiren \u0130n\u00f6n\u00fc\u2019n\u00fcn cenazesi Ankara\u2019ya nakledildi.<\/p>\n<p>\u0130n\u00f6n\u00fc\u2019n\u00fcn cenazesi, TBMM\u2019de yap\u0131lan devlet t\u00f6reninin ard\u0131ndan, Ankara\u2019da do\u011fdu\u011fu Pembe K\u00f6\u015fk\u2019\u00fcn bah\u00e7esine getirildi.<\/p>\n<p><img decoding=\"async\" src=\"https:\/\/i01.sozcucdn.com\/wp-content\/uploads\/2022\/10\/31\/detay-kopya-5.jpg\" alt=\"\" title=\"\"><\/p>\n<p>E\u015fi Sevin\u00e7 \u0130n\u00f6n\u00fc\u2019n\u00fcn iste\u011fiyle \u0130stanbul\u2019a g\u00f6t\u00fcr\u00fclen \u0130n\u00f6n\u00fc\u2019n\u00fcn cenazesi, 4 Kas\u0131m Pazar g\u00fcn\u00fc Te\u015fvikiye Camisi\u2019nde k\u0131l\u0131nan \u00f6\u011fle namaz\u0131n\u0131n ard\u0131ndan Zincirlikuyu Mezarl\u0131\u011f\u0131\u2019ndaki aile kabristan\u0131nda topra\u011fa verildi. (AA)<\/p>\n","protected":false},"excerpt":{"rendered":"<p>&#8220;Siyasetin g\u00fclen y\u00fcz\u00fc&#8221; olarak adland\u0131r\u0131lan eski Ba\u015fbakan Yard\u0131mc\u0131s\u0131 ve SHP Genel Ba\u015fkan\u0131 Erdal \u0130n\u00f6n\u00fc, bir bilim adam\u0131 olarak da T\u00fcrk siyasetinde &#8230;<\/p>\n","protected":false},"author":1,"featured_media":47467,"comment_status":"closed","ping_status":"open","sticky":false,"template":"","format":"standard","meta":{"footnotes":""},"categories":[26],"tags":[3798,442,8657,4069,87],"class_list":["post-47466","post","type-post","status-publish","format-standard","has-post-thumbnail","hentry","category-gundem","tag-inonu","tag-parti","tag-shp","tag-siyaset","tag-turk"],"_links":{"self":[{"href":"https:\/\/haberulus.net\/index.php?rest_route=\/wp\/v2\/posts\/47466","targetHints":{"allow":["GET"]}}],"collection":[{"href":"https:\/\/haberulus.net\/index.php?rest_route=\/wp\/v2\/posts"}],"about":[{"href":"https:\/\/haberulus.net\/index.php?rest_route=\/wp\/v2\/types\/post"}],"author":[{"embeddable":true,"href":"https:\/\/haberulus.net\/index.php?rest_route=\/wp\/v2\/users\/1"}],"replies":[{"embeddable":true,"href":"https:\/\/haberulus.net\/index.php?rest_route=%2Fwp%2Fv2%2Fcomments&post=47466"}],"version-history":[{"count":1,"href":"https:\/\/haberulus.net\/index.php?rest_route=\/wp\/v2\/posts\/47466\/revisions"}],"predecessor-version":[{"id":47468,"href":"https:\/\/haberulus.net\/index.php?rest_route=\/wp\/v2\/posts\/47466\/revisions\/47468"}],"wp:featuredmedia":[{"embeddable":true,"href":"https:\/\/haberulus.net\/index.php?rest_route=\/wp\/v2\/media\/47467"}],"wp:attachment":[{"href":"https:\/\/haberulus.net\/index.php?rest_route=%2Fwp%2Fv2%2Fmedia&parent=47466"}],"wp:term":[{"taxonomy":"category","embeddable":true,"href":"https:\/\/haberulus.net\/index.php?rest_route=%2Fwp%2Fv2%2Fcategories&post=47466"},{"taxonomy":"post_tag","embeddable":true,"href":"https:\/\/haberulus.net\/index.php?rest_route=%2Fwp%2Fv2%2Ftags&post=47466"}],"curies":[{"name":"wp","href":"https:\/\/api.w.org\/{rel}","templated":true}]}}