{"id":48085,"date":"2022-11-01T09:06:07","date_gmt":"2022-11-01T09:06:07","guid":{"rendered":"https:\/\/haberulus.net\/?p=48085"},"modified":"2022-11-01T09:06:07","modified_gmt":"2022-11-01T09:06:07","slug":"semdin-sakik-gece-gizlice-nakledildi","status":"publish","type":"post","link":"https:\/\/haberulus.net\/?p=48085","title":{"rendered":"\u015eemdin Sak\u0131k gece gizlice nakledildi"},"content":{"rendered":"<p><b>Diyarbak\u0131r E Tipi Kapal\u0131 Cezaevi m\u00fcze yap\u0131laca\u011f\u0131 i\u00e7in bo\u015falt\u0131ld\u0131. Burada 24 y\u0131ldan beri tek ki\u015filik \u00f6zel ko\u011fu\u015fta tutulan ter\u00f6r \u00f6rg\u00fct\u00fc PKK\u2019n\u0131n eski y\u00f6neticisi &#8216;Parmaks\u0131z Zeki&#8217; kod adl\u0131 \u015eemdin Sak\u0131k, gece ge\u00e7 saatlerde gizlilik i\u00e7inde ba\u015fka cezaevine nakledildi.<\/b><\/p>\n<p>12 Eyl\u00fcl 1980 askeri darbesinden sonra faaliyete ge\u00e7irilen ve o g\u00fcnden beri i\u015fkence ve k\u00f6t\u00fc muamele, insan haklar\u0131 ihlalleriyle an\u0131lan Diyarbak\u0131r E Tipi Y\u00fcksek G\u00fcvenlikli Kapal\u0131 Cezaevi&#8217;nin Adalet Bakanl\u0131\u011f\u0131 taraf\u0131ndan bo\u015falt\u0131lmas\u0131 \u00fczerine buradaki tutuklular da Diyarbak\u0131r&#8217;daki Cezaevi kamp\u00fcs\u00fcne sevk edildi.<\/p>\n<p>Cezaevinin Cumhurba\u015fkan\u0131 Recep Tayyip Erdo\u011fan&#8217;\u0131n Diyarbak\u0131r ziyareti \u00f6ncesinde h\u0131zl\u0131ca tahliye edilmesi ve devam\u0131nda m\u00fcze yap\u0131lmas\u0131 karar\u0131 al\u0131narak devrinin K\u00fclt\u00fcr Bakanl\u0131\u011f\u0131na yap\u0131lmas\u0131ndan sonra g\u00f6zler bu cezaevinde 24 y\u0131ldan beri tutuklu bulunan ter\u00f6r \u00f6rg\u00fct\u00fc PKK&#8217;n\u0131n bir d\u00f6nem iki numaral\u0131 adam\u0131 olarak bilinen \u015eemdin Sak\u0131k&#8217;a \u00e7evrildi.<\/p>\n<p><img decoding=\"async\" src=\"https:\/\/i01.sozcucdn.com\/wp-content\/uploads\/2022\/11\/01\/ekran-goruntusu-2022-11-01-114851.jpg\" alt=\"\" title=\"\"><\/p>\n<p><strong>\u00d6ZEL HAREKAT T\u0130MLER\u0130 DE E\u015eL\u0130K ETT\u0130<\/strong><\/p>\n<p>Sak\u0131k&#8217;\u0131n Diyarbak\u0131r&#8217;daki D Tipi Y\u00fcksek G\u00fcvenlikli Cezaevinde ter\u00f6r zanl\u0131lar\u0131n\u0131n bulunmas\u0131 ve di\u011fer cezaevlerinde de tutuklu ve h\u00fck\u00fcml\u00fc mevcudunun y\u00fcksek olmas\u0131 nedeniyle can g\u00fcvenli\u011fi konusunda zafiyet olabilece\u011fe gerek\u00e7esiyle Elaz\u0131\u011f&#8217;a sevk edildi\u011fi bildirildi.<\/p>\n<p>Cezaevinin bo\u015falt\u0131lmas\u0131ndan \u00f6nce Ceza Tevkif Evleri Genel M\u00fcd\u00fcrl\u00fc\u011f\u00fcnce Diyarbak\u0131r Ba\u015fsavc\u0131l\u0131\u011f\u0131na g\u00f6nderilen yaz\u0131da, Sak\u0131k&#8217;\u0131n azami d\u00fczeyde sa\u011flanacak g\u00fcvenlik tedbirleri alt\u0131nda g\u00fcvenli bir \u015fekilde Elaz\u0131\u011f E Tipi Cezaevine nakledilmesi istendi.<\/p>\n<p>Bunun \u00fczerine Cezaevi idaresi z\u0131rhl\u0131 ring arac\u0131yla gece ge\u00e7 saatlerde b\u00fcy\u00fck bir gizlilik i\u00e7inde Jandarma \u00d6zel Harekat Timlerinin de e\u015flik etti\u011fi bir konvoyla Elaz\u0131\u011f&#8217;a nakledildi.<\/p>\n<p><img decoding=\"async\" src=\"https:\/\/i01.sozcucdn.com\/wp-content\/uploads\/2022\/11\/01\/ekran-goruntusu-2022-11-01-114800.jpg\" alt=\"\" title=\"\"><\/p>\n<p><strong>CEZASI \u0130DAMDAN A\u011eIR M\u00dcEBBEDE \u00c7EVR\u0130LD\u0130<\/strong><\/p>\n<p>Sak\u0131k i\u00e7in burada da kendisine uygun di\u011fer ter\u00f6r ve adli tutuklulardan ayr\u0131 ba\u011f\u0131ms\u0131z \u00f6zel tek ki\u015filik bir ko\u011fu\u015f haz\u0131rland\u0131\u011f\u0131 \u00f6\u011frenildi. 1990&#8217;l\u0131 y\u0131llar\u0131n ba\u015f\u0131nda ger\u00e7ekle\u015ftirdi\u011fi kanl\u0131 sald\u0131r\u0131larla g\u00fcndemden d\u00fc\u015fmeyen \u015eemdin Sak\u0131k, 15 Mart 1998 y\u0131l\u0131nda Irak&#8217;\u0131n kuzeyinde d\u00fczenlenen bir operasyonla yakalan\u0131p T\u00fcrkiye&#8217;ye getirildi.<\/p>\n<p>251 silahl\u0131 eylemde 238 asker, polis, korucu ve sivilin katledilmesinden sorumlu tutulan Sak\u0131k, kapat\u0131lan Diyarbak\u0131r 1 No&#8217;lu Devlet G\u00fcvenlik Mahkemesince 20 May\u0131s 1999&#8217;da idam cezas\u0131yla cezaland\u0131r\u0131ld\u0131. \u0130dam\u0131n kald\u0131r\u0131lmas\u0131ndan sonra cezas\u0131 a\u011f\u0131rla\u015ft\u0131r\u0131lm\u0131\u015f m\u00fcebbet hapse \u00e7evrilen Sak\u0131k daha sonra itiraf\u00e7\u0131 olup pi\u015fmanl\u0131k yasas\u0131ndan yararlanmak i\u00e7in yarg\u0131land\u0131\u011f\u0131 mahkemeye dilek\u00e7e verdi.<\/p>\n<p>Ter\u00f6r \u00f6rg\u00fct\u00fcn\u00fcn s\u0131\u011f\u0131nak ve bar\u0131naklar\u0131, \u00f6rg\u00fct\u00fcn ge\u00e7i\u015f g\u00fczergahlar\u0131, faaliyet alanlar\u0131 hakk\u0131nda \u00f6nemli itiraflarda bulunan Sak\u0131k&#8217;\u0131n talebi vahim nitelikte silahl\u0131 sald\u0131r\u0131larda bizzat emir ve talimat verdi\u011fi gerek\u00e7esiyle her defas\u0131nda reddedildi.<\/p>\n<p><img decoding=\"async\" src=\"https:\/\/i01.sozcucdn.com\/wp-content\/uploads\/2022\/11\/01\/f74c8344-69b1-49f5-9a96-309274f00f1b.jpg\" alt=\"\" title=\"\"><\/p>\n<p><strong>ERGENEKON&#8217;DA G\u0130ZL\u0130 TANIK OLMU\u015eTU<\/strong><\/p>\n<p>Sak\u0131k, 24 May\u0131s 1993&#8217;te Elaz\u0131\u011f&#8217;da yol kesilerek 33 silahs\u0131z askerin \u015fehit edildi\u011fi sald\u0131r\u0131dan da sorumlu tutulmu\u015f ve bu cezas\u0131 Yarg\u0131tay taraf\u0131ndan onanarak kesinle\u015fmi\u015fti.<\/p>\n<p>\u015eemdin Sak\u0131k, E Tipi Cezaevinde tutuklu iken Ergenekon kumpas davas\u0131n\u0131n duru\u015fma savc\u0131lar\u0131 Diyarbak\u0131r&#8217;a gelerek Sak\u0131k ile cezaevinde g\u00f6r\u00fc\u015ferek onu gizli tan\u0131k olmaya ikna etmi\u015fti. Kendisine \u2018Deniz\u2019 kod ad\u0131 verilen Sak\u0131k, \u00f6zellikle Do\u011fu ve G\u00fcneydo\u011fu&#8217;da g\u00f6rev yapm\u0131\u015f \u00fcst d\u00fczey generaller hakk\u0131nda ifade vermi\u015fti.<\/p>\n<p>Sak\u0131k, Lice&#8217;de \u015fehit edilen Jandarma B\u00f6lge Komutan\u0131 Tu\u011fgeneral Bahtiyar Ayd\u0131n suikast\u0131 ba\u015fta olmak \u00fczere Ergenekon davas\u0131nda yarg\u0131lanan generallerle ilgili as\u0131ls\u0131z iddialarda bulunmu\u015f ve sesi duru\u015fma salonunda de\u011fi\u015ftirilerek ifadesi al\u0131nm\u0131\u015ft\u0131. \u0130tiraf\u00e7\u0131l\u0131k yasas\u0131ndan yararlanamayan Sak\u0131k daha sonra gizli tan\u0131k olmaktan vazge\u00e7ti\u011fine dair mahkemeye dilek\u00e7e g\u00f6nderip dosyada ad\u0131 ge\u00e7en \u2018Deniz\u2019 kod adl\u0131 gizli tan\u0131\u011f\u0131n kendisi oldu\u011funu itiraf etmi\u015fti.<\/p>\n","protected":false},"excerpt":{"rendered":"<p>Diyarbak\u0131r E Tipi Kapal\u0131 Cezaevi m\u00fcze yap\u0131laca\u011f\u0131 i\u00e7in bo\u015falt\u0131ld\u0131. Burada 24 y\u0131ldan beri tek ki\u015filik \u00f6zel ko\u011fu\u015fta tutulan ter\u00f6r \u00f6rg\u00fct\u00fc PKK\u2019n\u0131n &#8230;<\/p>\n","protected":false},"author":1,"featured_media":48086,"comment_status":"closed","ping_status":"open","sticky":false,"template":"","format":"standard","meta":{"footnotes":""},"categories":[26],"tags":[171,5575,2860,3570,2253],"class_list":["post-48085","post","type-post","status-publish","format-standard","has-post-thumbnail","hentry","category-gundem","tag-ceza","tag-cezaevi","tag-diyarbakir","tag-gizli","tag-guvenli"],"_links":{"self":[{"href":"https:\/\/haberulus.net\/index.php?rest_route=\/wp\/v2\/posts\/48085","targetHints":{"allow":["GET"]}}],"collection":[{"href":"https:\/\/haberulus.net\/index.php?rest_route=\/wp\/v2\/posts"}],"about":[{"href":"https:\/\/haberulus.net\/index.php?rest_route=\/wp\/v2\/types\/post"}],"author":[{"embeddable":true,"href":"https:\/\/haberulus.net\/index.php?rest_route=\/wp\/v2\/users\/1"}],"replies":[{"embeddable":true,"href":"https:\/\/haberulus.net\/index.php?rest_route=%2Fwp%2Fv2%2Fcomments&post=48085"}],"version-history":[{"count":1,"href":"https:\/\/haberulus.net\/index.php?rest_route=\/wp\/v2\/posts\/48085\/revisions"}],"predecessor-version":[{"id":48087,"href":"https:\/\/haberulus.net\/index.php?rest_route=\/wp\/v2\/posts\/48085\/revisions\/48087"}],"wp:featuredmedia":[{"embeddable":true,"href":"https:\/\/haberulus.net\/index.php?rest_route=\/wp\/v2\/media\/48086"}],"wp:attachment":[{"href":"https:\/\/haberulus.net\/index.php?rest_route=%2Fwp%2Fv2%2Fmedia&parent=48085"}],"wp:term":[{"taxonomy":"category","embeddable":true,"href":"https:\/\/haberulus.net\/index.php?rest_route=%2Fwp%2Fv2%2Fcategories&post=48085"},{"taxonomy":"post_tag","embeddable":true,"href":"https:\/\/haberulus.net\/index.php?rest_route=%2Fwp%2Fv2%2Ftags&post=48085"}],"curies":[{"name":"wp","href":"https:\/\/api.w.org\/{rel}","templated":true}]}}