{"id":48262,"date":"2022-11-01T12:51:05","date_gmt":"2022-11-01T12:51:05","guid":{"rendered":"https:\/\/haberulus.net\/?p=48262"},"modified":"2022-11-01T12:51:05","modified_gmt":"2022-11-01T12:51:05","slug":"takipcilerini-kaybedenler-hesaplari-kapatilanlar-uygulamadan-atilanlar-instagramda-neler-oluyor","status":"publish","type":"post","link":"https:\/\/haberulus.net\/?p=48262","title":{"rendered":"Takip\u00e7ilerini kaybedenler, hesaplar\u0131 kapat\u0131lanlar, uygulamadan at\u0131lanlar\u2026 Instagram\u2019da neler oluyor?"},"content":{"rendered":"<p><b>Instagram haftaya sorunlarla ba\u015flad\u0131. D\u00fcnyan\u0131n farkl\u0131 b\u00f6lgelerinden pek \u00e7ok kullan\u0131c\u0131 hesaplar\u0131n\u0131n ask\u0131ya al\u0131nd\u0131\u011f\u0131ndan ya da takip\u00e7ilerini kaybettiklerinden \u015fikayet\u00e7i olurken b\u00fcy\u00fck bir k\u0131sm\u0131 da uygulaman\u0131n kendili\u011finden kapand\u0131\u011f\u0131n\u0131 s\u00f6yledi.<\/b><\/p>\n<p>Meta, son zamanlarda pek de parlak g\u00fcnler ge\u00e7irmiyor. Ge\u00e7ti\u011fimiz hafta saatlerce WhatsApp uygulamas\u0131 \u00e7\u00f6ken \u015firketin bu defa da Instagram uygulamas\u0131nda sorunlar ya\u015fan\u0131yor. D\u00fcnyan\u0131n farkl\u0131 b\u00f6lgelerinden pek \u00e7ok kullan\u0131c\u0131, sosyal medyada uygulama ile ya\u015fad\u0131\u011f\u0131 sorunlardan \u015fikayet\u00e7i oldu.<\/p>\n<p>Pazartesi g\u00fcn\u00fc \u00e7\u0131kan haberlerde Instagram kullan\u0131c\u0131lar\u0131n\u0131n baz\u0131lar\u0131n\u0131n hesaplar\u0131n\u0131n ask\u0131ya al\u0131nd\u0131\u011f\u0131 ve baz\u0131lar\u0131n\u0131n da takip\u00e7ilerini kaybetti\u011fi konu\u015fulurken bir ba\u015fka sorun daha ortaya \u00e7\u0131kt\u0131.<\/p>\n<div><img decoding=\"async\" src=\"https:\/\/i01.sozcucdn.com\/wp-content\/uploads\/2022\/11\/01\/shutterstock_1593995797.jpg\" alt=\"\" title=\"\"><\/p>\n<p>\u00d6nce WhatsApp, \u015fimdi de Instagram\u2026 Meta\u2019da sorunlar bitmiyor.<\/p>\n<\/div>\n<p>Kullan\u0131c\u0131lar\u0131n bir k\u0131sm\u0131 Instagram\u2019\u0131 telefonlar\u0131nda a\u00e7t\u0131ktan 30 saniye sonra uygulaman\u0131n kapand\u0131\u011f\u0131n\u0131 bildirdi. Kullan\u0131c\u0131lar, 30 Ekim\u2019de Instagram uygulamas\u0131n\u0131n a\u00e7\u0131lmad\u0131\u011f\u0131n\u0131 ve kulland\u0131ktan 30 saniye sonra da \u00e7\u00f6kmeye devam etti\u011fini belirtti. Sorunla kar\u015f\u0131 kar\u015f\u0131ya kalanlar\u0131n \u00e7o\u011funlu\u011fu iPhone kullan\u0131c\u0131s\u0131 olsa da Android kullan\u0131c\u0131lar\u0131 da ayn\u0131 problemi ya\u015fad\u0131klar\u0131n\u0131 s\u00f6yledi. Instagram, 5 Ekim\u2019de de benzer bir sorun ile ilgili \u015fikayetler alm\u0131\u015ft\u0131.<\/p>\n<p><img decoding=\"async\" src=\"https:\/\/i01.sozcucdn.com\/wp-content\/uploads\/2022\/11\/01\/instagram-twitter.png\" alt=\"\" title=\"\"><\/p>\n<p>Bu arada Instagram hesaplar\u0131n\u0131n ask\u0131ya al\u0131nmas\u0131 ile ilgili \u015firket, hatan\u0131n \u00e7\u00f6z\u00fcld\u00fc\u011f\u00fcn\u00fc s\u00f6yledi. Twitter\u2019daki InstagramComms hesab\u0131, \u00f6nce sorunlar\u0131n fark\u0131nda oldu\u011funu ve bu konuyu ara\u015ft\u0131rd\u0131\u011f\u0131n\u0131 yazd\u0131, ard\u0131ndan da sorunu \u00e7\u00f6zd\u00fc\u011f\u00fcn\u00fc belirtti: \u201cBu hatay\u0131 \u015fimdilik \u00e7\u00f6zd\u00fck. D\u00fcnyan\u0131n farkl\u0131 yerlerindeki insanlar\u0131n hesaplar\u0131na eri\u015fim sorunlar\u0131 ya\u015famas\u0131na neden oluyordu ve baz\u0131lar\u0131n\u0131n da takip\u00e7i say\u0131lar\u0131nda ge\u00e7ici bir de\u011fi\u015fikli\u011fe neden oldu. \u00d6z\u00fcr dileriz!\u201d<\/p>\n<p>Meta, sadece bir hafta \u00f6nce yakla\u015f\u0131k 2 milyar kullan\u0131c\u0131ya sahip \u015fifreli mesajla\u015fma platformu WhatsApp ile ilgili de sorunlar ya\u015fam\u0131\u015ft\u0131. Uygulama, 25 Ekim\u2019de birka\u00e7 saatli\u011fine eri\u015fime kapal\u0131 kalm\u0131\u015ft\u0131.<\/p>\n<p>Hisse senedi fiyatlar\u0131nda ciddi d\u00fc\u015f\u00fc\u015fler ya\u015fayan Meta ve oda\u011f\u0131n\u0131 metaverse\u2019e \u00e7eviren Mark Zuckerberg son g\u00fcnlerde hissedarlar\u0131n \u00f6fkesini alm\u0131\u015fken Instagram sorunlar\u0131 ayr\u0131ca dikkat \u00e7ekti.<\/p>\n","protected":false},"excerpt":{"rendered":"<p>Instagram haftaya sorunlarla ba\u015flad\u0131. D\u00fcnyan\u0131n farkl\u0131 b\u00f6lgelerinden pek \u00e7ok kullan\u0131c\u0131 hesaplar\u0131n\u0131n ask\u0131ya al\u0131nd\u0131\u011f\u0131ndan ya da takip\u00e7ilerini &#8230;<\/p>\n","protected":false},"author":1,"featured_media":48263,"comment_status":"closed","ping_status":"open","sticky":false,"template":"","format":"standard","meta":{"footnotes":""},"categories":[32],"tags":[218,1257,1256,173,237],"class_list":["post-48262","post","type-post","status-publish","format-standard","has-post-thumbnail","hentry","category-teknoloji","tag-instagram","tag-kullanici","tag-meta","tag-sorunlar","tag-uygulama"],"_links":{"self":[{"href":"https:\/\/haberulus.net\/index.php?rest_route=\/wp\/v2\/posts\/48262","targetHints":{"allow":["GET"]}}],"collection":[{"href":"https:\/\/haberulus.net\/index.php?rest_route=\/wp\/v2\/posts"}],"about":[{"href":"https:\/\/haberulus.net\/index.php?rest_route=\/wp\/v2\/types\/post"}],"author":[{"embeddable":true,"href":"https:\/\/haberulus.net\/index.php?rest_route=\/wp\/v2\/users\/1"}],"replies":[{"embeddable":true,"href":"https:\/\/haberulus.net\/index.php?rest_route=%2Fwp%2Fv2%2Fcomments&post=48262"}],"version-history":[{"count":1,"href":"https:\/\/haberulus.net\/index.php?rest_route=\/wp\/v2\/posts\/48262\/revisions"}],"predecessor-version":[{"id":48264,"href":"https:\/\/haberulus.net\/index.php?rest_route=\/wp\/v2\/posts\/48262\/revisions\/48264"}],"wp:featuredmedia":[{"embeddable":true,"href":"https:\/\/haberulus.net\/index.php?rest_route=\/wp\/v2\/media\/48263"}],"wp:attachment":[{"href":"https:\/\/haberulus.net\/index.php?rest_route=%2Fwp%2Fv2%2Fmedia&parent=48262"}],"wp:term":[{"taxonomy":"category","embeddable":true,"href":"https:\/\/haberulus.net\/index.php?rest_route=%2Fwp%2Fv2%2Fcategories&post=48262"},{"taxonomy":"post_tag","embeddable":true,"href":"https:\/\/haberulus.net\/index.php?rest_route=%2Fwp%2Fv2%2Ftags&post=48262"}],"curies":[{"name":"wp","href":"https:\/\/api.w.org\/{rel}","templated":true}]}}