{"id":48391,"date":"2022-11-01T15:36:04","date_gmt":"2022-11-01T15:36:04","guid":{"rendered":"https:\/\/haberulus.net\/?p=48391"},"modified":"2022-11-01T15:36:04","modified_gmt":"2022-11-01T15:36:04","slug":"hollandada-polis-memurlarinin-basortusu-takabilmesinin-mumkun-hale-getirilmesi-onerisi","status":"publish","type":"post","link":"https:\/\/haberulus.net\/?p=48391","title":{"rendered":"Hollanda\u2019da \u2018polis memurlar\u0131n\u0131n ba\u015f\u00f6rt\u00fcs\u00fc takabilmesinin m\u00fcmk\u00fcn hale getirilmesi\u2019 \u00f6nerisi"},"content":{"rendered":"<p><b>Hollanda Polis Te\u015fkilat\u0131 Ayr\u0131mc\u0131l\u0131k ve Irk\u00e7\u0131l\u0131kla M\u00fccadele Ulusal Koordinat\u00f6r\u00fc Johan van Renswoude, polis memurlar\u0131n\u0131n g\u00f6rev s\u0131ras\u0131nda ba\u015f\u00f6rt\u00fcs\u00fc veya di\u011fer dini semboller kullanabilmesinin m\u00fcmk\u00fcn hale getirilmesi gerekti\u011fini belirtti.<\/b><\/p>\n<p>Ayn\u0131 zamanda Utrecht kentinde Polis Te\u015fkilat\u0131nda Komiser olan Van Renswoude, NRC gazetesine verdi\u011fi r\u00f6portajda, \u00e7e\u015fitlili\u011fin polis memurlar\u0131n\u0131n g\u00f6r\u00fcn\u00fcm\u00fcyle ilgili bu zamana uygun oldu\u011fu d\u00fc\u015f\u00fcncesini ta\u015f\u0131d\u0131\u011f\u0131n\u0131 ifade etti.<\/p>\n<p>Polis te\u015fkilat\u0131nda y\u0131llard\u0131r arg\u00fcman olarak ge\u00e7erli olan tekd\u00fczeli\u011fin tarafs\u0131zl\u0131\u011f\u0131 temsil etti\u011fine dikkati \u00e7eken van Renswoude, \u201cG\u00fcn\u00fcm\u00fcz\u00fcn \u00e7ok \u00e7e\u015fitli ve kutupla\u015fan toplumunda bu tekd\u00fczelik bir\u00e7ok grubun g\u00f6z\u00fcnde tarafs\u0131z de\u011fil ve h\u00fck\u00fcmet otoritesinin \u00e7ok daha az kabul g\u00f6ren bir g\u00f6stergesidir. Polis te\u015fkilat\u0131n\u0131n tarafs\u0131zl\u0131\u011f\u0131n\u0131n g\u00fc\u00e7lendirilmesi tam da ya\u015fad\u0131\u011f\u0131m\u0131z bu zamanda \u00e7ok \u00f6nemli.\u201d de\u011ferlendirmesinde bulundu.<\/p>\n<p>Van Renswoude, bir polis memurunun g\u00f6rev esnas\u0131nda ba\u015f\u00f6rt\u00fcs\u00fc veya di\u011fer dini sembolleri kullanabilmesinin m\u00fcmk\u00fcn hale getirilmesi gerekti\u011fini vurgulayarak, bu \u015fekilde polis te\u015fkilat\u0131n\u0131n herkesin ve herkese ait bir te\u015fkilat oldu\u011funu ger\u00e7ek manada g\u00f6stermi\u015f olaca\u011f\u0131n\u0131 ifade etti.<\/p>\n<p>Nihai karar\u0131 siyaset\u00e7iler verse bile polis te\u015fkilat\u0131n\u0131n bu konuda bir pozisyon belirlemesi gerekti\u011fini belirten van Renswoude, bir grup uzmanla bir araya gelerek konu \u00fczerinde isti\u015fare yapmak istedi\u011fini kaydetti.<\/p>\n<p><strong>G\u00d6REV BA\u015eINDA D\u0130N\u0130 SEMBOLLER YASAK<\/strong><\/p>\n<p>Hollanda\u2019da bir polis memurunun g\u00f6rev ba\u015f\u0131nda dini semboller ta\u015f\u0131mas\u0131na veya giymesine izin verilmiyor.<\/p>\n<p>D\u00fcnya genelinde sadece \u0130sko\u00e7ya ve Yeni Zelanda\u2019da polis te\u015fkilat\u0131nda g\u00f6rev ba\u015f\u0131nda dini semboller veya giysi yasa\u011f\u0131 bulunmuyor.<\/p>\n<p>Hollanda Adalet ve G\u00fcvenlik Bakan\u0131 Dilan Ye\u015filg\u00f6z, martta Meclise yazd\u0131\u011f\u0131 mektupta, polis \u00fcniformas\u0131n\u0131n tart\u0131\u015fmaya a\u00e7\u0131k olmad\u0131\u011f\u0131n\u0131, polisin devletin bir temsilcisi olarak tamamen tarafs\u0131z olmas\u0131 gerekti\u011fini savunmu\u015ftu.<\/p>\n<p>Hollanda Ayr\u0131mc\u0131l\u0131k ve Irk\u00e7\u0131l\u0131kla M\u00fccadele Ulusal Koordinat\u00f6r\u00fc Rabin Baldewsingh ise 2 ay \u00f6nce yapt\u0131\u011f\u0131 a\u00e7\u0131klamada, h\u00fck\u00fcmetin tarafs\u0131zl\u0131k arg\u00fcman\u0131na kat\u0131lmad\u0131\u011f\u0131n\u0131 bildirmi\u015f, polis te\u015fkilat\u0131nda dini sembollerin kullan\u0131lmas\u0131n\u0131n, h\u00fck\u00fcmetin profesyonelli\u011fini ve tarafs\u0131zl\u0131\u011f\u0131n\u0131 azaltmayaca\u011f\u0131n\u0131 belirtmi\u015fti. (AA)<\/p>\n","protected":false},"excerpt":{"rendered":"<p>Hollanda Polis Te\u015fkilat\u0131 Ayr\u0131mc\u0131l\u0131k ve Irk\u00e7\u0131l\u0131kla M\u00fccadele Ulusal Koordinat\u00f6r\u00fc Johan van Renswoude, polis memurlar\u0131n\u0131n g\u00f6rev s\u0131ras\u0131nda ba\u015f\u00f6rt\u00fcs\u00fc &#8230;<\/p>\n","protected":false},"author":1,"featured_media":48392,"comment_status":"closed","ping_status":"open","sticky":false,"template":"","format":"standard","meta":{"footnotes":""},"categories":[24],"tags":[267,103,8760,8761],"class_list":["post-48391","post","type-post","status-publish","format-standard","has-post-thumbnail","hentry","category-dunya","tag-gorev","tag-polis","tag-polis-teskilati","tag-tarafsiz"],"_links":{"self":[{"href":"https:\/\/haberulus.net\/index.php?rest_route=\/wp\/v2\/posts\/48391","targetHints":{"allow":["GET"]}}],"collection":[{"href":"https:\/\/haberulus.net\/index.php?rest_route=\/wp\/v2\/posts"}],"about":[{"href":"https:\/\/haberulus.net\/index.php?rest_route=\/wp\/v2\/types\/post"}],"author":[{"embeddable":true,"href":"https:\/\/haberulus.net\/index.php?rest_route=\/wp\/v2\/users\/1"}],"replies":[{"embeddable":true,"href":"https:\/\/haberulus.net\/index.php?rest_route=%2Fwp%2Fv2%2Fcomments&post=48391"}],"version-history":[{"count":1,"href":"https:\/\/haberulus.net\/index.php?rest_route=\/wp\/v2\/posts\/48391\/revisions"}],"predecessor-version":[{"id":48393,"href":"https:\/\/haberulus.net\/index.php?rest_route=\/wp\/v2\/posts\/48391\/revisions\/48393"}],"wp:featuredmedia":[{"embeddable":true,"href":"https:\/\/haberulus.net\/index.php?rest_route=\/wp\/v2\/media\/48392"}],"wp:attachment":[{"href":"https:\/\/haberulus.net\/index.php?rest_route=%2Fwp%2Fv2%2Fmedia&parent=48391"}],"wp:term":[{"taxonomy":"category","embeddable":true,"href":"https:\/\/haberulus.net\/index.php?rest_route=%2Fwp%2Fv2%2Fcategories&post=48391"},{"taxonomy":"post_tag","embeddable":true,"href":"https:\/\/haberulus.net\/index.php?rest_route=%2Fwp%2Fv2%2Ftags&post=48391"}],"curies":[{"name":"wp","href":"https:\/\/api.w.org\/{rel}","templated":true}]}}