{"id":49075,"date":"2022-11-02T17:51:05","date_gmt":"2022-11-02T17:51:05","guid":{"rendered":"https:\/\/haberulus.net\/?p=49075"},"modified":"2022-11-02T17:51:05","modified_gmt":"2022-11-02T17:51:05","slug":"konyada-ekmege-zam-geldi","status":"publish","type":"post","link":"https:\/\/haberulus.net\/?p=49075","title":{"rendered":"Konya\u2019da ekme\u011fe zam geldi"},"content":{"rendered":"<p><b>Tah\u0131l ambar\u0131 olarak bilinen Konya\u2019da 3,5 liraya sat\u0131lan 200 gram ekme\u011fin fiyat\u0131 4 liraya y\u00fckseldi. Zamma gerek\u00e7e olarak ise artan maliyetler g\u00f6sterildi. <\/b><\/p>\n<p>Derinle\u015fen ekonomik kriz nedeniyle i\u011fneden ipli\u011fe zam gelmeye devam ediyor. Tah\u0131l ambar\u0131 olarak bilinen Konya\u2019da artan maliyetlerden dolay\u0131 ekme\u011fe zam yap\u0131ld\u0131. Zamm\u0131n ard\u0131ndan 200 gram ekme\u011fin fiyat\u0131 3.5 liradan 4 liraya y\u00fckseldi.<\/p>\n<p><strong>HAZ\u0130RAN AYINDA DA Y\u00dcZDE 40 ZAM GELM\u0130\u015eT\u0130<\/strong><\/p>\n<p>Ekmek zamm\u0131 5 Kas\u0131m Cumartesi g\u00fcn\u00fcnden itibaren ba\u015flayacak.<\/p>\n<p>Konya&#8217;da en son ge\u00e7ti\u011fimiz Haziran ay\u0131nda ekme\u011fe y\u00fczde 40 zam yap\u0131lm\u0131\u015f ve 2,5 liradan sat\u0131lan 200 gram ekme\u011fin fiyat\u0131 3,5 liraya y\u00fckselmi\u015fti.<\/p>\n<p><strong>\u201c4 K\u0130\u015e\u0130L\u0130K B\u0130R A\u0130LE AYDA EKME\u011eE B\u0130N L\u0130RA VERECEK\u201d<\/strong><\/p>\n<p>Konya\u2019da 2022 y\u0131l\u0131 i\u00e7erisinde ekme\u011fe y\u00fczde 100 zam yap\u0131ld\u0131\u011f\u0131n\u0131 s\u00f6yleyen \u0130Y\u0130 Parti Konya Milletvekili Fahrettin Yoku\u015f, \u015funlar\u0131 s\u00f6yledi;<\/p>\n<p>*\u015eehrimizde ekmek fiyatlar\u0131 3,5 liradan 4 liraya y\u00fckseldi. Son 1 y\u0131lda sadece ekme\u011fe yap\u0131lan zam y\u00fczde 100&#8217;\u00fc buldu. Artan maliyetler f\u0131r\u0131nc\u0131 esnaf\u0131m\u0131z\u0131 da zor durumda b\u0131rak\u0131yor.<\/p>\n<p>*Bu sebeple maliyetlerin derhal d\u00fc\u015f\u00fcr\u00fclmesi gerekiyor. Her g\u00fcn \u00fcst \u00fcste gelen zamlar vatanda\u015flar\u0131m\u0131z\u0131 da can\u0131ndan bezdirdi.<\/p>\n<p>*G\u0131da fiyatlar\u0131ndaki fahi\u015f art\u0131\u015ftan sonra vatanda\u015flar\u0131m\u0131z \u00e7o\u011funlukla ekmek t\u00fcketimini art\u0131rmak durumunda kald\u0131.<\/p>\n<p>*4 ki\u015filik bir ailenin g\u00fcnde 8 ekmek yedi\u011fini d\u00fc\u015f\u00fcn\u00fcrsek sadece ayda yakla\u015f\u0131k bin lira ekme\u011fe verecek. Saray iktidar\u0131 \u00fclkemizi sefalete s\u00fcr\u00fckledi. Yaz\u0131k oluyor milletimize.<\/p>\n","protected":false},"excerpt":{"rendered":"<p>Tah\u0131l ambar\u0131 olarak bilinen Konya\u2019da 3,5 liraya sat\u0131lan 200 gram ekme\u011fin fiyat\u0131 4 liraya y\u00fckseldi. Zamma gerek\u00e7e olarak ise artan maliyetler &#8230;<\/p>\n","protected":false},"author":1,"featured_media":49076,"comment_status":"closed","ping_status":"open","sticky":false,"template":"","format":"standard","meta":{"footnotes":""},"categories":[25],"tags":[8851,882,78,3061,79],"class_list":["post-49075","post","type-post","status-publish","format-standard","has-post-thumbnail","hentry","category-ekonomi","tag-ekmege","tag-konya","tag-lira","tag-liraya","tag-zam"],"_links":{"self":[{"href":"https:\/\/haberulus.net\/index.php?rest_route=\/wp\/v2\/posts\/49075","targetHints":{"allow":["GET"]}}],"collection":[{"href":"https:\/\/haberulus.net\/index.php?rest_route=\/wp\/v2\/posts"}],"about":[{"href":"https:\/\/haberulus.net\/index.php?rest_route=\/wp\/v2\/types\/post"}],"author":[{"embeddable":true,"href":"https:\/\/haberulus.net\/index.php?rest_route=\/wp\/v2\/users\/1"}],"replies":[{"embeddable":true,"href":"https:\/\/haberulus.net\/index.php?rest_route=%2Fwp%2Fv2%2Fcomments&post=49075"}],"version-history":[{"count":1,"href":"https:\/\/haberulus.net\/index.php?rest_route=\/wp\/v2\/posts\/49075\/revisions"}],"predecessor-version":[{"id":49077,"href":"https:\/\/haberulus.net\/index.php?rest_route=\/wp\/v2\/posts\/49075\/revisions\/49077"}],"wp:featuredmedia":[{"embeddable":true,"href":"https:\/\/haberulus.net\/index.php?rest_route=\/wp\/v2\/media\/49076"}],"wp:attachment":[{"href":"https:\/\/haberulus.net\/index.php?rest_route=%2Fwp%2Fv2%2Fmedia&parent=49075"}],"wp:term":[{"taxonomy":"category","embeddable":true,"href":"https:\/\/haberulus.net\/index.php?rest_route=%2Fwp%2Fv2%2Fcategories&post=49075"},{"taxonomy":"post_tag","embeddable":true,"href":"https:\/\/haberulus.net\/index.php?rest_route=%2Fwp%2Fv2%2Ftags&post=49075"}],"curies":[{"name":"wp","href":"https:\/\/api.w.org\/{rel}","templated":true}]}}