{"id":49624,"date":"2022-11-03T13:51:06","date_gmt":"2022-11-03T13:51:06","guid":{"rendered":"https:\/\/haberulus.net\/?p=49624"},"modified":"2022-11-03T13:51:06","modified_gmt":"2022-11-03T13:51:06","slug":"iklim-aktivistlerinin-sanat-eserlerine-saldirmasi-tartisma-yaratiyor","status":"publish","type":"post","link":"https:\/\/haberulus.net\/?p=49624","title":{"rendered":"\u0130klim aktivistlerinin sanat eserlerine sald\u0131rmas\u0131 tart\u0131\u015fma yarat\u0131yor"},"content":{"rendered":"<p><b>Hollanda&#8217;da &#8220;\u0130nci K\u00fcpeli K\u0131z&#8221; tablosunu hedef alan iklim aktivistlerine hapis cezas\u0131 verildi. Son d\u00f6nemde iklim krizine dikkat \u00e7ekmek i\u00e7in sanat eserlerini hedef alan sald\u0131r\u0131lar b\u00fcy\u00fck tart\u0131\u015fma yarat\u0131yor.<\/b><\/p>\n<p>Hollanda\u2019da iklim de\u011fi\u015fikli\u011fine dikkati \u00e7ekmek amac\u0131yla Hollandal\u0131 ressam Johannes Vermeer\u2019in \u201c\u0130nci K\u00fcpeli K\u0131z\u201d tablosunu hedef alan iklim aktivistlerine 2 ay hapis cezas\u0131 verildi. Hollanda Savc\u0131l\u0131\u011f\u0131\u2019ndan yap\u0131lan a\u00e7\u0131klamada, \u201cJust Stop Oil\u201d (Sadece Petrol\u00fc Durdurun) adl\u0131 \u00e7evreci grup \u00fcyesi \u00fc\u00e7 aktivistten ikisine 2 ayl\u0131k hapis cezas\u0131 verildi\u011fi, \u00fc\u00e7\u00fcnc\u00fc aktivistin yarg\u0131lamas\u0131n\u0131n devam etti\u011fi bildirildi.<\/p>\n<p>Aktivistlerin tabloya zarar vererek g\u00f6steri ve ifade \u00f6zg\u00fcrl\u00fc\u011f\u00fc s\u0131n\u0131rlar\u0131n\u0131 a\u015ft\u0131\u011f\u0131na i\u015faret edilen a\u00e7\u0131klamada, sanat eserlerinin iklim aktivistlerince hedef al\u0131nmas\u0131 y\u00f6n\u00fcndeki uluslararas\u0131 e\u011filimin \u00f6n\u00fcne ge\u00e7mek i\u00e7in davan\u0131n 6 g\u00fcnde karara ba\u011flanmas\u0131n\u0131n \u00f6nemli oldu\u011fu vurguland\u0131.<\/p>\n<p>Twitter\u2019daki g\u00f6r\u00fcnt\u00fclerde, \u00fczerindeki k\u0131yafette \u201cJust Stop Oil\u201d yazan \u00e7evreci grup \u00fcyesi \u00fc\u00e7 aktivistten birinin elini yap\u0131\u015fkanla tablonun yan\u0131ndaki duvara, di\u011ferinin ise kafas\u0131n\u0131 tablonun \u00f6n\u00fcndeki koruyucu cama yap\u0131\u015ft\u0131rd\u0131\u011f\u0131, aktivistlerin ayn\u0131 zamanda \u00fczerlerine domates sosu d\u00f6kt\u00fc\u011f\u00fc g\u00f6r\u00fclm\u00fc\u015ft\u00fc.<\/p>\n<p><strong>ALMANYA\u2019DA TEPK\u0130 B\u00dcY\u00dcYOR<\/strong><\/p>\n<p>Bu arada Almanya\u2019da iklim de\u011fi\u015fikli\u011fine dikkati \u00e7ekmek amac\u0131yla yap\u0131lan eylemler ele\u015ftirilere yol a\u00e7\u0131yor.<\/p>\n<p>Almanya Cumhurba\u015fkan\u0131 Frank Walter Steinmeier, Japonya\u2019da yapt\u0131\u011f\u0131 a\u00e7\u0131klamada, iklim aktivistlerinin \u00fclkesinde yapt\u0131\u011f\u0131 eylemleri de\u011ferlendirdi. Steinmeier, de\u011ferli resimlerin \u00fczerine yiyeceklerin at\u0131lmas\u0131n\u0131n ve insanlar\u0131n kendilerini soka\u011fa yap\u0131\u015ft\u0131rmas\u0131n\u0131n iklim hedeflerine yard\u0131mc\u0131 olmad\u0131\u011f\u0131n\u0131 belirterek, \u201cKorkar\u0131m ki bu, giderek daha kararl\u0131 iklim korumas\u0131na y\u00f6nelik geni\u015f halk deste\u011fini sorgulayacak veya bu deste\u011fi daha da art\u0131rma f\u0131rsat\u0131n\u0131 elimizden alacak\u201d ifadelerini kulland\u0131.<\/p>\n<p>Almanya \u0130\u00e7i\u015fleri Bakan\u0131 Nancy Faeser ise yapt\u0131\u011f\u0131 a\u00e7\u0131klamada, \u201cSu\u00e7 te\u015fkil etti\u011finde ve di\u011fer insanlar tehlikeye at\u0131ld\u0131\u011f\u0131nda me\u015fru protestolar\u0131n her sat\u0131r\u0131 a\u015f\u0131l\u0131r\u201d dedi. Almanya Adalet Bakan\u0131 Marco Buschmann da \u00fclkede iklim de\u011fi\u015fikli\u011fine dikkati \u00e7ekmek amac\u0131yla eylemler yapan iklim aktivistlerine belirli \u015fartlarda hapis cezas\u0131n\u0131n verilebilece\u011fini s\u00f6yledi. (AA)<\/p>\n","protected":false},"excerpt":{"rendered":"<p>Hollanda&#8217;da &#8220;\u0130nci K\u00fcpeli K\u0131z&#8221; tablosunu hedef alan iklim aktivistlerine hapis cezas\u0131 verildi. Son d\u00f6nemde iklim krizine dikkat \u00e7ekmek i\u00e7in sanat &#8230;<\/p>\n","protected":false},"author":1,"featured_media":49625,"comment_status":"closed","ping_status":"open","sticky":false,"template":"","format":"standard","meta":{"footnotes":""},"categories":[24],"tags":[8925,809,1240,2303],"class_list":["post-49624","post","type-post","status-publish","format-standard","has-post-thumbnail","hentry","category-dunya","tag-aktivistlerin","tag-almanya","tag-hedef","tag-iklim"],"_links":{"self":[{"href":"https:\/\/haberulus.net\/index.php?rest_route=\/wp\/v2\/posts\/49624","targetHints":{"allow":["GET"]}}],"collection":[{"href":"https:\/\/haberulus.net\/index.php?rest_route=\/wp\/v2\/posts"}],"about":[{"href":"https:\/\/haberulus.net\/index.php?rest_route=\/wp\/v2\/types\/post"}],"author":[{"embeddable":true,"href":"https:\/\/haberulus.net\/index.php?rest_route=\/wp\/v2\/users\/1"}],"replies":[{"embeddable":true,"href":"https:\/\/haberulus.net\/index.php?rest_route=%2Fwp%2Fv2%2Fcomments&post=49624"}],"version-history":[{"count":1,"href":"https:\/\/haberulus.net\/index.php?rest_route=\/wp\/v2\/posts\/49624\/revisions"}],"predecessor-version":[{"id":49626,"href":"https:\/\/haberulus.net\/index.php?rest_route=\/wp\/v2\/posts\/49624\/revisions\/49626"}],"wp:featuredmedia":[{"embeddable":true,"href":"https:\/\/haberulus.net\/index.php?rest_route=\/wp\/v2\/media\/49625"}],"wp:attachment":[{"href":"https:\/\/haberulus.net\/index.php?rest_route=%2Fwp%2Fv2%2Fmedia&parent=49624"}],"wp:term":[{"taxonomy":"category","embeddable":true,"href":"https:\/\/haberulus.net\/index.php?rest_route=%2Fwp%2Fv2%2Fcategories&post=49624"},{"taxonomy":"post_tag","embeddable":true,"href":"https:\/\/haberulus.net\/index.php?rest_route=%2Fwp%2Fv2%2Ftags&post=49624"}],"curies":[{"name":"wp","href":"https:\/\/api.w.org\/{rel}","templated":true}]}}