{"id":49642,"date":"2022-11-03T14:06:11","date_gmt":"2022-11-03T14:06:11","guid":{"rendered":"https:\/\/haberulus.net\/?p=49642"},"modified":"2022-11-03T14:06:11","modified_gmt":"2022-11-03T14:06:11","slug":"italya-ve-almanya-arasinda-duzensiz-gocmen-krizi","status":"publish","type":"post","link":"https:\/\/haberulus.net\/?p=49642","title":{"rendered":"\u0130talya ve Almanya aras\u0131nda d\u00fczensiz g\u00f6\u00e7men krizi"},"content":{"rendered":"<p><b>\u0130talya ve Almanya, Akdeniz&#8217;de g\u00f6\u00e7men kurtarma operasyonlar\u0131 d\u00fczenleyen sivil toplum kurulu\u015flar\u0131n\u0131n faaliyetleri ve g\u00f6\u00e7menlerin g\u00fcvenli limanlara indirilmesi konusunda birbirlerine verdikleri notalar \u00fcst\u00fcnden kar\u015f\u0131 kar\u015f\u0131ya geldi.<\/b><\/p>\n<p>\u0130talya\u2019da 22 Ekim\u2019de g\u00f6reve gelen Giorgia Meloni liderli\u011findeki sa\u011f koalisyon h\u00fck\u00fcmetinin, \u00fclkenin Akdeniz\u2019de STK\u2019lerin y\u00fcr\u00fctt\u00fc\u011f\u00fc g\u00f6\u00e7men kurtarma operasyonlar\u0131na yakla\u015f\u0131m\u0131nda \u00f6nceki h\u00fck\u00fcmete nazaran de\u011fi\u015fiklik sinyalleri g\u00f6zleniyor.<\/p>\n<p>Sa\u011f h\u00fck\u00fcmetin \u0130\u00e7i\u015fleri Bakan\u0131 Matteo Piantedosi\u2019nin 23 Ekim\u2019de Alman bayrakl\u0131 \u201cHumanity 1\u201d ve Norve\u00e7 bayrakl\u0131 \u201cOcean Viking\u201d gemisinin kurtard\u0131klar\u0131 g\u00f6\u00e7menleri \u00fclkelerine g\u00f6t\u00fcrmeleri y\u00f6n\u00fcnde verdi\u011fi notaya Almanya\u2019dan yan\u0131t geldi. \u0130talyan bas\u0131n\u0131ndaki haberlere g\u00f6re, Alman h\u00fck\u00fcmeti, \u0130talyan h\u00fck\u00fcmetine cevaben denizde hayat kurtarman\u0131n \u00f6nemini hat\u0131rlatan ve bir\u00e7o\u011fu t\u0131bbi m\u00fcdahaleye ihtiya\u00e7 duyan g\u00f6\u00e7menlere acil ve h\u0131zl\u0131 \u015fekilde yard\u0131m etmesine y\u00f6nelik nota verdi.<\/p>\n<p>Bunun \u00fczerine \u0130talya da Almanya\u2019ya verdi\u011fi notada, SOS Humanity isimli STK\u2019ye ait \u201cHumanity 1\u201d isimli gemisinin Akdeniz\u2019de kurtard\u0131\u011f\u0131 g\u00f6\u00e7menlerin nitelikleri ve geminin faaliyetlerine ili\u015fkin detayl\u0131 bilgi isterken konunun \u0130talya \u0130\u00e7i\u015fleri Bakanl\u0131\u011f\u0131\u2019n\u0131n alan\u0131 oldu\u011funu kaydetti. \u0130talya ayr\u0131ca, Alman bayrakl\u0131 STK gemisi \u201cHumanity 1\u2033in durumunun takip edildi\u011fini ve gerekirse yard\u0131m sa\u011flamaya haz\u0131r olduklar\u0131n\u0131 bildirdi.<\/p>\n<p>\u0130talyan bas\u0131n\u0131, \u0130talya ve Almanya\u2019n\u0131n d\u00fczensiz g\u00f6\u00e7 konusunda notalar \u00fcst\u00fcnden kar\u015f\u0131 kar\u015f\u0131ya geldi\u011fini ve durumun iki \u00fclke aras\u0131nda \u201cbilek g\u00fcre\u015fine\u201d d\u00f6nd\u00fc\u011f\u00fcn\u00fc yazd\u0131.<\/p>\n<p><strong>YAKLA\u015eIK 1000 G\u00d6\u00c7MEN \u0130\u00c7\u0130N \u00dcLKE ARANIYOR<\/strong><\/p>\n<p>Akdeniz\u2019de son g\u00fcnlerde yapt\u0131klar\u0131 operasyonlarla \u00fclkeler aras\u0131nda tart\u0131\u015fmalara yol a\u00e7an gemilerden \u201cHumanity 1\u201d 104\u2019\u00fc refakat\u00e7isiz \u00e7ocuk olmak \u00fczere 180 d\u00fczensiz g\u00f6\u00e7meni, SOS Akdeniz isimli STK de Norve\u00e7 bayrakl\u0131 \u201cOcean Viking\u201d gemisi 234 g\u00f6\u00e7meni, S\u0131n\u0131r Tan\u0131mayan Doktorlar (MSF) isimli STK de Norve\u00e7 bayrakl\u0131 Geo Barents gemisiyle 572 g\u00f6\u00e7meni kurtard\u0131.<\/p>\n<p>Her \u00fc\u00e7 gemi de kurtard\u0131klar\u0131 g\u00f6\u00e7menlerle a\u00e7\u0131k denizde beklerken g\u00f6\u00e7menleri b\u00f6lgeye en yak\u0131n \u201cg\u00fcvenli\u201d \u00fclke olarak tan\u0131mlad\u0131klar\u0131 \u0130talya ve Malta\u2019ya g\u00f6t\u00fcrmek i\u00e7in s\u00f6z konusu \u00fclkelere talepte bulundu. \u00dc\u00e7 STK de kurtard\u0131klar\u0131 g\u00f6\u00e7menleri tahliye i\u00e7in \u0130talya ve Malta\u2019ya yapt\u0131klar\u0131 \u00e7a\u011fr\u0131lara hen\u00fcz olumlu yan\u0131t alamad\u0131klar\u0131n\u0131 bildirdi.<\/p>\n<p>Son olarak \u201cOcean Viking\u201d gemisi, \u0130talya ve Malta\u2019n\u0131n \u00e7a\u011fr\u0131lar\u0131na yan\u0131t vermemesi dolay\u0131s\u0131yla \u0130spanya, Yunanistan ve Fransa\u2019dan yard\u0131m talebinde bulundu.<\/p>\n<p>G\u00f6\u00e7men kar\u015f\u0131t\u0131 politikalar\u0131yla bilinen \u0130talya Ba\u015fbakan Yard\u0131mc\u0131s\u0131 ve Altyap\u0131 Bakan\u0131 Matteo Salvini, \u201cOcean Viking\u201d gemisinin bu talebine ili\u015fkin Twitter hesab\u0131ndan yapt\u0131\u011f\u0131 a\u00e7\u0131klamada, \u201cBir Norve\u00e7 gemisi nereye gitmeli? Basit, Norve\u00e7\u2019e\u2026\u201d ifadesini kulland\u0131.<\/p>\n<p>Akdeniz\u2019in \u0130talya, Malta ile Libya aras\u0131nda kalan b\u00f6lgesi, son y\u0131llarda Afrika\u2019dan Avrupa\u2019ya ge\u00e7i\u015fte s\u0131k kullan\u0131lan d\u00fczensiz g\u00f6\u00e7 rotalar\u0131ndan biri olarak \u00f6ne \u00e7\u0131k\u0131yor. Akdeniz\u2019i ge\u00e7ebilen ya da kurtar\u0131lan g\u00f6\u00e7menlerin Avrupa\u2019da ilk ayak bast\u0131klar\u0131 yer, genellikle \u0130talya oluyor.<\/p>\n<p>G\u00f6\u00e7menler, teknelerin alabora olmas\u0131 sonucu ya da kalabal\u0131k nedeniyle havas\u0131z kalmak gibi nedenlerden hayatlar\u0131n\u0131 kaybedebiliyor. (AA)<\/p>\n<p>\u00a0<\/p>\n","protected":false},"excerpt":{"rendered":"<p>\u0130talya ve Almanya, Akdeniz&#8217;de g\u00f6\u00e7men kurtarma operasyonlar\u0131 d\u00fczenleyen sivil toplum kurulu\u015flar\u0131n\u0131n faaliyetleri ve g\u00f6\u00e7menlerin g\u00fcvenli limanlara &#8230;<\/p>\n","protected":false},"author":1,"featured_media":49643,"comment_status":"closed","ping_status":"open","sticky":false,"template":"","format":"standard","meta":{"footnotes":""},"categories":[24],"tags":[1761,3166,523,559,160],"class_list":["post-49642","post","type-post","status-publish","format-standard","has-post-thumbnail","hentry","category-dunya","tag-akdeniz","tag-gemisi","tag-gocmen","tag-italya","tag-ulke"],"_links":{"self":[{"href":"https:\/\/haberulus.net\/index.php?rest_route=\/wp\/v2\/posts\/49642","targetHints":{"allow":["GET"]}}],"collection":[{"href":"https:\/\/haberulus.net\/index.php?rest_route=\/wp\/v2\/posts"}],"about":[{"href":"https:\/\/haberulus.net\/index.php?rest_route=\/wp\/v2\/types\/post"}],"author":[{"embeddable":true,"href":"https:\/\/haberulus.net\/index.php?rest_route=\/wp\/v2\/users\/1"}],"replies":[{"embeddable":true,"href":"https:\/\/haberulus.net\/index.php?rest_route=%2Fwp%2Fv2%2Fcomments&post=49642"}],"version-history":[{"count":1,"href":"https:\/\/haberulus.net\/index.php?rest_route=\/wp\/v2\/posts\/49642\/revisions"}],"predecessor-version":[{"id":49644,"href":"https:\/\/haberulus.net\/index.php?rest_route=\/wp\/v2\/posts\/49642\/revisions\/49644"}],"wp:featuredmedia":[{"embeddable":true,"href":"https:\/\/haberulus.net\/index.php?rest_route=\/wp\/v2\/media\/49643"}],"wp:attachment":[{"href":"https:\/\/haberulus.net\/index.php?rest_route=%2Fwp%2Fv2%2Fmedia&parent=49642"}],"wp:term":[{"taxonomy":"category","embeddable":true,"href":"https:\/\/haberulus.net\/index.php?rest_route=%2Fwp%2Fv2%2Fcategories&post=49642"},{"taxonomy":"post_tag","embeddable":true,"href":"https:\/\/haberulus.net\/index.php?rest_route=%2Fwp%2Fv2%2Ftags&post=49642"}],"curies":[{"name":"wp","href":"https:\/\/api.w.org\/{rel}","templated":true}]}}