{"id":4994,"date":"2022-07-08T18:51:03","date_gmt":"2022-07-08T18:51:03","guid":{"rendered":"https:\/\/haberulus.net\/?p=4994"},"modified":"2022-07-08T18:51:03","modified_gmt":"2022-07-08T18:51:03","slug":"ak-partili-samil-tayyardan-dikkat-ceken-erken-secim-cikisi-sure-uzadikca-risk-artar","status":"publish","type":"post","link":"https:\/\/haberulus.net\/?p=4994","title":{"rendered":"AK Partili \u015eamil Tayyar&#8217;dan dikkat \u00e7eken erken se\u00e7im \u00e7\u0131k\u0131\u015f\u0131: S\u00fcre uzad\u0131k\u00e7a risk artar"},"content":{"rendered":"<p>T\u00fcrkiye&#8217;de 2023 Cumhurba\u015fkanl\u0131\u011f\u0131 se\u00e7imleri ad\u0131m ad\u0131m yakla\u015f\u0131rken, erken se\u00e7im tart\u0131\u015fmalar\u0131 da g\u00fcndemde yerini korumaya devam ediyor. Muhalefet partileri erken se\u00e7im konusundaki \u0131srarlar\u0131n\u0131 s\u00fcrd\u00fcr\u00fcrken, iktidar kanad\u0131ndan yap\u0131lan a\u00e7\u0131klamalarda ise se\u00e7imin vaktinde yap\u0131laca\u011f\u0131 s\u0131k s\u0131k tekrar ediliyor. <\/p>\n<p><b>D\u0130KKAT \u00c7EKEN ERKEN SE\u00c7\u0130M \u00c7IKI\u015eI<\/b><\/p>\n<p> <strong>Ak Parti<\/strong> MKYK \u00fcyesi ve eski milletvekili \u015eamil Tayyar, sosyal medyada yapt\u0131\u011f\u0131 payla\u015f\u0131mla dikkat \u00e7eken bir erken se\u00e7im \u00e7\u0131k\u0131\u015f\u0131nda bulundu. <\/p>\n<p><b>&#8220;S\u00dcRE UZADIK\u00c7A R\u0130SK ARTAR&#8221;<\/b><\/p>\n<p>&#8220;Tekrar edelim. Se\u00e7im s\u00fcre\u00e7leri \u00fczeri a\u00e7\u0131k yara gibi her an enfeksiyon kapabilir. O sebeple provakasyonlar\u0131n en yo\u011fun ya\u015fand\u0131\u011f\u0131 d\u00f6nemlerdir. S\u00fcre uzad\u0131k\u00e7a risk artar. Uygun zamanda aziz milletin hakemli\u011fine ba\u015fvurmak gerek. Feraset sahibidir, s\u00f6z\u00fc s\u00f6yler h\u00fckm\u00fc verir.&#8221;<\/p>\n","protected":false},"excerpt":{"rendered":"<p>T\u00fcrkiye&#8217;de 2023 Cumhurba\u015fkanl\u0131\u011f\u0131 se\u00e7imleri ad\u0131m ad\u0131m yakla\u015f\u0131rken, erken se\u00e7im tart\u0131\u015fmalar\u0131 da g\u00fcndemde yerini korumaya devam ediyor. Muhalefet &#8230;<\/p>\n","protected":false},"author":1,"featured_media":4995,"comment_status":"open","ping_status":"open","sticky":false,"template":"","format":"standard","meta":{"footnotes":""},"categories":[28],"tags":[320],"class_list":["post-4994","post","type-post","status-publish","format-standard","has-post-thumbnail","hentry","category-politika","tag-secim"],"_links":{"self":[{"href":"https:\/\/haberulus.net\/index.php?rest_route=\/wp\/v2\/posts\/4994","targetHints":{"allow":["GET"]}}],"collection":[{"href":"https:\/\/haberulus.net\/index.php?rest_route=\/wp\/v2\/posts"}],"about":[{"href":"https:\/\/haberulus.net\/index.php?rest_route=\/wp\/v2\/types\/post"}],"author":[{"embeddable":true,"href":"https:\/\/haberulus.net\/index.php?rest_route=\/wp\/v2\/users\/1"}],"replies":[{"embeddable":true,"href":"https:\/\/haberulus.net\/index.php?rest_route=%2Fwp%2Fv2%2Fcomments&post=4994"}],"version-history":[{"count":1,"href":"https:\/\/haberulus.net\/index.php?rest_route=\/wp\/v2\/posts\/4994\/revisions"}],"predecessor-version":[{"id":4996,"href":"https:\/\/haberulus.net\/index.php?rest_route=\/wp\/v2\/posts\/4994\/revisions\/4996"}],"wp:featuredmedia":[{"embeddable":true,"href":"https:\/\/haberulus.net\/index.php?rest_route=\/wp\/v2\/media\/4995"}],"wp:attachment":[{"href":"https:\/\/haberulus.net\/index.php?rest_route=%2Fwp%2Fv2%2Fmedia&parent=4994"}],"wp:term":[{"taxonomy":"category","embeddable":true,"href":"https:\/\/haberulus.net\/index.php?rest_route=%2Fwp%2Fv2%2Fcategories&post=4994"},{"taxonomy":"post_tag","embeddable":true,"href":"https:\/\/haberulus.net\/index.php?rest_route=%2Fwp%2Fv2%2Ftags&post=4994"}],"curies":[{"name":"wp","href":"https:\/\/api.w.org\/{rel}","templated":true}]}}