{"id":50180,"date":"2022-11-04T11:36:04","date_gmt":"2022-11-04T11:36:04","guid":{"rendered":"https:\/\/haberulus.net\/?p=50180"},"modified":"2022-11-04T11:36:04","modified_gmt":"2022-11-04T11:36:04","slug":"euro-bolgesinde-uretici-enflasyonu-rekor-seviyeden-geriledi","status":"publish","type":"post","link":"https:\/\/haberulus.net\/?p=50180","title":{"rendered":"Euro B\u00f6lgesi\u2019nde \u00fcretici enflasyonu rekor seviyeden geriledi"},"content":{"rendered":"<p><b>Euro B\u00f6lgesi&#8217;nde \u00dcretici Fiyat Endeksi, enerji fiyatlar\u0131ndaki y\u00fckseli\u015fin etkisiyle eyl\u00fcl ay\u0131nda y\u0131ll\u0131k bazda y\u00fczde 41,9 y\u00fckseli\u015f g\u00f6sterdi.<\/b><\/p>\n<p>Avrupa \u0130statistik Ofisi (Eurostat), Avrupa Birli\u011fi (AB) ve Euro B\u00f6lgesi\u2019nin eyl\u00fcl ay\u0131 \u00dcretici Fiyat Endeksi (\u00dcFE) verilerini yay\u0131mlad\u0131.<\/p>\n<p>Buna g\u00f6re, AB\u2019de \u00dcFE, eyl\u00fclde bir \u00f6nceki aya g\u00f6re y\u00fczde 1,5, 2021\u2019in eyl\u00fcl ay\u0131na k\u0131yasla da y\u00fczde 41,4 artt\u0131.<\/p>\n<p>Euro B\u00f6lgesi\u2019nde de \u00dcFE, eyl\u00fclde ayl\u0131k y\u00fczde 1,6, y\u0131ll\u0131k y\u00fczde 41,9 y\u00fckseldi. Piyasa beklentileri \u00dcFE\u2019nin y\u0131ll\u0131k y\u00fczde 42 artaca\u011f\u0131 y\u00f6n\u00fcndeydi.<\/p>\n<p>A\u011fustos ay\u0131nda Euro B\u00f6lgesi\u2019nde \u00dcFE, y\u0131ll\u0131k bazda y\u00fczde 43,3 artarak kay\u0131tlar\u0131n tutulmaya ba\u015flamas\u0131ndan bu yana en y\u00fcksek seviyeye \u00e7\u0131km\u0131\u015ft\u0131.<\/p>\n<p><b>\u00dcFE EYL\u00dcLDE EN FAZLA BULGAR\u0130STAN\u2019DA Y\u00dcKSELD\u0130<\/b><\/p>\n<p>S\u00f6z konusu d\u00f6nemde Euro B\u00f6lgesi\u2019nde y\u0131ll\u0131k bazda \u00fcretici fiyatlar\u0131 enerji sekt\u00f6r\u00fcnde y\u00fczde 108,2 ve ara mallarda da y\u00fczde 19 art\u0131\u015f g\u00f6sterdi.<\/p>\n<p>AB \u00fclkeleri aras\u0131nda \u00dcFE, eyl\u00fclde y\u0131ll\u0131k bazda en fazla y\u00fczde 78,2 ile Bulgaristan\u2019da, y\u00fczde 67,5 ile Macaristan\u2019da ve y\u00fczde 62,9 ile Romanya\u2019da artt\u0131.<\/p>\n<p>Y\u0131ll\u0131k \u00dcFE, \u0130talya\u2019da y\u00fczde 53, Almanya\u2019da y\u00fczde 46,9, \u0130spanya\u2019da y\u00fczde 35,6 ve Fransa\u2019da y\u00fczde 28,5 olarak belirlendi. (AA)<\/p>\n","protected":false},"excerpt":{"rendered":"<p>Euro B\u00f6lgesi&#8217;nde \u00dcretici Fiyat Endeksi, enerji fiyatlar\u0131ndaki y\u00fckseli\u015fin etkisiyle eyl\u00fcl ay\u0131nda y\u0131ll\u0131k bazda y\u00fczde 41,9 y\u00fckseli\u015f g\u00f6sterdi &#8230;<\/p>\n","protected":false},"author":1,"featured_media":50181,"comment_status":"closed","ping_status":"open","sticky":false,"template":"","format":"standard","meta":{"footnotes":""},"categories":[25],"tags":[1153,3462,9004,629],"class_list":["post-50180","post","type-post","status-publish","format-standard","has-post-thumbnail","hentry","category-ekonomi","tag-euro","tag-eylul","tag-ufe","tag-yillik"],"_links":{"self":[{"href":"https:\/\/haberulus.net\/index.php?rest_route=\/wp\/v2\/posts\/50180","targetHints":{"allow":["GET"]}}],"collection":[{"href":"https:\/\/haberulus.net\/index.php?rest_route=\/wp\/v2\/posts"}],"about":[{"href":"https:\/\/haberulus.net\/index.php?rest_route=\/wp\/v2\/types\/post"}],"author":[{"embeddable":true,"href":"https:\/\/haberulus.net\/index.php?rest_route=\/wp\/v2\/users\/1"}],"replies":[{"embeddable":true,"href":"https:\/\/haberulus.net\/index.php?rest_route=%2Fwp%2Fv2%2Fcomments&post=50180"}],"version-history":[{"count":1,"href":"https:\/\/haberulus.net\/index.php?rest_route=\/wp\/v2\/posts\/50180\/revisions"}],"predecessor-version":[{"id":50182,"href":"https:\/\/haberulus.net\/index.php?rest_route=\/wp\/v2\/posts\/50180\/revisions\/50182"}],"wp:featuredmedia":[{"embeddable":true,"href":"https:\/\/haberulus.net\/index.php?rest_route=\/wp\/v2\/media\/50181"}],"wp:attachment":[{"href":"https:\/\/haberulus.net\/index.php?rest_route=%2Fwp%2Fv2%2Fmedia&parent=50180"}],"wp:term":[{"taxonomy":"category","embeddable":true,"href":"https:\/\/haberulus.net\/index.php?rest_route=%2Fwp%2Fv2%2Fcategories&post=50180"},{"taxonomy":"post_tag","embeddable":true,"href":"https:\/\/haberulus.net\/index.php?rest_route=%2Fwp%2Fv2%2Ftags&post=50180"}],"curies":[{"name":"wp","href":"https:\/\/api.w.org\/{rel}","templated":true}]}}