{"id":50366,"date":"2022-11-04T15:51:06","date_gmt":"2022-11-04T15:51:06","guid":{"rendered":"https:\/\/haberulus.net\/?p=50366"},"modified":"2022-11-04T15:51:06","modified_gmt":"2022-11-04T15:51:06","slug":"iklim-aktivistlerinin-yeni-hedefi-van-gogh-tablosu-oldu","status":"publish","type":"post","link":"https:\/\/haberulus.net\/?p=50366","title":{"rendered":"\u0130klim aktivistlerinin yeni hedefi Van Gogh tablosu oldu"},"content":{"rendered":"<p><b>\u0130talya&#8217;da iklim aktivistlerinin, ba\u015fkent Roma&#8217;da sergilenen Hollandal\u0131 ressam Vincent Van Gogh&#8217;un &#8220;Ekici (The Sower)&#8221; isimli tablosunu hedef ald\u0131\u011f\u0131 bildirildi.<\/b><\/p>\n<p>\u0130talyan ANSA ajans\u0131nda yer alan haberde, kendilerine \u201cThe Last Generation (Son Nesil)\u201d ad\u0131n\u0131 veren bir grup aktivistin, Bonaparte Saray\u0131\u2019nda Van Gogh resimlerinin sergilendi\u011fi b\u00f6l\u00fcmde \u201cEkici\u201d ad\u0131yla bilinen 1888 yap\u0131m\u0131 \u00fcnl\u00fc tabloya sebze p\u00fcresi f\u0131rlat\u0131p kendilerini duvara ba\u011flad\u0131\u011f\u0131 belirtildi.<\/p>\n<p>Aktivistlerin, k\u00f6m\u00fcr kullan\u0131m\u0131na ve iklim de\u011fi\u015fikli\u011fine kar\u015f\u0131 sloganlar att\u0131\u011f\u0131 aktar\u0131ld\u0131.<\/p>\n<p>G\u00fcvenlik g\u00fc\u00e7lerinin hemen m\u00fcdahale etti\u011fi aktivistlerin sergi alan\u0131ndan \u00e7\u0131kar\u0131ld\u0131klar\u0131 ve s\u00f6z konusu b\u00f6l\u00fcm\u00fcn ziyarete kapat\u0131ld\u0131\u011f\u0131 kaydedildi.<\/p>\n<p>Cam bir \u00e7er\u00e7eveyle korundu\u011fu i\u00e7in tablonun sebze p\u00fcresiyle ger\u00e7ekle\u015ftirilen eylemden etkilenmedi\u011fi vurguland\u0131.<\/p>\n<p>S\u00f6z konusu tablonun, Hollanda\u2019daki Kr\u00f6ller-M\u00fcller M\u00fczesi\u2019nden 26 Mart 2023\u2019e kadar sergilenmek \u00fczere getirilen 50 kadar sanat eserinden biri oldu\u011fu bildirildi.<\/p>\n<p>Bu arada, \u0130talya K\u00fclt\u00fcr Bakan\u0131 Gennaro Sangiuliano, iklim aktivistlerinin eylemine sert tepki g\u00f6sterdi.<\/p>\n<p>Sangiuliano, \u201cSanata sald\u0131rmak, \u015fiddetle k\u0131nanmas\u0131 gereken rezil bir eylemdir. Kimli\u011fimizin temeli olan k\u00fclt\u00fcr, kesinlikle korunmal\u0131 ve ba\u015fka protesto bi\u00e7imlerinin megafonu olarak kullan\u0131lmamal\u0131d\u0131r.\u201d ifadelerini kulland\u0131.<\/p>\n<p>D\u00fcnyan\u0131n pek \u00e7ok yerinde son d\u00f6nemde iklim aktivistlerince \u00f6nde gelen sanat eserlerine y\u00f6nelik protesto eylemlerinde art\u0131\u015f g\u00f6zleniyor.<\/p>\n<p>\u0130klim aktivistleri, k\u0131sa s\u00fcre \u00f6nce \u0130ngiltere\u2019de Van Gogh\u2019un \u201cAy\u00e7i\u00e7ekleri\u201d tablosuna domates \u00e7orbas\u0131 atarken, Hollanda\u2019da da Johannes Vermeer\u2019in \u201c\u0130nci K\u00fcpeli K\u0131z\u201d tablosunu domates sosuyla hedef alm\u0131\u015ft\u0131. (AA)<\/p>\n","protected":false},"excerpt":{"rendered":"<p>\u0130talya&#8217;da iklim aktivistlerinin, ba\u015fkent Roma&#8217;da sergilenen Hollandal\u0131 ressam Vincent Van Gogh&#8217;un &#8220;Ekici (The Sower)&#8221; isimli tablosunu hedef &#8230;<\/p>\n","protected":false},"author":1,"featured_media":50367,"comment_status":"closed","ping_status":"open","sticky":false,"template":"","format":"standard","meta":{"footnotes":""},"categories":[27],"tags":[8925,2303],"class_list":["post-50366","post","type-post","status-publish","format-standard","has-post-thumbnail","hentry","category-kultur-sanat","tag-aktivistlerin","tag-iklim"],"_links":{"self":[{"href":"https:\/\/haberulus.net\/index.php?rest_route=\/wp\/v2\/posts\/50366","targetHints":{"allow":["GET"]}}],"collection":[{"href":"https:\/\/haberulus.net\/index.php?rest_route=\/wp\/v2\/posts"}],"about":[{"href":"https:\/\/haberulus.net\/index.php?rest_route=\/wp\/v2\/types\/post"}],"author":[{"embeddable":true,"href":"https:\/\/haberulus.net\/index.php?rest_route=\/wp\/v2\/users\/1"}],"replies":[{"embeddable":true,"href":"https:\/\/haberulus.net\/index.php?rest_route=%2Fwp%2Fv2%2Fcomments&post=50366"}],"version-history":[{"count":1,"href":"https:\/\/haberulus.net\/index.php?rest_route=\/wp\/v2\/posts\/50366\/revisions"}],"predecessor-version":[{"id":50368,"href":"https:\/\/haberulus.net\/index.php?rest_route=\/wp\/v2\/posts\/50366\/revisions\/50368"}],"wp:featuredmedia":[{"embeddable":true,"href":"https:\/\/haberulus.net\/index.php?rest_route=\/wp\/v2\/media\/50367"}],"wp:attachment":[{"href":"https:\/\/haberulus.net\/index.php?rest_route=%2Fwp%2Fv2%2Fmedia&parent=50366"}],"wp:term":[{"taxonomy":"category","embeddable":true,"href":"https:\/\/haberulus.net\/index.php?rest_route=%2Fwp%2Fv2%2Fcategories&post=50366"},{"taxonomy":"post_tag","embeddable":true,"href":"https:\/\/haberulus.net\/index.php?rest_route=%2Fwp%2Fv2%2Ftags&post=50366"}],"curies":[{"name":"wp","href":"https:\/\/api.w.org\/{rel}","templated":true}]}}