{"id":50519,"date":"2022-11-05T06:51:04","date_gmt":"2022-11-05T06:51:04","guid":{"rendered":"https:\/\/haberulus.net\/?p=50519"},"modified":"2022-11-05T06:51:04","modified_gmt":"2022-11-05T06:51:04","slug":"memur-zammi-ve-emekli-zammi-ne-kadar-olacak","status":"publish","type":"post","link":"https:\/\/haberulus.net\/?p=50519","title":{"rendered":"Memur zamm\u0131 ve emekli zamm\u0131 ne kadar olacak?"},"content":{"rendered":"<p><b>2023 y\u0131l\u0131 itibariyle memur maa\u015f\u0131 ve emekli maa\u015f\u0131 artacak. Enflasyon alt\u0131nda ezilen vatanda\u015flar y\u00fcksek bir zam oran\u0131 beklerken ortaya \u00e7\u0131kan rakamlar aksini g\u00f6steriyor. Enflasyondaki art\u0131\u015f y\u0131l\u0131n sonuna kadar ayn\u0131 \u015fekilde devam ederse memur ve memur emekli maa\u015f\u0131 zamm\u0131 y\u00fczde 17.35; i\u015f\u00e7i, esnaf ve \u00e7ift\u00e7i emekli zamm\u0131 ise y\u00fczde 16.27 oran\u0131nda olacak.<\/b><\/p>\n<p>Her ge\u00e7en y\u00fckselen hayat pahal\u0131l\u0131\u011f\u0131 nedeniyle milyonlarca emekli ve memur, Ocak ay\u0131nda yap\u0131lacak olan zamm\u0131 beklemeye ba\u015flad\u0131. Temmuz zamm\u0131ndan sonra 4 ayda enflasyondaki art\u0131\u015f y\u00fczde 10.85 olarak a\u00e7\u0131kland\u0131. B\u00f6yle devam ederse zam y\u00fczde 17.35&#8217;te kalabilir.<\/p>\n<p><strong>EMEKL\u0130 VE MEMUR MAA\u015e ZAMMI NE KADAR OLACAK?<\/strong><\/p>\n<p>Enflasyondaki art\u0131\u015f y\u0131l\u0131n sonuna kadar ayn\u0131 \u015fekilde devam ederse memur ve memur emeklileri y\u00fczde 17.35 i\u015f\u00e7i, esnaf ve \u00e7ift\u00e7i emeklileri ise y\u00fczde 16.27 oran\u0131nda zam alacak.<\/p>\n<p>Merkez Bankas\u0131\u2019n\u0131n y\u0131l sonu tahmini de zamlar\u0131n s\u0131ras\u0131yla y\u00fczde 17.13 ve y\u00fczde 16.05 \u015feklinde ger\u00e7ekle\u015fece\u011fini i\u015faret etmi\u015fti.<\/p>\n<p>T\u00dc\u0130K\u2019in a\u00e7\u0131klad\u0131\u011f\u0131 verilere g\u00f6re temmuzdan bu yana ge\u00e7en 4 ayda t\u00fcketici fiyatlar\u0131 y\u00fczde 10.85 artt\u0131. Hazine ve Maliye Bakanl\u0131\u011f\u0131n\u0131n yapt\u0131\u011f\u0131 hesap y\u00f6ntemine g\u00f6re, memur ve memur emeklisinin geride kalan 4 ayda y\u00fczde 3.6 oran\u0131nda enflasyon fark\u0131 alaca\u011f\u0131 olu\u015ftu. Di\u011fer bir ifadeyle memur ve emeklilerin temmuzda ald\u0131\u011f\u0131 zam s\u0131f\u0131rland\u0131\u011f\u0131 gibi y\u00fczde 3.6 oran\u0131nda eksiye d\u00fc\u015f\u00fcld\u00fc.<\/p>\n<p><img decoding=\"async\" src=\"https:\/\/i01.sozcucdn.com\/wp-content\/uploads\/2022\/11\/05\/basliksiz-2.jpg\" alt=\"\" title=\"\"><\/p>\n<p>T\u00dc\u0130K Temmuz-Ekim aylar\u0131n\u0131 kapsayan 4 ayda t\u00fcketici enflasyonunun y\u00fczde 10.85 artt\u0131\u011f\u0131n\u0131 hesaplad\u0131. Y\u0131l\u0131n geri kalan Kas\u0131m ve Aral\u0131k aylar\u0131nda da enflasyon geride kalan 4 aydaki gibi bir art\u0131\u015f sergilerse y\u0131l sonunda y\u00fczde 16.27\u2019ye ula\u015facak. B\u00f6ylece memur ve emeklilerinin y\u00fczde 8.66 oran\u0131nda enflasyon alaca\u011f\u0131 olu\u015facak. Ayr\u0131ca y\u00fczde 8 toplu s\u00f6zle\u015fme zamm\u0131 al\u0131naca\u011f\u0131 i\u00e7in toplam zam oran\u0131 y\u00fczde 17.35\u2019te kalacak. \u0130\u015f\u00e7i, esnaf ve \u00e7ift\u00e7i emeklilerinin ayl\u0131klar\u0131na ise 6 ayl\u0131k enflasyon kadar, yani y\u00fczde 16.27 oran\u0131nda zam yap\u0131lacak.<\/p>\n<p><strong>EK ZAM YAPILMAZSA YOKSULLUK ARTACAK<\/strong><\/p>\n<p>\u0130\u015f\u00e7i, \u00e7ift\u00e7i ve esnaf emeklilerinin zamm\u0131 ise enflasyon fark\u0131 \u00f6denmemesi ve ger\u00e7ekle\u015fen enflasyon d\u0131\u015f\u0131nda \u00f6nden y\u00fcklemeli sendika zamm\u0131 yap\u0131lmamas\u0131 nedeniyle 1.1 puan daha a\u015fa\u011f\u0131da kalacak. Dolay\u0131s\u0131yla bu emeklilerin ayl\u0131klar\u0131na y\u0131lba\u015f\u0131nda yap\u0131lacak zam oran\u0131 y\u00fczde 16.05&#8217;te kalacak. Bu durumda Hazine deste\u011fiyle birlikte halen 3 bin 500 lira olan en d\u00fc\u015f\u00fck emekli ayl\u0131\u011f\u0131 562 lira artarak 4 bin 62 lirada kalacak. Se\u00e7ime d\u00f6n\u00fck ilave zam yap\u0131lmamas\u0131 halinde milyonlarca \u00e7al\u0131\u015fan ve emeklinin yoksullu\u011fu daha da artacak.<\/p>\n","protected":false},"excerpt":{"rendered":"<p>2023 y\u0131l\u0131 itibariyle memur maa\u015f\u0131 ve emekli maa\u015f\u0131 artacak. Enflasyon alt\u0131nda ezilen vatanda\u015flar y\u00fcksek bir zam oran\u0131 beklerken ortaya \u00e7\u0131kan &#8230;<\/p>\n","protected":false},"author":1,"featured_media":50520,"comment_status":"closed","ping_status":"open","sticky":false,"template":"","format":"standard","meta":{"footnotes":""},"categories":[25],"tags":[9034,655,60,654,79],"class_list":["post-50519","post","type-post","status-publish","format-standard","has-post-thumbnail","hentry","category-ekonomi","tag-4-ayda","tag-emekli","tag-enflasyon","tag-memur","tag-zam"],"_links":{"self":[{"href":"https:\/\/haberulus.net\/index.php?rest_route=\/wp\/v2\/posts\/50519","targetHints":{"allow":["GET"]}}],"collection":[{"href":"https:\/\/haberulus.net\/index.php?rest_route=\/wp\/v2\/posts"}],"about":[{"href":"https:\/\/haberulus.net\/index.php?rest_route=\/wp\/v2\/types\/post"}],"author":[{"embeddable":true,"href":"https:\/\/haberulus.net\/index.php?rest_route=\/wp\/v2\/users\/1"}],"replies":[{"embeddable":true,"href":"https:\/\/haberulus.net\/index.php?rest_route=%2Fwp%2Fv2%2Fcomments&post=50519"}],"version-history":[{"count":1,"href":"https:\/\/haberulus.net\/index.php?rest_route=\/wp\/v2\/posts\/50519\/revisions"}],"predecessor-version":[{"id":50521,"href":"https:\/\/haberulus.net\/index.php?rest_route=\/wp\/v2\/posts\/50519\/revisions\/50521"}],"wp:featuredmedia":[{"embeddable":true,"href":"https:\/\/haberulus.net\/index.php?rest_route=\/wp\/v2\/media\/50520"}],"wp:attachment":[{"href":"https:\/\/haberulus.net\/index.php?rest_route=%2Fwp%2Fv2%2Fmedia&parent=50519"}],"wp:term":[{"taxonomy":"category","embeddable":true,"href":"https:\/\/haberulus.net\/index.php?rest_route=%2Fwp%2Fv2%2Fcategories&post=50519"},{"taxonomy":"post_tag","embeddable":true,"href":"https:\/\/haberulus.net\/index.php?rest_route=%2Fwp%2Fv2%2Ftags&post=50519"}],"curies":[{"name":"wp","href":"https:\/\/api.w.org\/{rel}","templated":true}]}}