{"id":5057,"date":"2022-07-09T00:06:02","date_gmt":"2022-07-09T00:06:02","guid":{"rendered":"https:\/\/haberulus.net\/?p=5057"},"modified":"2022-07-09T00:06:02","modified_gmt":"2022-07-09T00:06:02","slug":"ek-gosterge-ve-ogrenci-affina-iliskin-teklif-tbmm-plan-ve-butce-komisyonunda-kabul-edildi-3","status":"publish","type":"post","link":"https:\/\/haberulus.net\/?p=5057","title":{"rendered":"Ek g\u00f6sterge ve \u00f6\u011frenci aff\u0131na ili\u015fkin teklif, TBMM Plan ve B\u00fct\u00e7e Komisyonunda kabul edildi (3)"},"content":{"rendered":"<p>Y\u00fcksek\u00f6\u011fretim kurumlar\u0131nda \u00f6\u011frenim g\u00f6rmekte iken ili\u015fi\u011fi kesilenler ile bu y\u00fcksek\u00f6\u011fretim kurumlar\u0131na kay\u0131t hakk\u0131 elde etti\u011fi halde \u00e7e\u015fitli sebeplerle kay\u0131t yapt\u0131ramam\u0131\u015f \u00f6\u011frencilere ge\u00e7mi\u015fe y\u00f6nelik s\u00fcre s\u0131n\u0131rlamas\u0131 olmaks\u0131z\u0131n y\u00fcksek \u00f6\u011frenimlerine devam etme hakk\u0131 tan\u0131n\u0131yor.<\/p>\n<p>TBMM Plan ve B\u00fct\u00e7e Komisyonunda kabul edilen, Devlet Memurlar\u0131 Kanunu ile Baz\u0131 Kanunlarda ve 375 Say\u0131l\u0131 Kanun H\u00fckm\u00fcnde Kararnamede De\u011fi\u015fiklik Yap\u0131lmas\u0131na Dair Kanun Teklifiyle Vergi Usul Kanunu&#8217;nda yer alan \u00f6zel usuls\u00fczl\u00fck cezalar\u0131nda d\u00fczenlemeye gidiliyor. Buna g\u00f6re fatura ve benzeri evrak verilmemesi ve al\u0131nmamas\u0131na ili\u015fkin cezalar art\u0131r\u0131l\u0131yor.<\/p>\n<p>Elektronik ticarette vergi g\u00fcvenli\u011fini sa\u011flamak amac\u0131yla bilgi ve bildirimlerin elektronik ortamda muhafaza ve ibraz edilmesi y\u00fck\u00fcml\u00fcl\u00fc\u011f\u00fcn\u00fc yerine getirmeyen\/uygulamayan m\u00fckelleflere ili\u015fkin \u00f6zel usuls\u00fczl\u00fck cezalar\u0131 d\u00fczenleniyor.<\/p>\n<p>Noterlik Kanunu&#8217;nda yap\u0131lan d\u00fczenlemeyle iki defa yap\u0131lan ilana ra\u011fmen atama yap\u0131lamayan bir noterli\u011fe; bulundu\u011fu noterlikte \u00fcst s\u0131n\u0131f veya ayn\u0131 s\u0131n\u0131f noterler aras\u0131ndan, bu s\u0131n\u0131flardan isteklinin bulunmamas\u0131 halinde, bir alt s\u0131n\u0131f noterler aras\u0131ndan atama yap\u0131labilecek.<\/p>\n<p>Teklifle K\u00fclt\u00fcr ve Turizm Bakanl\u0131\u011f\u0131n\u0131n g\u00f6rev alan\u0131na giren hizmetlerin yerine getirilmesi i\u00e7in gerekti\u011finde bina ve ta\u015f\u0131t kiralamas\u0131 yapmak, mal ve hizmet sat\u0131n almak i\u00e7in de d\u00f6ner sermayeyi kullanabilme imkan\u0131 veriliyor.<\/p>\n<p>Y\u00fcksek\u00f6\u011fretim Kanunu&#8217;nda yap\u0131lan de\u011fi\u015fiklikle y\u00fcksek\u00f6\u011fretim kurumlar\u0131n\u0131n uygulama ve ara\u015ft\u0131rma merkezlerinde, ara\u015ft\u0131rma enstit\u00fclerinde Ar-Ge, yenilik veya tasar\u0131m projelerinde g\u00f6rev alan ya da \u00f6\u011fretim \u00fcyelerinin y\u00fcr\u00fctt\u00fckleri bu nitelikteki projelere yard\u0131mc\u0131 olmak \u00fczere, doktora ile t\u0131pta, di\u015f hekimli\u011finde, eczac\u0131l\u0131kta ve veteriner hekimlikte uzmanl\u0131k veya sanatta yeterlik e\u011fitimi sonras\u0131ndaki yedi y\u0131l i\u00e7erisinde kalmak kayd\u0131yla en fazla \u00fc\u00e7 y\u0131l s\u00fcre ile giderleri \u00f6zel b\u00fct\u00e7eden kar\u015f\u0131lanmak \u00fczere s\u00f6zle\u015fmeli olarak doktora sonras\u0131 ara\u015ft\u0131rmac\u0131 istihdam edilebilecek. Bu kapsamda istihdam edilecek personel say\u0131s\u0131, ilgili y\u00fcksek\u00f6\u011fretim kurumunun dolu \u00f6\u011fretim eleman\u0131 kadrosu say\u0131s\u0131n\u0131n y\u00fczde 2&#8217;si ile s\u0131n\u0131rl\u0131 olacak. Bu madde uyar\u0131nca istihdam edilmi\u015f olmak, memurluk veya di\u011fer personel istihdam \u015fekillerinden birine ge\u00e7i\u015f hakk\u0131 vermeyecek.<\/p>\n<p>Teklifle ara\u015ft\u0131rma g\u00f6revlisi kadrolar\u0131na atan\u0131p, doktora veya di\u015f hekimli\u011finde, eczac\u0131l\u0131kta ve veteriner hekimlikte uzmanl\u0131k ya da sanatta yeterlik e\u011fitimini tamamlam\u0131\u015f olanlar\u0131n kadro ile ili\u015fikleri bir y\u0131l uzat\u0131lacak. Bir y\u0131ll\u0131k s\u00fcrenin sonunda kadrosunun bulundu\u011fu y\u00fcksek\u00f6\u011fretim kurumunun performansa dayal\u0131 kriterlerini sa\u011flayan ara\u015ft\u0131rma g\u00f6revlilerinin kadrosu bir y\u0131l daha devam ettirilebilecek. Bu s\u00fcrelerin sonunda ara\u015ft\u0131rma g\u00f6revlilerinin kadro ile ili\u015fikleri kendili\u011finden kesilecek. Tezli y\u00fcksek lisans e\u011fitimini tamamlam\u0131\u015f olanlar\u0131n ara\u015ft\u0131rma g\u00f6revlisi kadrolar\u0131yla ili\u015fikleri en fazla alt\u0131 ay s\u00fcreyle daha devam edecek. Alt\u0131 ayl\u0131k s\u00fcre i\u00e7erisinde devlet y\u00fcksek\u00f6\u011fretim kuramlar\u0131nda alan\u0131yla ilgili doktora veya sanatta yeterlik e\u011fitimine ba\u015flamayanlar\u0131n ara\u015ft\u0131rma g\u00f6revlisi kadrolar\u0131yla ili\u015fikleri kendili\u011finden kesilecek.<\/p>\n<p>Y\u00fcksek\u00f6\u011fretim Kanunu&#8217;na yap\u0131lan ek madde ile uluslararas\u0131 tan\u0131n\u0131rl\u0131\u011f\u0131 olan y\u00fcksek\u00f6\u011fretim kurumlar\u0131nda veya Ar-Ge merkezlerinde kamu kurum ve kurulu\u015flar\u0131 ile ba\u011fl\u0131 veya ilgili birimlerin ara\u015ft\u0131rma merkez ve enstit\u00fclerinde ya da teknoloji geli\u015ftirme b\u00f6lgelerinde, ara\u015ft\u0131rma altyap\u0131lar\u0131nda, \u00f6zel sekt\u00f6r Ar- Ge merkezleri yahut laboratuvarlar\u0131nda fiilen ara\u015ft\u0131rma, inceleme faaliyetlerinde \u00e7al\u0131\u015fan doktora derecesine sahip T\u00fcrk veya yabanc\u0131 uyruklu nitelikli ara\u015ft\u0131rmac\u0131lar; kendi talepleri, ilgili kurumlar\u0131n kar\u015f\u0131l\u0131kl\u0131 mutabakat\u0131 ve Y\u00fcksek\u00f6\u011fretim Kurulu&#8217;nun onay\u0131 ile giderleri \u00f6zel b\u00fct\u00e7eden kar\u015f\u0131lanmak \u00fczere y\u00fcksek\u00f6\u011fretim kurumlar\u0131nda s\u00fcresi bir y\u0131l\u0131 ge\u00e7memek \u00fczere k\u0131smi zamanl\u0131 g\u00f6revlendirilebilecek.<\/p>\n<p>Bu kapsamda g\u00f6revlendirilenlere, 40.000 g\u00f6sterge rakam\u0131n\u0131n memur ayl\u0131k katsay\u0131s\u0131 ile \u00e7arp\u0131m\u0131 sonucu bulunacak tutar\u0131 ge\u00e7memek \u00fczere Hazine ve Maliye Bakanl\u0131\u011f\u0131n\u0131n g\u00f6r\u00fc\u015f\u00fc \u00fczerine Y\u00fcksek\u00f6\u011fretim Kurulu taraf\u0131ndan belirlenen tutarda ayl\u0131k \u00fccret \u00f6denecek. Kamu kurum ve kurulu\u015flar\u0131 ile y\u00fcksek\u00f6\u011fretim kurumlar\u0131 personelinden bu kapsamda g\u00f6revlendirileceklerin ayl\u0131k, \u00f6denek, her t\u00fcrl\u00fc tazminatlar\u0131 ile di\u011fer sosyal hak ve yard\u0131mlar\u0131 kendi kurum ve kurulu\u015flar\u0131nca \u00f6denecek. Bu \u015fekilde g\u00f6revlendirilenlerin bilimsel yay\u0131n ve \u00e7al\u0131\u015fmalar\u0131 dikkate al\u0131narak g\u00f6rev s\u00fcreleri ayn\u0131 usulle uzat\u0131labilecek. Bunlar g\u00f6revlendirildikleri y\u00fcksek\u00f6\u011fretim kurumunda lisans veya lisans \u00fcst\u00fc \u00f6\u011fretim, dan\u0131\u015fmanl\u0131k, bilimsel ara\u015ft\u0131rma ve uygulama, Ar-Ge, yenilik veya tasar\u0131m \u00e7al\u0131\u015fmalar\u0131 yapmakla y\u00fck\u00fcml\u00fc olacak.<\/p>\n<p>Teklifle, 24 Ekim 2019&#8217;dan sonra y\u00fcksek\u00f6\u011fretim kurumlar\u0131na kay\u0131t yapt\u0131ranlardan 31 Mart 2024 tarihinden \u00f6nce mezun olanlar hakk\u0131nda, hakim adayl\u0131\u011f\u0131 veya hakim ve savc\u0131 yard\u0131mc\u0131l\u0131\u011f\u0131 s\u0131nav\u0131na girmek ya da avukatl\u0131k yahut noterlik staj\u0131na ba\u015flamak i\u00e7in Hukuk Mesleklerine Giri\u015f S\u0131nav\u0131&#8217;nda veya \u0130dari Yarg\u0131 \u00d6n S\u0131nav\u0131&#8217;nda ba\u015far\u0131l\u0131 olma \u015fart\u0131 aranmayacak.<\/p>\n<p>Y\u00fcksek \u00f6\u011frenimle ili\u015fkisi kesilen \u00f6\u011frencilere yeniden \u00f6\u011frenim hakk\u0131<\/p>\n<p>Teklifle y\u00fcksek\u00f6\u011fretim kurumlar\u0131nda \u00f6\u011frenim g\u00f6rmekte iken ili\u015fi\u011fi kesilenler ile bu y\u00fcksek\u00f6\u011fretim kurumlar\u0131na kay\u0131t hakk\u0131 elde etti\u011fi halde \u00e7e\u015fitli sebeplerle kay\u0131t yapt\u0131ramam\u0131\u015f \u00f6\u011frencilere ge\u00e7mi\u015fe y\u00f6nelik s\u00fcre s\u0131n\u0131rlamas\u0131 olmaks\u0131z\u0131n y\u00fcksek \u00f6\u011frenimlerine devam etme hakk\u0131 tan\u0131n\u0131yor.<\/p>\n<p>Buna g\u00f6re; y\u00fcksek\u00f6\u011fretim kurumlar\u0131nda haz\u0131rl\u0131k dahil b\u00fct\u00fcn s\u0131n\u0131flarda intibak, \u00f6nlisans, lisans tamamlama, lisans, lisans\u00fcst\u00fc \u00f6\u011frenimi g\u00f6ren \u00f6\u011frencilerden bu maddenin y\u00fcr\u00fcrl\u00fc\u011fe girdi\u011fi tarihe kadar, kendi iste\u011fiyle ili\u015fikleri kesilenler dahil, ter\u00f6r su\u00e7u ile kasten \u00f6ld\u00fcrme, i\u015fkence, eziyet, cinsel sald\u0131r\u0131, \u00e7ocuklar\u0131n cinsel istismar\u0131, uyu\u015fturucu veya uyar\u0131c\u0131 madde imal ve ticareti su\u00e7lar\u0131ndan mahkum olanlar ile ter\u00f6r \u00f6rg\u00fctlerine veya Milli G\u00fcvenlik Kurulunca devletin milli g\u00fcvenli\u011fine kar\u015f\u0131 faaliyette bulundu\u011funa karar verilen yap\u0131, olu\u015fum veya gruplara \u00fcyeli\u011fi, mensubiyeti veya iltisak\u0131 yahut bunlarla irtibat\u0131 nedeniyle ili\u015fi\u011fi kesilenler hari\u00e7, her ne sebeple olursa olsun ili\u015fi\u011fi kesilenler ile bir program\u0131 kazanarak kay\u0131t yapma hakk\u0131 elde ettikleri halde kay\u0131t yapt\u0131rmayanlar bu maddenin y\u00fcr\u00fcrl\u00fc\u011fe girdi\u011fi tarihten itibaren d\u00f6rt ay i\u00e7inde ili\u015fiklerinin kesildi\u011fi veya kay\u0131t hakk\u0131 kazand\u0131klar\u0131 y\u00fcksek\u00f6\u011fretim kurumuna ba\u015fvuruda bulunmalar\u0131 \u015fart\u0131yla 2022-2023 e\u011fitim-\u00f6\u011fretim y\u0131l\u0131nda \u00f6\u011frenimlerine ba\u015flayabilecek.<\/p>\n<p>Askerlik g\u00f6revini yapmakta olanlar terhislerini takip eden 2 ay i\u00e7inde ilgili y\u00fcksek\u00f6\u011fretim kurumuna ba\u015fvurmalar\u0131 halinde bu maddede belirtilen haklardan yararlanabilecek.<\/p>\n<p>Bu maddede yer alan h\u00fck\u00fcmlerden yararlanarak ayr\u0131ld\u0131\u011f\u0131 y\u00fcksek\u00f6\u011fretim kurumuna kay\u0131t yapt\u0131ranlardan \u00d6SYS\/YKS puan\u0131 giri\u015f y\u0131l\u0131 itibar\u0131yla ayn\u0131 veya farkl\u0131 bir diploma program\u0131n\u0131n ayn\u0131 t\u00fcrden taban puan\u0131na sahip olanlar, bu programlardan birine yatay ge\u00e7i\u015f talebinde bulunabilecek. Bu kapsamda farkl\u0131 bir diploma program\u0131ndan yatay ge\u00e7i\u015fle kabul edilecek \u00f6\u011frenci say\u0131lar\u0131, ilgili programa kay\u0131tl\u0131 \u00f6\u011frenci say\u0131s\u0131 ve \u00fcniversitenin fiziki ko\u015fullar\u0131 dikkate al\u0131nmak suretiyle belirlenecek.<\/p>\n<p>Bu maddeden yararlan\u0131p bir y\u00fcksek\u00f6\u011fretim kurumunda \u00f6\u011frenci stat\u00fcs\u00fc kazananlar ba\u015fvurmalar\u0131 halinde Anadolu \u00dcniversitesi, Ankara \u00dcniversitesi, Atat\u00fcrk \u00dcniversitesi ve \u0130stanbul \u00dcniversitesi b\u00fcnyesindeki a\u00e7\u0131k \u00f6\u011fretim \u00f6nlisans veya lisans d\u00fczeyindeki e\u015fde\u011fer programlara yatay ge\u00e7i\u015f yapabilecek. Bu maddenin uygulanmas\u0131na ili\u015fkin usul ve esaslar\u0131 belirlemeye Y\u00fcksek\u00f6\u011fretim Kurulu yetkili olacak.<\/p>\n<p>Teklifle Turizmi Te\u015fvik Kanunu&#8217;nda yap\u0131lan de\u011fi\u015fiklikle orman say\u0131lan alanlar ve milli parklar \u00fczerinde, turizm yat\u0131r\u0131m\u0131 ger\u00e7ekle\u015ftirilmek amac\u0131yla, Tar\u0131m ve Orman Bakanl\u0131\u011f\u0131nca k\u0131\u015f turizm merkezlerindeki g\u00fcn\u00fcbirlik ile mekanik tesis hatt\u0131 ama\u00e7l\u0131 yap\u0131lan kiralama s\u00f6zle\u015fmeleri de d\u00fczenleniyor.<\/p>\n<p>Plaj i\u015fletmelerin ba\u015fvuru s\u00fcreleri uzat\u0131l\u0131yor<\/p>\n<p>D\u00fczenlemeyle plaj i\u015fletmelerinin ba\u015fvuru s\u00fcreleri de uzat\u0131l\u0131yor. Buna g\u00f6re m\u00fcstakil plaj i\u015fletmelerine turizm i\u015fletmesi belgesi verilmesine ili\u015fkin 28 Temmuz 2022 tarihine kadar i\u015f yeri a\u00e7ma ve \u00e7al\u0131\u015fma ruhsat\u0131 alan i\u015fletmeler ile bir ayl\u0131k ba\u015fvuru s\u00fcresinde ba\u015fvuru yapamayanlar\u0131n ba\u015fvuru s\u00fcresi 28 Temmuz 2022&#8217;ye kadar uzat\u0131lacak.<\/p>\n<p>Teklifle Siyasi Partiler Kanunu&#8217;na f\u0131kra ekleniyor. Buna g\u00f6re \u00f6deme hizmeti sa\u011flay\u0131c\u0131lar arac\u0131l\u0131\u011f\u0131yla yap\u0131lan tahsilatlar ile GSM operat\u00f6rleri ve\/veya i\u015f ortaklar\u0131 arac\u0131l\u0131\u011f\u0131yla yap\u0131lan mobil tahsilatlar i\u00e7in ayr\u0131ca gelir makbuzu d\u00fczenlenmeyecek.<\/p>\n<p>\u0130mar Kanunu&#8217;nda yap\u0131lan de\u011fi\u015fiklikle 1 Temmuz 2022&#8217;ye kadar yap\u0131 (in\u015faat) ruhsat\u0131 al\u0131nm\u0131\u015f ve buna g\u00f6re yap\u0131lm\u0131\u015f olup kullanma izni verilmeyen veya al\u0131nmayan yap\u0131lara ge\u00e7ici olarak elektrik ve\/veya su aboneli\u011finin yap\u0131labilmesi imkan\u0131 da veriliyor.<\/p>\n<p>(S\u00fcrecek)<\/p>\n<div>AA \/  Zehra Ayd\u0131n Turapo\u011flu &#8211; Politika <\/div>\n","protected":false},"excerpt":{"rendered":"<p>Y\u00fcksek\u00f6\u011fretim kurumlar\u0131nda \u00f6\u011frenim g\u00f6rmekte iken ili\u015fi\u011fi kesilenler ile bu y\u00fcksek\u00f6\u011fretim kurumlar\u0131na kay\u0131t hakk\u0131 elde etti\u011fi halde \u00e7e\u015fitli &#8230;<\/p>\n","protected":false},"author":1,"featured_media":5058,"comment_status":"open","ping_status":"open","sticky":false,"template":"","format":"standard","meta":{"footnotes":""},"categories":[28],"tags":[226,1386,549,86,1725],"class_list":["post-5057","post","type-post","status-publish","format-standard","has-post-thumbnail","hentry","category-politika","tag-arastirma","tag-kayit","tag-kurum","tag-sure","tag-yuksekogretim"],"_links":{"self":[{"href":"https:\/\/haberulus.net\/index.php?rest_route=\/wp\/v2\/posts\/5057","targetHints":{"allow":["GET"]}}],"collection":[{"href":"https:\/\/haberulus.net\/index.php?rest_route=\/wp\/v2\/posts"}],"about":[{"href":"https:\/\/haberulus.net\/index.php?rest_route=\/wp\/v2\/types\/post"}],"author":[{"embeddable":true,"href":"https:\/\/haberulus.net\/index.php?rest_route=\/wp\/v2\/users\/1"}],"replies":[{"embeddable":true,"href":"https:\/\/haberulus.net\/index.php?rest_route=%2Fwp%2Fv2%2Fcomments&post=5057"}],"version-history":[{"count":1,"href":"https:\/\/haberulus.net\/index.php?rest_route=\/wp\/v2\/posts\/5057\/revisions"}],"predecessor-version":[{"id":5059,"href":"https:\/\/haberulus.net\/index.php?rest_route=\/wp\/v2\/posts\/5057\/revisions\/5059"}],"wp:featuredmedia":[{"embeddable":true,"href":"https:\/\/haberulus.net\/index.php?rest_route=\/wp\/v2\/media\/5058"}],"wp:attachment":[{"href":"https:\/\/haberulus.net\/index.php?rest_route=%2Fwp%2Fv2%2Fmedia&parent=5057"}],"wp:term":[{"taxonomy":"category","embeddable":true,"href":"https:\/\/haberulus.net\/index.php?rest_route=%2Fwp%2Fv2%2Fcategories&post=5057"},{"taxonomy":"post_tag","embeddable":true,"href":"https:\/\/haberulus.net\/index.php?rest_route=%2Fwp%2Fv2%2Ftags&post=5057"}],"curies":[{"name":"wp","href":"https:\/\/api.w.org\/{rel}","templated":true}]}}