{"id":50687,"date":"2022-11-05T10:21:11","date_gmt":"2022-11-05T10:21:11","guid":{"rendered":"https:\/\/haberulus.net\/?p=50687"},"modified":"2022-11-05T10:21:11","modified_gmt":"2022-11-05T10:21:11","slug":"galatasarayda-tarihi-kongre-iptal-edildi","status":"publish","type":"post","link":"https:\/\/haberulus.net\/?p=50687","title":{"rendered":"Galatasaray\u2019da tarihi kongre iptal edildi"},"content":{"rendered":"<p><b>Galatasaray&#8217;da T\u00fcz\u00fck Tadil Ola\u011fan\u00fcst\u00fc Genel Kurul Kongresi,\u00a0yeterli \u00e7o\u011funluk sa\u011flanamad\u0131\u011f\u0131 i\u00e7in iptal edildi.<\/b><\/p>\n<p>Galatasaray Kul\u00fcb\u00fc\u2019nde t\u00fcz\u00fck tadil tasar\u0131s\u0131n\u0131n g\u00f6r\u00fc\u015f\u00fclece\u011fi Ola\u011fan\u00fcst\u00fc Genel Kurul Kongresi, yeterli kat\u0131l\u0131m sa\u011flanamad\u0131\u011f\u0131 i\u00e7in iptal edildi.<\/p>\n<p>L\u00fctfi K\u0131rdar Kongre Merkezi Anadolu Oditoryum Toplant\u0131 Salonu\u2019nda saat 10.00\u2019da ba\u015flamas\u0131 planlanan genel kurulun, kul\u00fcp \u00fcye say\u0131s\u0131n\u0131n y\u00fczde 10\u2019una denk gelen 900 \u00fcyenin kat\u0131l\u0131m\u0131yla a\u00e7\u0131lmas\u0131 gerekiyordu.<\/p>\n<p>Y\u00f6netim kurulunun haz\u0131r bulundu\u011fu salona saat 11.00\u2019e kadar 700 civar\u0131nda \u00fcye giri\u015f yaparken, kul\u00fcp ba\u015fkan\u0131 Dursun \u00d6zbek k\u00fcrs\u00fcye \u00e7\u0131karak yapt\u0131\u011f\u0131 konu\u015fmada, yeterli kat\u0131l\u0131m olmamas\u0131ndan dolay\u0131 kongrenin ger\u00e7ekle\u015ftirilemeyece\u011fini s\u00f6yledi.<\/p>\n<p>Haz\u0131rlanan t\u00fcz\u00fck tadil tasar\u0131s\u0131nda, y\u0131ll\u0131k ola\u011fan genel kurullarda mali ve idari bak\u0131mdan ayr\u0131 yap\u0131lan ibra uygulamas\u0131n\u0131n tek bir ibra oylamas\u0131 \u015feklinde d\u00fczenlenmesi, y\u00f6netim kurulu ve di\u011fer kurullar\u0131n g\u00f6rev s\u00fcrelerinin \u00fc\u00e7 y\u0131ldan iki y\u0131la indirilmesi, kul\u00fcp faaliyet y\u0131l\u0131n\u0131n Galatasaray Sportif A\u015e faaliyet y\u0131l\u0131 ile uyumlu olarak 1 Haziran tarihinde ba\u015flay\u0131p, 31 May\u0131s tarihinde sona erecek \u015fekilde de\u011fi\u015ftirilmesi ve kurumsal takvimin buna uygun olarak g\u00fcncellenmesi gibi tarihi \u00f6neme sahip maddeler yer al\u0131yordu.<\/p>\n<p><b>\u201cNE YAZIK K\u0130 BU M\u00dcMK\u00dcN OLMUYOR\u201d<\/b><\/p>\n<p>Dursun \u00d6zbek, kongrede t\u00fcz\u00fckte yapmay\u0131 planlad\u0131klar\u0131 de\u011fi\u015fikleri \u00fcyelerin onay\u0131na sunmay\u0131 ama\u00e7lad\u0131klar\u0131n\u0131 anlatarak, \u201cT\u00fcz\u00fc\u011f\u00fcm\u00fcz\u00fcn emredici h\u00fckm\u00fc uyar\u0131nca genel kurula \u00f6nerdi\u011fimiz de\u011fi\u015fikliklerin yap\u0131labilmesi i\u00e7in belli bir say\u0131ya ula\u015fmak gerekiyor. Ne yaz\u0131k ki bu m\u00fcmk\u00fcn olmuyor. Galatasarayl\u0131lar, bundan \u00f6nce oldu\u011fu gibi bundan sonra da g\u00f6n\u00fclden ba\u011fl\u0131 olduklar\u0131 kul\u00fcpleri i\u00e7in bir araya gelip konu\u015fmaya, tart\u0131\u015fmaya devam edecek. Biz de bu konu\u015fma, tart\u0131\u015fma, birlik ortam\u0131n\u0131 sa\u011flamak i\u00e7in \u00e7al\u0131\u015fmaya devam edece\u011fiz\u201d diye konu\u015ftu.<\/p>\n<p>Kul\u00fcpte yakla\u015f\u0131k 5 ay \u00f6nce g\u00f6reve geldikleri hat\u0131rlatan \u00d6zbek, s\u00f6zlerini \u015f\u00f6yle s\u00fcrd\u00fcrd\u00fc:<\/p>\n<p>\u201cAmac\u0131m\u0131z Galatasaray\u2019\u0131m\u0131z\u0131 s\u00fcrd\u00fcr\u00fclebilir sportif ba\u015far\u0131ya sahip, g\u00fc\u00e7l\u00fc bir spor kul\u00fcb\u00fc olarak bizden sonra gelecek ku\u015faklara b\u0131rakmakt\u0131r. Bize emanet edilen bu g\u00f6revde ben ve t\u00fcm arkada\u015flar\u0131m size verdi\u011fimiz s\u00f6zleri tutmak i\u00e7in hi\u00e7 durmadan \u00e7al\u0131\u015fmaya devam edece\u011fiz. Mustafa Kemal Atat\u00fcrk\u2019\u00fcn bize emanet etti\u011fi Cumhuriyet\u2019in 100. y\u0131l\u0131n\u0131 kutlamak amac\u0131yla kul\u00fcb\u00fcm\u00fcz\u00fcn haz\u0131rlad\u0131\u011f\u0131 etkinliklerin bir b\u00f6l\u00fcm\u00fcn\u00fc hep birlikte seyrediyoruz. Bu kutlamalar ve sonras\u0131nda ald\u0131\u011f\u0131m\u0131z olumlu tepkiler, Galatasaray\u2019\u0131n Cumhuriyet\u2019in y\u00fcz\u00fc, her zamanki gibi yine \u00f6nc\u00fc oldu\u011funun g\u00f6stergesidir. 2023 y\u0131l\u0131 boyunca yeni etkinliklerle hep birlikte Cumhuriyet\u2019imizin 100. y\u0131l\u0131n\u0131 kutlayaca\u011f\u0131z. Cumhuriyet\u2019in en b\u00fcy\u00fck spor kul\u00fcb\u00fc oldu\u011fumuzu dosta, d\u00fc\u015fmana hat\u0131rlatmaya devam edece\u011fiz.\u201d<\/p>\n<p><b>\u201cG.SARAYLILARIN BU PROJEYE \u0130LG\u0130 G\u00d6STERMES\u0130N\u0130 R\u0130CA ED\u0130YORUM\u201d<\/b><\/p>\n<p>Konu\u015fmas\u0131nda Mecidiyek\u00f6y\u2019deki kul\u00fcp binas\u0131yla ilgili yapt\u0131klar\u0131 \u00e7al\u0131\u015fma hakk\u0131nda da bilgi veren \u00d6zbek, binay\u0131 rezidans haline getirdiklerini dile getirerek, \u201cSat\u0131\u015f ofisimizin haz\u0131rl\u0131klar\u0131n\u0131 tamamlad\u0131. Burada 180 daire bulunmaktad\u0131r. Amac\u0131m\u0131z bunlar\u0131n sat\u0131lmas\u0131 ve buradan gelecek fonun iki \u015fekilde kullan\u0131lmas\u0131. Yakla\u015f\u0131k 1 milyar 600 milyon lira gibi bir has\u0131lat bekliyoruz. Bunun yar\u0131s\u0131n\u0131, Bankalar Birli\u011fine olan borcun bir k\u0131sm\u0131n\u0131 kapatmak i\u00e7in kullanaca\u011f\u0131z. Di\u011fer yar\u0131s\u0131n\u0131 da Kemerburgaz ve Florya projeleri i\u00e7in harcanacak. Siz de\u011ferli Galatasarayl\u0131lar\u0131n bu projeye ilgi g\u00f6stermesini rica ediyorum\u201d ifadelerini kulland\u0131.<\/p>\n<p>Sar\u0131-k\u0131rm\u0131z\u0131l\u0131 kul\u00fcb\u00fcn \u00fcyelerine te\u015fekk\u00fcr eden Dursun \u00d6zbek, \u201cGalatasaray\u2019\u0131n sorunlar\u0131na, Galatasaray\u2019\u0131n problemlerine sahip \u00e7\u0131kt\u0131\u011f\u0131n\u0131z i\u00e7in bir kez daha te\u015fekk\u00fcr ediyorum. Sizin deste\u011finiz olmadan, bizim s\u00f6z konusu projelerle ilgili ba\u015far\u0131 sa\u011flamam\u0131z\u0131 m\u00fcmk\u00fcn de\u011fil. Onun i\u00e7in bundan sonra da yapaca\u011f\u0131m\u0131z projelerle ilgili deste\u011finizi eksik etmeyin\u201d de\u011ferlendirmesinde bulundu.<\/p>\n<p>(AA)<\/p>\n","protected":false},"excerpt":{"rendered":"<p>Galatasaray&#8217;da T\u00fcz\u00fck Tadil Ola\u011fan\u00fcst\u00fc Genel Kurul Kongresi,\u00a0yeterli \u00e7o\u011funluk sa\u011flanamad\u0131\u011f\u0131 i\u00e7in iptal edildi. Galatasaray Kul\u00fcb\u00fc\u2019nde t\u00fcz\u00fck &#8230;<\/p>\n","protected":false},"author":1,"featured_media":50688,"comment_status":"closed","ping_status":"open","sticky":false,"template":"","format":"standard","meta":{"footnotes":""},"categories":[31],"tags":[859,7229,721,1189,67],"class_list":["post-50687","post","type-post","status-publish","format-standard","has-post-thumbnail","hentry","category-spor","tag-galatasaray","tag-ilgi","tag-kulubu","tag-kulup","tag-yili"],"_links":{"self":[{"href":"https:\/\/haberulus.net\/index.php?rest_route=\/wp\/v2\/posts\/50687","targetHints":{"allow":["GET"]}}],"collection":[{"href":"https:\/\/haberulus.net\/index.php?rest_route=\/wp\/v2\/posts"}],"about":[{"href":"https:\/\/haberulus.net\/index.php?rest_route=\/wp\/v2\/types\/post"}],"author":[{"embeddable":true,"href":"https:\/\/haberulus.net\/index.php?rest_route=\/wp\/v2\/users\/1"}],"replies":[{"embeddable":true,"href":"https:\/\/haberulus.net\/index.php?rest_route=%2Fwp%2Fv2%2Fcomments&post=50687"}],"version-history":[{"count":1,"href":"https:\/\/haberulus.net\/index.php?rest_route=\/wp\/v2\/posts\/50687\/revisions"}],"predecessor-version":[{"id":50689,"href":"https:\/\/haberulus.net\/index.php?rest_route=\/wp\/v2\/posts\/50687\/revisions\/50689"}],"wp:featuredmedia":[{"embeddable":true,"href":"https:\/\/haberulus.net\/index.php?rest_route=\/wp\/v2\/media\/50688"}],"wp:attachment":[{"href":"https:\/\/haberulus.net\/index.php?rest_route=%2Fwp%2Fv2%2Fmedia&parent=50687"}],"wp:term":[{"taxonomy":"category","embeddable":true,"href":"https:\/\/haberulus.net\/index.php?rest_route=%2Fwp%2Fv2%2Fcategories&post=50687"},{"taxonomy":"post_tag","embeddable":true,"href":"https:\/\/haberulus.net\/index.php?rest_route=%2Fwp%2Fv2%2Ftags&post=50687"}],"curies":[{"name":"wp","href":"https:\/\/api.w.org\/{rel}","templated":true}]}}