{"id":5078,"date":"2022-07-09T02:51:02","date_gmt":"2022-07-09T02:51:02","guid":{"rendered":"https:\/\/haberulus.net\/?p=5078"},"modified":"2022-07-09T02:51:02","modified_gmt":"2022-07-09T02:51:02","slug":"bayrama-zamli-girdik","status":"publish","type":"post","link":"https:\/\/haberulus.net\/?p=5078","title":{"rendered":"Bayrama zaml\u0131 girdik"},"content":{"rendered":"<p><b>Tatil s\u00fcresi uzat\u0131lan bayramda halk g\u00f6nl\u00fcnce al\u0131\u015fveri\u015f yapam\u0131yor. Kurban Bayram\u0131 al\u0131\u015fveri\u015fleri cep yak\u0131yor. Bu y\u0131l fiyatlar\u0131n y\u00fczde 100\u2019e varan oranda artt\u0131\u011f\u0131 kurbanl\u0131klarda talep d\u00fc\u015f\u00fck. \u015eeker ve baklava da zaml\u0131 fiyatlarla tezgahlarda.<\/b><\/p>\n<div>\n<div><img decoding=\"async\" src=\"https:\/\/i01.sozcucdn.com\/wp-content\/themes\/Sozcu_V4\/assets\/images\/uzman\/sayime-basci-50x50.jpg?ver=8.0.1\" alt=\"\" title=\"\"><\/p>\n<div>\n<div>Sayime BA\u015e\u00c7I<\/div>\n<\/div>\n<\/div>\n<div><img decoding=\"async\" src=\"https:\/\/i01.sozcucdn.com\/wp-content\/themes\/Sozcu_V4\/assets\/images\/uzman\/kemal-atlan-50x50.jpg?ver=8.0.1\" alt=\"\" title=\"\"><\/p>\n<div>\n<div>Kemal ATLAN<\/div>\n<\/div>\n<\/div>\n<\/div>\n<p>Fiyat art\u0131\u015flar\u0131 her alanda t\u00fcm h\u0131z\u0131yla devam ederken, baklavadan, bayram \u015fekerine ve kurbanl\u0131klara kadar bu d\u00f6nemde al\u0131\u015fveri\u015flerin yo\u011funla\u015ft\u0131\u011f\u0131 temel t\u00fcketim \u00fcr\u00fcnleri bayrama zaml\u0131 girdi. Sekt\u00f6r temsilcileri sat\u0131\u015flarda baklava ve \u015fekerde b\u00fcy\u00fck bir d\u00fc\u015f\u00fc\u015f beklemediklerini, kurbanl\u0131klarda ise kayb\u0131n b\u00fcy\u00fck olaca\u011f\u0131n\u0131 belirtti. Bu d\u00f6nemde kurbanl\u0131klar y\u00fczde 100&#8217;e varan oranlarda zamlarla pazarlara gelirken, baklavada ise y\u00fczde 40-50 aras\u0131nda zamlar devrede. Bayram \u015fekeri y\u00fczde 31&#8217;lik zamla tezgahlardaki yerini ald\u0131.<\/p>\n<div><img decoding=\"async\" src=\"https:\/\/i01.sozcucdn.com\/wp-content\/uploads\/2022\/07\/09\/9-kurban.jpg\" alt=\"\" title=\"\"><\/p>\n<p>S\u0131k\u0131 pazarl\u0131klar\u0131n yap\u0131ld\u0131\u011f\u0131 canl\u0131 hayvan pazarlar\u0131nda al\u0131c\u0131lar fiyatlar\u0131 y\u00fcksek buldu.<\/p>\n<\/div>\n<p><strong>KURBANLIKLARDA %50 D\u00dc\u015e\u00dc\u015e <\/strong><\/p>\n<p>T\u00fcrkiye Ziraat Odalar\u0131 Birli\u011fi, fiyatlar\u0131n ge\u00e7en y\u0131la g\u00f6re, b\u00fcy\u00fckba\u015fta y\u00fczde 107.6, k\u00fc\u00e7\u00fckba\u015fta ise y\u00fczde 90.6 artt\u0131\u011f\u0131n\u0131 a\u00e7\u0131klad\u0131. Bu y\u0131l hem arzda hem de fiyatlar nedeni ile talepte bir d\u00fc\u015f\u00fc\u015f oldu\u011funu kaydeden T\u00fcm S\u00fct, Et ve Dam\u0131zl\u0131k S\u0131\u011f\u0131r Yeti\u015ftiricileri Derne\u011fi Ba\u015fkan\u0131 Sencer Solako\u011flu, \u201cGe\u00e7en seneye g\u00f6re et fiyatlar\u0131ndaki art\u0131\u015f net bir \u015fekilde kurban fiyatlar\u0131na da yans\u0131yor. Talep, ge\u00e7en senenin tam y\u00fczde 50 alt\u0131nda. Bayramdan sonra \u00fcreticilerin elinde belli oranda besi kalacak. Ma\u011fdur olmamalar\u0131 i\u00e7in Et ve S\u00fct Kurumu bunu telafi edece\u011fini a\u00e7\u0131klad\u0131\u201d dedi.<\/p>\n<p><img decoding=\"async\" src=\"https:\/\/i01.sozcucdn.com\/wp-content\/uploads\/2022\/07\/09\/9-baklava.jpg\" alt=\"\" title=\"\"><\/p>\n<p><b>BAKLAVA 250 TL&#8217;L\u0130K F\u0130YATLA TEZGAHLARDA<\/b><\/p>\n<p>Baklava ve Tatl\u0131 \u00dcreticileri Derne\u011fi Ba\u015fkan\u0131 Mehmet Y\u0131ld\u0131r\u0131m, bu y\u0131l baklava fiyatlar\u0131nda ge\u00e7en seneye g\u00f6re y\u00fczde 40-50 aras\u0131nda de\u011fi\u015fen oranlarda zamlar\u0131n ya\u015fand\u0131\u011f\u0131n\u0131 belirterek, \u201cF\u0131st\u0131kl\u0131 baklavan\u0131n kilogram fiyat\u0131 piyasada 250-280 TL aras\u0131nda de\u011fi\u015fiyor. Kaliteli baklavadan bahsediyoruz. Ancak ucuz baklavada 100 TL&#8217;den ba\u015fl\u0131yor. O da kullan\u0131lan hammadden kaynaklan\u0131yor. Ucuz baklavada 30 gram f\u0131st\u0131k kullan\u0131l\u0131yor. Pahal\u0131 baklavada kiloya 150 gram kullan\u0131l\u0131yor. Sat\u0131\u015flarda \u00e7ok b\u00fcy\u00fck d\u00fc\u015f\u00fc\u015f beklemiyoruz\u201d dedi.<\/p>\n<p><b>\u015eekerde %31&#8217;lik art\u0131\u015f<\/b><\/p>\n<p>Bayram \u015fekeri fiyatlar\u0131 son bir y\u0131lda ortalama y\u00fczde 31 artt\u0131. Pandemi sonras\u0131 ilk y\u00fcz y\u00fcze sat\u0131\u015flar olmas\u0131 nedeni ile bayramda \u015feker t\u00fcketiminde art\u0131\u015f beklediklerini anlatan Mondelez International T\u00fcrkiye Pazarlama Direkt\u00f6r\u00fc Bahad\u0131r Demir, \u201cBu y\u0131l kiloluk bayram \u015fekerinin tavsiye edilen kilogram fiyat\u0131 37.29 TL. Ge\u00e7en y\u0131l 28.5 TL idi. Pandemi&#8217;de 1 kg civar\u0131na gerileyen bayraml\u0131k \u015feker t\u00fcketiminin bu sene 1.4 kg&#8217;lara ula\u015faca\u011f\u0131n\u0131 tahmin ediyoruz\u201d dedi.<\/p>\n<div><img decoding=\"async\" src=\"https:\/\/i01.sozcucdn.com\/wp-content\/uploads\/2022\/07\/09\/9-yumurta.jpg\" alt=\"\" title=\"\"><\/p>\n<p>Toptanda 30&#8217;lu b\u00fcy\u00fck boy yumurtan\u0131n fiyat\u0131 43 TL&#8217;ye y\u00fckseldi.<\/p>\n<\/div>\n<p><b>Yumurtada toptan fiyat artt\u0131, y\u00fczde 40 zam yolda<\/b><\/p>\n<p>TL&#8217;nin s\u00fcrekli de\u011fer kaybetmesi ve enflasyonla zarar eden \u00fcretici \u00fcretimden \u00e7ekilince, arz s\u0131k\u0131nt\u0131s\u0131 g\u0131dada yeni zamlar\u0131 tetikliyor. Son olarak toptanc\u0131larda yumurta fiyatlar\u0131 y\u00fczde 40 zamland\u0131. Zarar eden \u00fcreticilerin \u00fcretimi b\u0131rakt\u0131\u011f\u0131n\u0131 ve \u00fcretici say\u0131s\u0131n\u0131n azald\u0131\u011f\u0131n\u0131 belirten yumurta toptanc\u0131s\u0131 Erhan Bozku\u015f, ilerleyen g\u00fcnlerde zamlar\u0131n devam edece\u011fini s\u00f6yledi. Yumurta fiyatlar\u0131ndaki y\u00fczde 40&#8217;l\u0131k art\u0131\u015f market fiyatlar\u0131na hen\u00fcz yans\u0131mad\u0131. Bunun sebebi ise marketlerin stokta bulunan \u00fcr\u00fcnlerini satmas\u0131. Yumurta fiyatlar\u0131ndaki art\u0131\u015f etiketlere pazartesi g\u00fcn\u00fcnden itibaren yans\u0131yacak.<\/p>\n<div><img decoding=\"async\" src=\"https:\/\/i01.sozcucdn.com\/wp-content\/uploads\/2022\/07\/09\/eczane-uzun.jpg\" alt=\"\" title=\"\"><\/p>\n<p>Hem eczac\u0131lar\u0131 hem de hastay\u0131 ma\u011fdur eden temel nedenin mevcut ila\u00e7 fiyat kararnamesi oldu\u011fu belirtiliyor.<\/p>\n<\/div>\n<p><b>T\u00dcM \u0130LA\u00c7LARA Y\u00dcZDE 25 ZAM<\/b><\/p>\n<p>Piyasadaki t\u00fcm ila\u00e7lar\u0131n y\u00fczde 25 zamlanmas\u0131na yol a\u00e7acak bir d\u00fczenleme yap\u0131ld\u0131. Resmi Gazete&#8217;nin d\u00fcnk\u00fc say\u0131s\u0131nda yer alan Be\u015feri T\u0131bbi \u00dcr\u00fcnlerin Fiyatland\u0131r\u0131lmas\u0131na Dair Kararda De\u011fi\u015fiklik Yap\u0131lmas\u0131 Hakk\u0131nda Karar&#8217;a g\u00f6re ila\u00e7lar\u0131n fiyatlar\u0131nda y\u00fczde 25 art\u0131\u015f ya\u015fanacak. Madde 2&#8217;ye eklenen ge\u00e7ici bir madde ile be\u015feri t\u0131bbi \u00fcr\u00fcnlerine fiyatland\u0131r\u0131lmas\u0131nda kullan\u0131lan T\u00fcrk Liras\u0131 cincinden bir Euro de\u011ferinin, 2022 Temmuz&#8217;da y\u00fczde 25 art\u0131r\u0131ld\u0131\u011f\u0131 belirtildi.<\/p>\n<p><strong>BUG\u00dcNDEN \u0130T\u0130BAREN GE\u00c7ERL\u0130<\/strong><\/p>\n<p>Kararda, \u201c2022 y\u0131l\u0131 Temmuz ay\u0131 yeni Euro de\u011feri, bu madde y\u00fcr\u00fcrl\u00fc\u011fe girdikten sonraki ilk g\u00fcn ge\u00e7erli olur\u201d ibaresi yer ald\u0131. Yani zam karar\u0131, bug\u00fcnden itibaren ge\u00e7erli olacak.<\/p>\n<p>Karar\u0131 de\u011ferlendiren \u0130stanbul Eczac\u0131 Odas\u0131 Ba\u015fkan\u0131 P\u0131nar \u00d6zcan, bu karar\u0131n, bug\u00fcnden itibaren t\u00fcm ila\u00e7lar\u0131n y\u00fczde 25 zamlanmas\u0131 anlam\u0131na geldi\u011fini anlatt\u0131. Her 5 ila\u00e7tan birinin bulunamamas\u0131 nedeniyle tedavilerde ciddi ila\u00e7 yoklu\u011fu sorunu ya\u015fan\u0131yordu. \u00d6zcan, bu zam karar\u0131n\u0131n ila\u00e7 yoklu\u011fu sorununu bir nebze de olsa rahatlataca\u011f\u0131n\u0131 belirtti.<\/p>\n<p><b>D\u00fczenleme eczac\u0131lar\u0131 memnun etmedi<\/b><\/p>\n<p>\u0130la\u00e7 Fiyat Kararnamesi&#8217;ndeki de\u011fi\u015fiklikle eczac\u0131lar\u0131n karl\u0131l\u0131\u011f\u0131 ortalama y\u00fczde 1.75 art\u0131r\u0131ld\u0131. Eski\u015fehir Eczac\u0131 Odas\u0131 Ba\u015fkan\u0131 Metin Kam\u0131\u015f, d\u00fczenlemenin yeterli olmad\u0131\u011f\u0131n\u0131 s\u00f6yledi. Kam\u0131\u015f, \u201cNe yaz\u0131k ki bu d\u00fczenleme bir yaraya derman olmamaktad\u0131r. Personel giderleri, kira, prim, elektrik gibi giderlerin bu enflasyonist ortamda artt\u0131\u011f\u0131 kadar k\u00e2rl\u0131l\u0131\u011f\u0131m\u0131zda art\u0131r\u0131lmal\u0131yd\u0131. B\u00f6yle giderse \u00e7ok yak\u0131nda eczaneler birer birer kapanacakt\u0131r\u201d dedi.<\/p>\n<p><img decoding=\"async\" src=\"https:\/\/i01.sozcucdn.com\/wp-content\/uploads\/2022\/07\/09\/9-motorin.jpg\" alt=\"\" title=\"\"><\/p>\n<p><b>Kurdaki art\u0131\u015f motorinde yeniden zam getirdi fiyat 81 kuru\u015f y\u00fckseldi<\/b><\/p>\n<p>Akaryak\u0131t fiyatlar\u0131nda hareket h\u0131z kesmiyor. \u00d6nceki gece 2 lira 9 kuru\u015f indirim gelen motorine d\u00fcn gece bu kez zam geldi. D\u00fcn gece yar\u0131s\u0131ndan itibaren ge\u00e7erli olmak \u00fczere motorinin litresine 81 kuru\u015f zam geldi\u011fi a\u00e7\u0131kland\u0131. Benzinde ise d\u00fcn itibar\u0131yla fiyat de\u011fi\u015fimi olmad\u0131\u011f\u0131 bildirildi. Hem uluslararas\u0131 \u00fcr\u00fcn fiyat\u0131nda hem de dolar kurundaki art\u0131\u015f, zamm\u0131 beraberinde getirdi. D\u00fcn geceki zamla birlikte motorinin litre fiyat\u0131 yakla\u015f\u0131k olarak \u0130stanbul&#8217;da 25.37 TL&#8217;ye, Ankara ve \u0130zmir&#8217;de 25.48 TL&#8217;ye y\u00fckseldi. Benzinin litre fiyat\u0131 ise yakla\u015f\u0131k olarak \u0130stanbul&#8217;da 25.20 TL, Ankara&#8217;da ve \u0130zmir&#8217;de 25.32 TL seviyesinde bulunuyor.<\/p>\n","protected":false},"excerpt":{"rendered":"<p>Tatil s\u00fcresi uzat\u0131lan bayramda halk g\u00f6nl\u00fcnce al\u0131\u015fveri\u015f yapam\u0131yor. Kurban Bayram\u0131 al\u0131\u015fveri\u015fleri cep yak\u0131yor. Bu y\u0131l fiyatlar\u0131n y\u00fczde 100\u2019e varan &#8230;<\/p>\n","protected":false},"author":1,"featured_media":5079,"comment_status":"open","ping_status":"open","sticky":false,"template":"","format":"standard","meta":{"footnotes":""},"categories":[25],"tags":[1728,382,75,1729,79],"class_list":["post-5078","post","type-post","status-publish","format-standard","has-post-thumbnail","hentry","category-ekonomi","tag-baklava","tag-bayram","tag-fiyat","tag-fiyatlarin","tag-zam"],"_links":{"self":[{"href":"https:\/\/haberulus.net\/index.php?rest_route=\/wp\/v2\/posts\/5078","targetHints":{"allow":["GET"]}}],"collection":[{"href":"https:\/\/haberulus.net\/index.php?rest_route=\/wp\/v2\/posts"}],"about":[{"href":"https:\/\/haberulus.net\/index.php?rest_route=\/wp\/v2\/types\/post"}],"author":[{"embeddable":true,"href":"https:\/\/haberulus.net\/index.php?rest_route=\/wp\/v2\/users\/1"}],"replies":[{"embeddable":true,"href":"https:\/\/haberulus.net\/index.php?rest_route=%2Fwp%2Fv2%2Fcomments&post=5078"}],"version-history":[{"count":1,"href":"https:\/\/haberulus.net\/index.php?rest_route=\/wp\/v2\/posts\/5078\/revisions"}],"predecessor-version":[{"id":5080,"href":"https:\/\/haberulus.net\/index.php?rest_route=\/wp\/v2\/posts\/5078\/revisions\/5080"}],"wp:featuredmedia":[{"embeddable":true,"href":"https:\/\/haberulus.net\/index.php?rest_route=\/wp\/v2\/media\/5079"}],"wp:attachment":[{"href":"https:\/\/haberulus.net\/index.php?rest_route=%2Fwp%2Fv2%2Fmedia&parent=5078"}],"wp:term":[{"taxonomy":"category","embeddable":true,"href":"https:\/\/haberulus.net\/index.php?rest_route=%2Fwp%2Fv2%2Fcategories&post=5078"},{"taxonomy":"post_tag","embeddable":true,"href":"https:\/\/haberulus.net\/index.php?rest_route=%2Fwp%2Fv2%2Ftags&post=5078"}],"curies":[{"name":"wp","href":"https:\/\/api.w.org\/{rel}","templated":true}]}}