{"id":51254,"date":"2022-11-06T14:36:04","date_gmt":"2022-11-06T14:36:04","guid":{"rendered":"https:\/\/haberulus.net\/?p=51254"},"modified":"2022-11-06T14:36:04","modified_gmt":"2022-11-06T14:36:04","slug":"uzay-yolunun-yildizi-kaptan-kirk-gercek-uzay-macerasiyla-ilgili-gercegi-acikladi","status":"publish","type":"post","link":"https:\/\/haberulus.net\/?p=51254","title":{"rendered":"Uzay Yolu\u2019nun y\u0131ld\u0131z\u0131 Kaptan Kirk ger\u00e7ek uzay maceras\u0131yla ilgili ger\u00e7e\u011fi a\u00e7\u0131klad\u0131"},"content":{"rendered":"<p><b>1960&#8217;lar\u0131n pop\u00fcler dizisi &#8220;Uzay Yolu&#8221;ndaki Kaptan Kirk rol\u00fcyle tan\u0131nan William Shatner, uzaya gitmesiyle ilgili ya\u015fad\u0131klar\u0131n\u0131 anlatt\u0131.<\/b><\/p>\n<p><span><span>2021 y\u0131l\u0131nda, ABD\u2019li milyarder i\u015f insan\u0131 Jeff Bezos\u2019un Blue Origin roketiyle uzaya giden ve ba\u015far\u0131yla D\u00fcnya\u2019ya d\u00f6nen 91 ya\u015f\u0131ndaki akt\u00f6r William Shatner, \u201cuzaya \u00e7\u0131kan en ya\u015fl\u0131 ki\u015fi\u201d unvan\u0131na sahip olmu\u015ftu.<\/span><\/span><\/p>\n<div><img decoding=\"async\" src=\"https:\/\/i01.sozcucdn.com\/wp-content\/uploads\/2022\/11\/06\/shutterstock_2018152766-660x473.jpg\" alt=\"\" title=\"\"><\/p>\n<p>William Shatner\u2026<\/p>\n<\/div>\n<p>Daily Mail\u2019in haberine g\u00f6re, Bezos\u2019un \u201cUzay Yolu\u201d izleyerek b\u00fcy\u00fcd\u00fc\u011f\u00fcn\u00fc ve \u00e7ocukken onun \u00fczerindeki g\u00fcc\u00fcn\u00fc \u00f6\u011frenen Shatner, uzaya gitme teklifini ilk duydu\u011funda korktu\u011fu i\u00e7in reddetti\u011fini a\u00e7\u0131klad\u0131. \u201cBen bir akt\u00f6r\u00fcm, astronot de\u011fil\u201d dedi\u011fini aktaran Shatner, sonras\u0131nda \u201cuzaya ilk sivil yolculu\u011fun\u201d bir par\u00e7as\u0131 olmaktan dolay\u0131 heyecan duydu\u011funu belirtti.<\/p>\n<div><img decoding=\"async\" src=\"https:\/\/i01.sozcucdn.com\/wp-content\/uploads\/2022\/11\/06\/william-shatner-reuters-660x440.jpg\" alt=\"\" title=\"\"><\/p>\n<p>Shatner, Blue Origin gemisinde\u2026<\/p>\n<\/div>\n<p>Covid-19 pandemisi sebebiyle de erteleme ya\u015fanan olaylar\u0131n ard\u0131ndan, sonunda teklifi kabul eden Shatner, iki g\u00fcnl\u00fck bir e\u011fitimin ard\u0131ndan kendisini uzayda buldu.<\/p>\n<div><img decoding=\"async\" src=\"https:\/\/i01.sozcucdn.com\/wp-content\/uploads\/2022\/11\/06\/depophotos_17202962-527x660.jpg\" alt=\"\" title=\"\"><\/p>\n<p>Jeff Bezos\u2026<\/p>\n<\/div>\n<p><span>Uzaya \u00e7\u0131kt\u0131\u011f\u0131nda hissetti\u011fi bo\u015fluk ve \u00e7aresizlik duygusunu, \u201cD\u00fcnya \u00fczerinde g\u00f6rebilece\u011finiz veya hissedebilece\u011finiz herhangi bir karanl\u0131\u011fa benzemiyordu. Derindi, sar\u0131yordu, her \u015feyi kapl\u0131yordu. I\u015f\u0131\u011fa do\u011fru d\u00f6nd\u00fcm. D\u00fcnyan\u0131n e\u011frili\u011fini, \u00e7\u00f6l\u00fcn bejini, bulutlar\u0131n beyaz\u0131n\u0131 ve g\u00f6ky\u00fcz\u00fcn\u00fcn mavisini g\u00f6rebiliyordum. Hayat buydu. Besleme, s\u00fcrd\u00fcrme, ya\u015fam. Toprak Ana. Gaia. Ve onu terk ediyordum. G\u00f6rmeyi, d\u00fc\u015f\u00fcnmeyi ve hissetmeyi bekledi\u011fim her \u015feyin yanl\u0131\u015f oldu\u011fu kan\u0131tland\u0131. Uzaya gitmenin nihai ar\u0131nma olaca\u011f\u0131n\u0131, t\u00fcm canl\u0131lar aras\u0131nda arad\u0131\u011f\u0131m o ba\u011flant\u0131y\u0131, orada olman\u0131n evrenin uyumunu anlaman\u0131n bir sonraki g\u00fczel ad\u0131m\u0131 olaca\u011f\u0131n\u0131 d\u00fc\u015f\u00fcnm\u00fc\u015ft\u00fcm. \u00d6yle olmad\u0131\u011f\u0131n\u0131 g\u00f6rd\u00fcm.\u201d<\/span><\/p>\n<p><span>\u201cBu duyguda yaln\u0131z olmad\u0131\u011f\u0131m\u0131 sonradan \u00f6\u011frendim. Buna Genel Bak\u0131\u015f Etkisi deniyor ve Yuri Gagarin, Michael Collins, Sally Ride gibi di\u011fer astronotlar aras\u0131nda da nadir de\u011fildir.\u201d<\/span><\/p>\n<p><span>\u201cBirisi uzaya gitti\u011finde ve D\u00fcnya\u2019y\u0131 y\u00f6r\u00fcngeden g\u00f6rd\u00fc\u011f\u00fcnde, gezegenin k\u0131r\u0131lganl\u0131\u011f\u0131 duygusu, tarifsiz, i\u00e7g\u00fcd\u00fcsel bir \u015fekilde i\u00e7inize i\u015fler. Gezegene bak\u0131\u015f\u0131m\u0131z\u0131 de\u011fi\u015ftirebilir ama ayn\u0131 zamanda d\u00fcnya g\u00f6r\u00fc\u015f\u00fcn\u00fcz\u00fc de kendi ekseni etraf\u0131nda \u00e7evirebilir.\u201d s\u00f6zleriyle anlatt\u0131.<\/span><\/p>\n<p>\u00a0<\/p>\n<p><span>\u00a0<\/span><\/p>\n<p>\u00a0<\/p>\n<p>\u00a0<\/p>\n","protected":false},"excerpt":{"rendered":"<p>1960&#8217;lar\u0131n pop\u00fcler dizisi &#8220;Uzay Yolu&#8221;ndaki Kaptan Kirk rol\u00fcyle tan\u0131nan William Shatner, uzaya gitmesiyle ilgili ya\u015fad\u0131klar\u0131n\u0131 anlatt\u0131. 2021 &#8230;<\/p>\n","protected":false},"author":1,"featured_media":51255,"comment_status":"closed","ping_status":"open","sticky":false,"template":"","format":"standard","meta":{"footnotes":""},"categories":[33],"tags":[141,9121],"class_list":["post-51254","post","type-post","status-publish","format-standard","has-post-thumbnail","hentry","category-yasam","tag-dunya","tag-uzaya"],"_links":{"self":[{"href":"https:\/\/haberulus.net\/index.php?rest_route=\/wp\/v2\/posts\/51254","targetHints":{"allow":["GET"]}}],"collection":[{"href":"https:\/\/haberulus.net\/index.php?rest_route=\/wp\/v2\/posts"}],"about":[{"href":"https:\/\/haberulus.net\/index.php?rest_route=\/wp\/v2\/types\/post"}],"author":[{"embeddable":true,"href":"https:\/\/haberulus.net\/index.php?rest_route=\/wp\/v2\/users\/1"}],"replies":[{"embeddable":true,"href":"https:\/\/haberulus.net\/index.php?rest_route=%2Fwp%2Fv2%2Fcomments&post=51254"}],"version-history":[{"count":1,"href":"https:\/\/haberulus.net\/index.php?rest_route=\/wp\/v2\/posts\/51254\/revisions"}],"predecessor-version":[{"id":51256,"href":"https:\/\/haberulus.net\/index.php?rest_route=\/wp\/v2\/posts\/51254\/revisions\/51256"}],"wp:featuredmedia":[{"embeddable":true,"href":"https:\/\/haberulus.net\/index.php?rest_route=\/wp\/v2\/media\/51255"}],"wp:attachment":[{"href":"https:\/\/haberulus.net\/index.php?rest_route=%2Fwp%2Fv2%2Fmedia&parent=51254"}],"wp:term":[{"taxonomy":"category","embeddable":true,"href":"https:\/\/haberulus.net\/index.php?rest_route=%2Fwp%2Fv2%2Fcategories&post=51254"},{"taxonomy":"post_tag","embeddable":true,"href":"https:\/\/haberulus.net\/index.php?rest_route=%2Fwp%2Fv2%2Ftags&post=51254"}],"curies":[{"name":"wp","href":"https:\/\/api.w.org\/{rel}","templated":true}]}}