{"id":52645,"date":"2022-11-08T22:06:04","date_gmt":"2022-11-08T22:06:04","guid":{"rendered":"https:\/\/haberulus.net\/?p=52645"},"modified":"2022-11-08T22:06:04","modified_gmt":"2022-11-08T22:06:04","slug":"korkunc-olayi-itiraf-etmisti-tacizci-kardinale-sorusturma","status":"publish","type":"post","link":"https:\/\/haberulus.net\/?p=52645","title":{"rendered":"Korkun\u00e7 olay\u0131 itiraf etmi\u015fti! Tacizci kardinale soru\u015fturma"},"content":{"rendered":"<p><b>Fransa&#8217;da Katolik Kilisesi Kardinali Jean-Pierre Ricard&#8217;\u0131n 35 y\u0131l \u00f6nce 14 ya\u015f\u0131ndaki bir k\u0131z \u00e7ocu\u011funa cinsel tacizde bulundu\u011funu itiraf etmesinin ard\u0131ndan olayla ilgili \u00f6n soru\u015fturma ba\u015flat\u0131ld\u0131.<\/b><\/p>\n<p>Ulusal bas\u0131ndaki haberlerde, Ricard&#8217;\u0131n itiraf\u0131 ard\u0131ndan, Marsilya Savc\u0131l\u0131\u011f\u0131n\u0131n olaya ili\u015fkin \u00f6n soru\u015fturma ba\u015flatt\u0131\u011f\u0131 aktar\u0131ld\u0131.<\/p>\n<p>Marsilya Cumhuriyet Savc\u0131s\u0131 Dominique Laurens, olaya ili\u015fkin herhangi bir \u015fikayet bulunmad\u0131\u011f\u0131n\u0131 kaydetti.<\/p>\n<p><strong>NELER YA\u015eANMI\u015eTI?<\/strong><\/p>\n<p>Ricard d\u00fcn yapt\u0131\u011f\u0131 yaz\u0131l\u0131 a\u00e7\u0131klamada, \u201c35 y\u0131l \u00f6nce rahipken 14 ya\u015f\u0131ndaki k\u00fc\u00e7\u00fck bir k\u0131za su\u00e7lanmay\u0131 hak edecek bir \u015fekilde davrand\u0131m. Davran\u0131\u015f\u0131m tahmin edildi\u011fi gibi bu ki\u015fi i\u00e7in ciddi ve kal\u0131c\u0131 sonu\u00e7lara neden oldu.\u201d ifadelerini kullanm\u0131\u015ft\u0131. Kardinal Ricard, \u00fcstlendi\u011fi t\u00fcm dini g\u00f6revlerden \u00e7ekildi\u011fini ifade etmi\u015fti.<\/p>\n<p>Taciz etti\u011fi k\u0131zla konu\u015farak af diledi\u011fini aktaran Ricard, bu konu\u015fmay\u0131 ne zaman yapt\u0131\u011f\u0131na dair bilgi vermemi\u015fti.<\/p>\n<p>Fransa\u2019da d\u00fcn d\u00fczenlenen piskoposlar konferans\u0131nda bir konu\u015fma yapan Ba\u015fpiskopos Eric de Moulins-Beaufort, Frans\u0131z adaleti ve kilise yetkililerinin inceledi\u011fi cinsel taciz iddialar\u0131na \u00fclkede eski veya halihaz\u0131rda g\u00f6rev yapan 11 piskoposun ad\u0131n\u0131n kar\u0131\u015ft\u0131\u011f\u0131n\u0131 s\u00f6ylemi\u015fti.<\/p>\n<p>Moulins-Beaufort, Ricard\u2019\u0131n da 11 piskoposun aras\u0131nda oldu\u011funa i\u015faret etmi\u015fti. 1980\u2019li y\u0131llarda Marsilya\u2019da, ba\u015fpiskoposluk idaresindeki bir b\u00f6lgede rahip olarak g\u00f6rev yapan Ricard, Bordo Ba\u015fpiskoposlu\u011fu g\u00f6revinden emekliye ayr\u0131ld\u0131\u011f\u0131 2019\u2019dan bu yana Digne kenti piskoposlu\u011funda g\u00f6revliydi.\u200b\u200b\u200b\u200b\u200b\u200b\u200b<\/p>\n<p>Ba\u011f\u0131ms\u0131z bir komisyonun 2021\u2019de yay\u0131mlad\u0131\u011f\u0131 rapor, Fransa\u2019da 70 y\u0131ld\u0131r yakla\u015f\u0131k 330 bin \u00e7ocu\u011fun rahipler veya kiliseyle ba\u011flant\u0131l\u0131 ki\u015filer taraf\u0131ndan cinsel tacize u\u011frad\u0131\u011f\u0131n\u0131 g\u00fcn y\u00fcz\u00fcne \u00e7\u0131karm\u0131\u015ft\u0131. (AA)<\/p>\n","protected":false},"excerpt":{"rendered":"<p>Fransa&#8217;da Katolik Kilisesi Kardinali Jean-Pierre Ricard&#8217;\u0131n 35 y\u0131l \u00f6nce 14 ya\u015f\u0131ndaki bir k\u0131z \u00e7ocu\u011funa cinsel tacizde bulundu\u011funu itiraf etmesinin &#8230;<\/p>\n","protected":false},"author":1,"featured_media":52646,"comment_status":"closed","ping_status":"open","sticky":false,"template":"","format":"standard","meta":{"footnotes":""},"categories":[24],"tags":[267],"class_list":["post-52645","post","type-post","status-publish","format-standard","has-post-thumbnail","hentry","category-dunya","tag-gorev"],"_links":{"self":[{"href":"https:\/\/haberulus.net\/index.php?rest_route=\/wp\/v2\/posts\/52645","targetHints":{"allow":["GET"]}}],"collection":[{"href":"https:\/\/haberulus.net\/index.php?rest_route=\/wp\/v2\/posts"}],"about":[{"href":"https:\/\/haberulus.net\/index.php?rest_route=\/wp\/v2\/types\/post"}],"author":[{"embeddable":true,"href":"https:\/\/haberulus.net\/index.php?rest_route=\/wp\/v2\/users\/1"}],"replies":[{"embeddable":true,"href":"https:\/\/haberulus.net\/index.php?rest_route=%2Fwp%2Fv2%2Fcomments&post=52645"}],"version-history":[{"count":1,"href":"https:\/\/haberulus.net\/index.php?rest_route=\/wp\/v2\/posts\/52645\/revisions"}],"predecessor-version":[{"id":52647,"href":"https:\/\/haberulus.net\/index.php?rest_route=\/wp\/v2\/posts\/52645\/revisions\/52647"}],"wp:featuredmedia":[{"embeddable":true,"href":"https:\/\/haberulus.net\/index.php?rest_route=\/wp\/v2\/media\/52646"}],"wp:attachment":[{"href":"https:\/\/haberulus.net\/index.php?rest_route=%2Fwp%2Fv2%2Fmedia&parent=52645"}],"wp:term":[{"taxonomy":"category","embeddable":true,"href":"https:\/\/haberulus.net\/index.php?rest_route=%2Fwp%2Fv2%2Fcategories&post=52645"},{"taxonomy":"post_tag","embeddable":true,"href":"https:\/\/haberulus.net\/index.php?rest_route=%2Fwp%2Fv2%2Ftags&post=52645"}],"curies":[{"name":"wp","href":"https:\/\/api.w.org\/{rel}","templated":true}]}}