{"id":52648,"date":"2022-11-08T22:06:05","date_gmt":"2022-11-08T22:06:05","guid":{"rendered":"https:\/\/haberulus.net\/?p=52648"},"modified":"2022-11-08T22:06:05","modified_gmt":"2022-11-08T22:06:05","slug":"okan-buruktan-kupa-yusuf-demir-yunus-akgun-ve-basaksehir-yorumu","status":"publish","type":"post","link":"https:\/\/haberulus.net\/?p=52648","title":{"rendered":"Okan Buruk\u2019tan kupa, Yusuf Demir, Yunus Akg\u00fcn ve Ba\u015fak\u015fehir yorumu"},"content":{"rendered":"<p><b>Galatasaray Teknik Direkt\u00f6r\u00fc Okan Buruk, Ofspor&#8217;u 2-1 yenerek kupada 5. tura y\u00fckseldikleri kar\u015f\u0131la\u015fman\u0131n ard\u0131ndan a\u00e7\u0131klamalarda bulundu.<\/b><\/p>\n<p>Galatasaray Teknik Direkt\u00f6r\u00fc Okan Buruk, Ziraat T\u00fcrkiye Kupas\u0131 4. eleme turunda TFF 3. Lig ekiplerinden Ye\u015filyurt D.\u00c7 Ofspor\u2019u 2-1\u2019lik skorla eleyerek \u00fcst tura y\u00fckselmenin sevincini ya\u015fad\u0131klar\u0131n\u0131 s\u00f6yledi.<\/p>\n<p>Kar\u015f\u0131la\u015fman\u0131n ard\u0131ndan d\u00fczenlenen bas\u0131n toplant\u0131s\u0131nda a\u00e7\u0131klamada bulunan Buruk, Ye\u015filyurt D.\u00c7 Ofspor\u2019u m\u00fccadelesinden dolay\u0131 tebrik ederek, \u201cBug\u00fcn inan\u0131lmaz bir m\u00fccadele verdiler. Ma\u00e7tan \u00f6nce savunma bekliyorduk ama bunu ma\u00e7\u0131n sonuna kadar iyi \u015fekilde yapt\u0131lar. Biz de \u00e7ok net gol pozisyonlar\u0131 yakalad\u0131k. Golleri \u00e7ok daha erken atmam\u0131z gerekiyordu. \u00c7ok ge\u00e7 bir dakikada gol\u00fc bulduk. Kalemize gelen tek isabetli \u015fut gol oldu. \u00c7ok fazla pozisyon \u00fcrettik ama sezonun genelindeki gibi topu i\u00e7eri atamad\u0131k. Oyuncular\u0131n ciddiyeti genel olarak iyiydi. Bir tek sonuca yans\u0131tamad\u0131k. Turu ge\u00e7ti\u011fimiz i\u00e7in sevin\u00e7liyiz. T\u00fcrkiye Kupas\u0131 bizim i\u00e7in \u00f6nemli. T\u00fcrkiye Kupas\u0131\u2019n\u0131 kazanmak i\u00e7in elimizden geleni yapaca\u011f\u0131z.\u201d diye konu\u015ftu.<\/p>\n<p>Kar\u015f\u0131la\u015fmada \u00e7ok say\u0131da pozisyona girdiklerini vurgulayan Buruk, \u201cBurada \u00f6nemli olan pozisyonlara girmek. Birinci istedi\u011fimiz \u015fey bu, ikincisi de gol olmas\u0131. Ligde 11 topumuz direkten d\u00f6nm\u00fc\u015f. Direkten d\u00f6nen toplara da bakt\u0131\u011f\u0131n\u0131zda gole \u00e7ok yakla\u015fm\u0131\u015fs\u0131n ama olmam\u0131\u015f. Girdi\u011fimiz pozisyonlar\u0131 gole \u00e7evirece\u011fiz. Bununla ilgili \u00e7ok \u00e7al\u0131\u015f\u0131yoruz ama her \u015fey \u00e7al\u0131\u015fmak de\u011fil. O anda sahada olan oyuncular\u0131n durumu da \u00f6nemli.\u201d ifadelerini kulland\u0131.<\/p>\n<p><b>\u201cYUNUS\u2019TAN BEKLENT\u0130M\u0130Z Y\u00dcKSEK\u201d<\/b><\/p>\n<p>Okan Buruk, performans\u0131 ele\u015ftirilen Yunus Akg\u00fcn ile ilgili bir soru \u00fczerine, \u201cYunus sezona iyi ba\u015flad\u0131. O b\u00f6lgede son ma\u00e7larda Rashica iyi bir performans sergiledi\u011fi i\u00e7in daha az s\u00fcre ald\u0131. Bu Yunus\u2019un s\u00fcre almayaca\u011f\u0131 anlam\u0131na gelmiyor. Yunus da di\u011fer futbolcular gibi \u00e7abas\u0131na devam edecek. Formay\u0131 almak i\u00e7in elinden geleni yapacak. Bu anlamda her zaman adaletli davrand\u0131\u011f\u0131m\u0131 d\u00fc\u015f\u00fcn\u00fcyorum. Yunus\u2019tan beklentimiz y\u00fcksek. Milli oyuncu. Herkes ge\u00e7en seneki Yunus\u2019u konu\u015fuyor. \u0130n\u015fallah hem onun hem de bizlerin gayretiyle ge\u00e7en seneki Yunus\u2019u tekrar yakalayaca\u011f\u0131z.\u201d de\u011ferlendirmesinde bulundu.<\/p>\n<p>Buruk, Yunus Akg\u00fcn\u2019\u00fcn sahada keyifsiz g\u00f6r\u00fcnmesiyle ilgili olarak, \u015funlar\u0131 kaydetti:<\/p>\n<p>\u201cOyuncularda moral bozuklu\u011fu olabiliyor. Yunus\u2019un performans\u0131 bug\u00fcn i\u00e7in daha iyi olabilirdi ama bu Yunus\u2019un bunu bilerek yapt\u0131\u011f\u0131 anlam\u0131na gelmiyor. Oyuncular bazen \u00f6z g\u00fcven kayb\u0131 ya\u015f\u0131yor olabiliyor. Ya\u015f\u0131 da \u00e7ok gen\u00e7. \u00d6n\u00fcnde uzun bir s\u00fcre var. Bir de onlar i\u00e7in \u00f6nemli oyuncular var. Mata ve Gomis gibi. Mertens ayn\u0131 \u015fekilde. Mertens oynuyor ama Mata ve Gomis oynamasa da hem antrenman performanslar\u0131 hem de tak\u0131mda\u015fl\u0131klar\u0131, oynad\u0131klar\u0131 zaman y\u00fczde 100\u2019lerini vermeleri, bizim i\u00e7in ve b\u00fct\u00fcn gen\u00e7 oyuncular\u0131m\u0131z i\u00e7in \u00e7ok iyi \u00f6rnekler. Hepsinin bu oyuncular\u0131 \u00f6rnek almas\u0131 gerekiyor. Yunus iyi niyetli. Antrenmanda \u00e7al\u0131\u015fmas\u0131n\u0131 en iyi \u015fekilde yerine getiriyor. Onunla ilgili problemimiz yok.\u201d<\/p>\n<p><b>KADRODA OLMAYAN YUSUF DEM\u0130R\u2019\u0130N DURUMU<\/b><\/p>\n<p>Galatasaray Teknik Direkt\u00f6r\u00fc Okan Buruk, ma\u00e7\u0131n kadrosunda yer almayan Yusuf Demir\u2019in sakatl\u0131\u011f\u0131 oldu\u011funu belirterek, \u201cYusuf\u2019un pazar g\u00fcnk\u00fc antrenmanda \u015fut att\u0131ktan sonra hafif bir a\u011fr\u0131s\u0131 oldu. D\u00fcn de antrenmana \u00e7\u0131kmad\u0131, bug\u00fcn de kadroda yer almad\u0131. \u00c7ok a\u011f\u0131r bir sakatl\u0131\u011f\u0131 yok. Kas\u0131k b\u00f6lgesinde bir sorun oldu\u011fu i\u00e7in bug\u00fcn bizimle yer almad\u0131. Onu bu ma\u00e7ta \u00e7ok oynatmak istiyorduk ama olmad\u0131. Ayn\u0131 \u015fekilde Hamza Akman\u2019\u0131n da bir sakatl\u0131\u011f\u0131 oldu. \u0130kisini de oynatamad\u0131k, bu anlamda \u00fczg\u00fcn\u00fcz.\u201d \u015feklinde g\u00f6r\u00fc\u015f belirtti.<\/p>\n<p>Kar\u015f\u0131la\u015fmada sakatlanarak oyuna devam edemeyen Mathias Ross\u2019un yar\u0131n MR\u2019\u0131n \u00e7ekilece\u011fini anlatan Buruk, \u201c\u015eu anda iyi g\u00f6r\u00fcnm\u00fcyor. Dizinde bir s\u0131k\u0131nt\u0131 var. En \u00e7ok korktu\u011fumuz \u00e7apraz ba\u011f sakatl\u0131\u011f\u0131. O yar\u0131n belli olacak.\u201d dedi.<\/p>\n<p><b>\u201cHEDEF\u0130M\u0130Z BA\u015eAK\u015eEH\u0130R MA\u00c7INI KAZANMAK\u201d<\/b><\/p>\n<p>Okan Buruk, S\u00fcper Lig\u2019in 14. haftas\u0131nda 12 Kas\u0131m Cumartesi g\u00fcn\u00fc Medipol Ba\u015fak\u015fehir ile yapacaklar\u0131 ma\u00e7la ilgili soruyu \u015f\u00f6yle yan\u0131tlad\u0131:<\/p>\n<p>\u201cBa\u015fak\u015fehir \u00e7ok mutlu hat\u0131ralar\u0131m\u0131n oldu\u011fu bir kul\u00fcp. Stat olarak ayn\u0131 \u015fekilde. \u015eampiyonluk sevinci ya\u015fad\u0131\u011f\u0131m, \u015eampiyonlar Ligi\u2019nde oynad\u0131\u011f\u0131m\u0131z stat. Benim i\u00e7in oras\u0131 de\u011ferli, duvarlarda resmim var. Kazanan tak\u0131m, D\u00fcnya Kupas\u0131 aras\u0131na ikinci olarak girecek. Hedefimiz kazanmak, sadece bunu d\u00fc\u015f\u00fcn\u00fcyoruz. Emre (Bel\u00f6zo\u011flu) hoca da hem T\u00fcrkiye hem de Avrupa performans\u0131 olarak \u00e7ok iyi gidiyor. G\u00fczel bir ma\u00e7 olacak. Buray\u0131 kazanarak bitirmemiz gerekiyor.\u201d<\/p>\n<p><b>\u201cBAZEN OYUNCULARIN MUTSUZLU\u011eU OLUYOR\u201d<\/b><\/p>\n<p>Buruk, tak\u0131mdaki t\u00fcm oyunculardan memnun oldu\u011funu belirterek, \u201cBen kadro derinli\u011finden memnunum. Hepsiyle devam etmek istiyorum. Buna Seferovic de dahil. Bazen oyuncular\u0131n mutsuzlu\u011fu oluyor. Transfer d\u00f6neminde onlardan ayr\u0131lma iste\u011fi geliyor. Orada kararlar vermeniz gerekiyor. Seferovic de antrenman\u0131n\u0131 iyi yap\u0131yor.\u201d ifadelerini kulland\u0131.<\/p>\n<p>Gen\u00e7 futbolcular\u0131n kendileri i\u00e7in \u00f6nemli oldu\u011funu vurgulayan Buruk, bug\u00fcn ma\u00e7ta g\u00f6rev verdi\u011fi Metehan Baltac\u0131\u2019n\u0131n iyi performans sergiledi\u011fini dile getirdi.<\/p>\n<p>Okan Buruk, tak\u0131m\u0131n fiziksel performans\u0131ndan memnun oldu\u011funu da s\u00f6zlerine ekledi. (AA)<\/p>\n","protected":false},"excerpt":{"rendered":"<p>Galatasaray Teknik Direkt\u00f6r\u00fc Okan Buruk, Ofspor&#8217;u 2-1 yenerek kupada 5. tura y\u00fckseldikleri kar\u015f\u0131la\u015fman\u0131n ard\u0131ndan a\u00e7\u0131klamalarda bulundu &#8230;<\/p>\n","protected":false},"author":1,"featured_media":52649,"comment_status":"closed","ping_status":"open","sticky":false,"template":"","format":"standard","meta":{"footnotes":""},"categories":[31],"tags":[323,290,903,386,2679],"class_list":["post-52648","post","type-post","status-publish","format-standard","has-post-thumbnail","hentry","category-spor","tag-gol","tag-mac","tag-oyuncular","tag-performans","tag-yunus"],"_links":{"self":[{"href":"https:\/\/haberulus.net\/index.php?rest_route=\/wp\/v2\/posts\/52648","targetHints":{"allow":["GET"]}}],"collection":[{"href":"https:\/\/haberulus.net\/index.php?rest_route=\/wp\/v2\/posts"}],"about":[{"href":"https:\/\/haberulus.net\/index.php?rest_route=\/wp\/v2\/types\/post"}],"author":[{"embeddable":true,"href":"https:\/\/haberulus.net\/index.php?rest_route=\/wp\/v2\/users\/1"}],"replies":[{"embeddable":true,"href":"https:\/\/haberulus.net\/index.php?rest_route=%2Fwp%2Fv2%2Fcomments&post=52648"}],"version-history":[{"count":1,"href":"https:\/\/haberulus.net\/index.php?rest_route=\/wp\/v2\/posts\/52648\/revisions"}],"predecessor-version":[{"id":52650,"href":"https:\/\/haberulus.net\/index.php?rest_route=\/wp\/v2\/posts\/52648\/revisions\/52650"}],"wp:featuredmedia":[{"embeddable":true,"href":"https:\/\/haberulus.net\/index.php?rest_route=\/wp\/v2\/media\/52649"}],"wp:attachment":[{"href":"https:\/\/haberulus.net\/index.php?rest_route=%2Fwp%2Fv2%2Fmedia&parent=52648"}],"wp:term":[{"taxonomy":"category","embeddable":true,"href":"https:\/\/haberulus.net\/index.php?rest_route=%2Fwp%2Fv2%2Fcategories&post=52648"},{"taxonomy":"post_tag","embeddable":true,"href":"https:\/\/haberulus.net\/index.php?rest_route=%2Fwp%2Fv2%2Ftags&post=52648"}],"curies":[{"name":"wp","href":"https:\/\/api.w.org\/{rel}","templated":true}]}}