{"id":52654,"date":"2022-11-08T22:21:04","date_gmt":"2022-11-08T22:21:04","guid":{"rendered":"https:\/\/haberulus.net\/?p=52654"},"modified":"2022-11-08T22:21:04","modified_gmt":"2022-11-08T22:21:04","slug":"iran-azerbaycanin-endiseleri-anlasilabilir-degil","status":"publish","type":"post","link":"https:\/\/haberulus.net\/?p=52654","title":{"rendered":"\u0130ran: Azerbaycan\u2019\u0131n endi\u015feleri anla\u015f\u0131labilir de\u011fil"},"content":{"rendered":"<p><b>\u0130ran D\u0131\u015fi\u015fleri Bakanl\u0131\u011f\u0131 S\u00f6zc\u00fcs\u00fc Nas\u0131r Kenani, Azerbaycan\u2019\u0131n, Tahran ile Erivan aras\u0131ndaki \u201ckom\u015fuluk d\u00fczeyindeki s\u0131radan g\u00f6r\u00fc\u015fmelerle ilgili endi\u015felerinin nedeninin anla\u015f\u0131labilir olmad\u0131\u011f\u0131n\u0131&#8221; \u00f6ne s\u00fcrd\u00fc.<\/b><\/p>\n<p>\u0130ran D\u0131\u015fi\u015fleri Bakanl\u0131\u011f\u0131 S\u00f6zc\u00fcs\u00fc Kenani, Azerbaycan Cumhurba\u015fkan\u0131 \u0130lham Aliyev\u2019in \u0130ran ile ilgili ifadelerine ili\u015fkin yaz\u0131l\u0131 a\u00e7\u0131klamada bulundu.<\/p>\n<p>\u00dclkesinin temel politikas\u0131n\u0131n \u201ciyi kom\u015fuluk ve t\u00fcm kom\u015fularla ili\u015fkilerini geni\u015fletmek\u201d \u00fczerine kurulu oldu\u011funu ifade eden Kenani, \u201cKom\u015fular\u0131n her biri ile ili\u015fkileri g\u00fc\u00e7lendirmek di\u011fer kom\u015fuya kar\u015f\u0131 ili\u015fkiler geli\u015ftirildi\u011fi anlam\u0131na gelmez.\u201d de\u011ferlendirmesini yapt\u0131.<\/p>\n<p>Kenani, \u201c\u0130ran\u2019\u0131n Azerbaycan ile Ermenistan\u2019\u0131n toprak b\u00fct\u00fcnl\u00fc\u011f\u00fcne sayg\u0131 g\u00f6sterdi\u011fini, bu y\u00fczden Ermenistan\u2019\u0131n Karaba\u011f\u2019daki i\u015fgalini k\u0131nad\u0131\u011f\u0131n\u0131 ve Azerbaycan\u2019\u0131n topraklar\u0131n\u0131 i\u015fgalden kurtarmas\u0131n\u0131 en \u00fcst d\u00fczeyde destekledi\u011fini\u201d savundu.<\/p>\n<p>Azerbaycan ile Ermenistan aras\u0131ndaki g\u00f6r\u00fc\u015fmelerde kal\u0131c\u0131 bar\u0131\u015f ve uzla\u015f\u0131 yolunda at\u0131lan ad\u0131mlar\u0131 da desteklediklerini belirten Kenani, bununla birlikte \u201cAzerbaycan&#8217;\u0131n Tahran ile Erivan aras\u0131ndaki kom\u015fuluk d\u00fczeyindeki s\u0131radan g\u00f6r\u00fc\u015fmelerle ilgili endi\u015felerinin nedeninin anla\u015f\u0131labilir olmad\u0131\u011f\u0131n\u0131\u201d ileri s\u00fcrd\u00fc.<\/p>\n<p>Kenani, \u0130ran g\u00fc\u00e7lerinin Azerbaycan s\u0131n\u0131r\u0131nda yapt\u0131\u011f\u0131 askeri tatbikat\u0131n da \u201c\u00f6nceden planlanm\u0131\u015f ve rutin bir tatbikat\u201d oldu\u011funu ve kom\u015fu \u00fclkelerin tatbikata ili\u015fkin \u00f6nceden bilgilendirildi\u011fini iddia etti.<\/p>\n<p><strong>NELER YA\u015eANMI\u015eTI?<\/strong><\/p>\n<p>Azerbaycan Cumhurba\u015fkan\u0131 \u0130lham Aliyev, Karaba\u011f Zaferi\u2019nin 2. y\u0131l\u0131 dolay\u0131s\u0131yla d\u00fcn \u015eu\u015fa\u2019da d\u00fczenlenen etkinlikte yapt\u0131\u011f\u0131 konu\u015fmada, \u201cBurada esas s\u00f6z ve g\u00fc\u00e7 sahibi biziz. Ordumuz kahramanl\u0131k g\u00f6stermi\u015ftir. Gerekirse yine g\u00f6sterece\u011fiz ve istedi\u011fimizi elde edece\u011fiz. Bunu herkes biliyor. S\u0131n\u0131r\u0131m\u0131zda Ermenistan\u2019a destek i\u00e7in askeri e\u011fitim yapanlar da bilsin. Bizi kimse korkutamaz.\u201d ifadelerini kullanm\u0131\u015ft\u0131.<\/p>\n<p>\u0130ran, 17 Ekim\u2019de Azerbaycan s\u0131n\u0131r\u0131ndaki Aras Nehri b\u00f6lgesinde bir ka\u00e7 g\u00fcn s\u00fcren askeri tatbikat d\u00fczenlemi\u015fti. Tahran y\u00f6netimi 21 Ekim\u2019de de Azerbaycan\u2019\u0131 Nah\u00e7ivan\u2019a ba\u011flayacak Zengezur Koridoru\u2019nun \u00f6ng\u00f6r\u00fclen g\u00fczergah\u0131 yak\u0131nlar\u0131nda yer alan Ermenistan\u2019\u0131n Kapan kentinde Ba\u015fkonsolosluk a\u00e7m\u0131\u015ft\u0131.<\/p>\n<p>Ermenistan Ba\u015fbakan\u0131 Nikol Pa\u015finyan da 1 Kas\u0131m\u2019da beraberindeki heyetle Tahran\u2019\u0131 ziyaret ederek, Cumhurba\u015fkan\u0131 \u0130brahim Reisi ile bir araya gelmi\u015fti.<\/p>\n<p>Azerbaycan, ayn\u0131 g\u00fcn \u201c\u0130ran istihbarat servislerinin kontrol\u00fc alt\u0131nda olu\u015fturulan\u201d yasa d\u0131\u015f\u0131 silahl\u0131 bir grubun \u00fcyelerini tespit ederek g\u00f6zalt\u0131na ald\u0131\u011f\u0131n\u0131 duyurmu\u015ftu. (AA)<\/p>\n","protected":false},"excerpt":{"rendered":"<p>\u0130ran D\u0131\u015fi\u015fleri Bakanl\u0131\u011f\u0131 S\u00f6zc\u00fcs\u00fc Nas\u0131r Kenani, Azerbaycan\u2019\u0131n, Tahran ile Erivan aras\u0131ndaki \u201ckom\u015fuluk d\u00fczeyindeki s\u0131radan g\u00f6r\u00fc\u015fmelerle ilgili &#8230;<\/p>\n","protected":false},"author":1,"featured_media":52655,"comment_status":"closed","ping_status":"open","sticky":false,"template":"","format":"standard","meta":{"footnotes":""},"categories":[24],"tags":[2569,822,46,6316],"class_list":["post-52654","post","type-post","status-publish","format-standard","has-post-thumbnail","hentry","category-dunya","tag-azerbaycan","tag-ermenistan","tag-iran","tag-komsu"],"_links":{"self":[{"href":"https:\/\/haberulus.net\/index.php?rest_route=\/wp\/v2\/posts\/52654","targetHints":{"allow":["GET"]}}],"collection":[{"href":"https:\/\/haberulus.net\/index.php?rest_route=\/wp\/v2\/posts"}],"about":[{"href":"https:\/\/haberulus.net\/index.php?rest_route=\/wp\/v2\/types\/post"}],"author":[{"embeddable":true,"href":"https:\/\/haberulus.net\/index.php?rest_route=\/wp\/v2\/users\/1"}],"replies":[{"embeddable":true,"href":"https:\/\/haberulus.net\/index.php?rest_route=%2Fwp%2Fv2%2Fcomments&post=52654"}],"version-history":[{"count":1,"href":"https:\/\/haberulus.net\/index.php?rest_route=\/wp\/v2\/posts\/52654\/revisions"}],"predecessor-version":[{"id":52656,"href":"https:\/\/haberulus.net\/index.php?rest_route=\/wp\/v2\/posts\/52654\/revisions\/52656"}],"wp:featuredmedia":[{"embeddable":true,"href":"https:\/\/haberulus.net\/index.php?rest_route=\/wp\/v2\/media\/52655"}],"wp:attachment":[{"href":"https:\/\/haberulus.net\/index.php?rest_route=%2Fwp%2Fv2%2Fmedia&parent=52654"}],"wp:term":[{"taxonomy":"category","embeddable":true,"href":"https:\/\/haberulus.net\/index.php?rest_route=%2Fwp%2Fv2%2Fcategories&post=52654"},{"taxonomy":"post_tag","embeddable":true,"href":"https:\/\/haberulus.net\/index.php?rest_route=%2Fwp%2Fv2%2Ftags&post=52654"}],"curies":[{"name":"wp","href":"https:\/\/api.w.org\/{rel}","templated":true}]}}