{"id":52800,"date":"2022-11-09T07:51:05","date_gmt":"2022-11-09T07:51:05","guid":{"rendered":"https:\/\/haberulus.net\/?p=52800"},"modified":"2022-11-09T07:51:05","modified_gmt":"2022-11-09T07:51:05","slug":"erzurumda-korkunc-olay-esini-12-el-ates-ederek-oldurdu","status":"publish","type":"post","link":"https:\/\/haberulus.net\/?p=52800","title":{"rendered":"Erzurum\u2019da korkun\u00e7 olay! E\u015fini 12 el ate\u015f ederek \u00f6ld\u00fcrd\u00fc"},"content":{"rendered":"<p><b>Erzurum&#8217;da Yasemin Sar\u0131y\u0131ld\u0131z tart\u0131\u015fma ya\u015fad\u0131\u011f\u0131 e\u015fi Ezalettin Sar\u0131y\u0131ld\u0131z taraf\u0131ndan 12 el ate\u015f edilerek \u00f6ld\u00fcr\u00fcld\u00fc. Yasemin Sar\u0131y\u0131ld\u0131z&#8217;\u0131n babas\u0131 Hanifi Kurt, &#8220;12 tane kur\u015fun \u00e7ocu\u011fumu bi\u00e7mi\u015f atm\u0131\u015f. Bu i\u015f b\u00f6yle kalmas\u0131n. Bug\u00fcn benim \u00e7ocu\u011fum, yar\u0131n ba\u015fkas\u0131n\u0131n \u00e7ocu\u011fu niye \u00f6ls\u00fcn&#8221; dedi.\u00a0<\/b><\/p>\n<p>Olay, 24 Ekim tarihinde Horasan Alag\u00f6z Mahallesi\u2019nde meydana geldi. \u0130ddiaya g\u00f6re, Yasemin Sar\u0131ly\u0131ld\u0131z ve Ezalettin Sar\u0131y\u0131ld\u0131z aras\u0131nda tart\u0131\u015fmaya ba\u015flad\u0131. Tart\u0131\u015fma esnas\u0131nda Ezalettin Sar\u0131y\u0131ld\u0131z, korkutmak i\u00e7in \u00f6nce duvara 4 el ate\u015f etti.<\/p>\n<p>Daha sonra silah\u0131n\u0131 e\u015fine do\u011frultan Ezalettin Sar\u0131y\u0131ld\u0131z, 12 el ate\u015f etti. \u0130hbar \u00fczerine olay yerine jandarma ve acil servis ekibi sevk edildi. Ekipler, 6 \u00e7ocuk annesi Yasemin Sar\u0131y\u0131ld\u0131z\u2019\u0131n hayat\u0131n\u0131 kaybetti\u011fini belirdi.<\/p>\n<p>Adli T\u0131p Kurumundaki otopsi i\u015flemlerinin ard\u0131ndan Yasemin Sar\u0131y\u0131ld\u0131z, Alag\u00f6z Mahallesi\u2019ndeki mezarl\u0131\u011fa defnedildi. Olay sonras\u0131nda yakalanan Ezalettin Sar\u0131y\u0131ld\u0131z \u00e7\u0131kar\u0131ld\u0131\u011f\u0131 mahkemece tutukland\u0131. Ezalettin Sar\u0131y\u0131ld\u0131z ilk ifadesinde e\u015finin intihar etti\u011fini s\u00f6yledi. Yap\u0131lan incelemenin ard\u0131ndan ise e\u015fini \u00f6ld\u00fcrd\u00fc\u011f\u00fcn\u00fc itiraf etti.<\/p>\n<p><img decoding=\"async\" src=\"https:\/\/i01.sozcucdn.com\/wp-content\/uploads\/2022\/11\/09\/resim7_21725123.jpg\" alt=\"\" title=\"\"><\/p>\n<p><strong>\u201c6 TANE \u00c7OCU\u011eU YET\u0130N KALDI\u201d\u00a0<\/strong><\/p>\n<p>Olay g\u00fcn\u00fc \u0130stanbul\u2019da oldu\u011funu belirten Yasemin Sar\u0131y\u0131ld\u0131z\u2019\u0131n babas\u0131 Hanifi Kurt, \u015funlar\u0131 s\u00f6yledi:<\/p>\n<p>\u201cBen 24 Ekim\u2019de \u0130stanbul\u2019da \u00e7al\u0131\u015f\u0131yordum. K\u00f6yden arad\u0131lar \u2018gel k\u0131z\u0131n intihar etti\u2019 dediler. Ben intihar etti\u011fine inanmad\u0131m. Gece yola \u00e7\u0131k\u0131p k\u00f6ye gittim. \u00c7ocu\u011fumu morgdan ald\u0131m. Savc\u0131 bey dedi ki, \u2018K\u0131z\u0131n kur\u015funla vurulmu\u015f\u2019. Yetkililer eve gitti\u011finde kimin vurdu\u011funu sormu\u015flar. E\u015fi intihar etti diyor. \u0130ntihar eden bir ki\u015fi 12 kur\u015fun kendine ate\u015f edemez deyince vurdu\u011funu itiraf etmi\u015f.<\/p>\n<p>Niye vurduklar\u0131n\u0131 sorduklar\u0131nda ise korkutmak i\u00e7in duvara 4 kez s\u0131kt\u0131m. Seni vururum deyince k\u0131z\u0131m vuramazs\u0131n demi\u015f. Daha sonra zaten ate\u015f etmi\u015f. B\u00f6yle bir zul\u00fcm olur mu? Bir kad\u0131na bu kadar kur\u015fun s\u0131k\u0131l\u0131r m\u0131? Burada erkeklik yok. Erkek olsa kad\u0131na vurmaz. Benim k\u0131z\u0131m savunmas\u0131z k\u00f6y kad\u0131n\u0131.<\/p>\n<p>K\u00f6\u015feye sinmi\u015f kocam beni niye vursun demi\u015f. Nereden bilsin cani oldu\u011funu. Y\u00fcre\u011fi yanmayan yok. 12 tane kur\u015fun \u00e7ocu\u011fumu bi\u00e7mi\u015f atm\u0131\u015f. Y\u00fcrekler yanmas\u0131n. Analar a\u011flamas\u0131n. Ben bir babay\u0131m. Siz o ac\u0131y\u0131 bana sorun. Bu i\u015f b\u00f6yle kalmas\u0131n. Bug\u00fcn benim \u00e7ocu\u011fum, yar\u0131n ba\u015fkas\u0131n\u0131n \u00e7ocu\u011fu niye \u00f6ls\u00fcn. 6 tane \u00e7ocu\u011fu yetim kald\u0131. Bunu vuran erkek midir? Bunu vuran insan m\u0131d\u0131r? Hayvan bunu yapmaz. Benim \u00e7ocu\u011fumu yok yere \u00f6ld\u00fcrd\u00fc.\u201d (DHA)<\/p>\n","protected":false},"excerpt":{"rendered":"<p>Erzurum&#8217;da Yasemin Sar\u0131y\u0131ld\u0131z tart\u0131\u015fma ya\u015fad\u0131\u011f\u0131 e\u015fi Ezalettin Sar\u0131y\u0131ld\u0131z taraf\u0131ndan 12 el ate\u015f edilerek \u00f6ld\u00fcr\u00fcld\u00fc. Yasemin Sar\u0131y\u0131ld\u0131z&#8217;\u0131n babas\u0131 &#8230;<\/p>\n","protected":false},"author":1,"featured_media":52801,"comment_status":"closed","ping_status":"open","sticky":false,"template":"","format":"standard","meta":{"footnotes":""},"categories":[26],"tags":[1277,2069,9295,1170,4308],"class_list":["post-52800","post","type-post","status-publish","format-standard","has-post-thumbnail","hentry","category-gundem","tag-ates","tag-etti","tag-ezalettin-sariyildiz","tag-intihar","tag-kursun"],"_links":{"self":[{"href":"https:\/\/haberulus.net\/index.php?rest_route=\/wp\/v2\/posts\/52800","targetHints":{"allow":["GET"]}}],"collection":[{"href":"https:\/\/haberulus.net\/index.php?rest_route=\/wp\/v2\/posts"}],"about":[{"href":"https:\/\/haberulus.net\/index.php?rest_route=\/wp\/v2\/types\/post"}],"author":[{"embeddable":true,"href":"https:\/\/haberulus.net\/index.php?rest_route=\/wp\/v2\/users\/1"}],"replies":[{"embeddable":true,"href":"https:\/\/haberulus.net\/index.php?rest_route=%2Fwp%2Fv2%2Fcomments&post=52800"}],"version-history":[{"count":1,"href":"https:\/\/haberulus.net\/index.php?rest_route=\/wp\/v2\/posts\/52800\/revisions"}],"predecessor-version":[{"id":52802,"href":"https:\/\/haberulus.net\/index.php?rest_route=\/wp\/v2\/posts\/52800\/revisions\/52802"}],"wp:featuredmedia":[{"embeddable":true,"href":"https:\/\/haberulus.net\/index.php?rest_route=\/wp\/v2\/media\/52801"}],"wp:attachment":[{"href":"https:\/\/haberulus.net\/index.php?rest_route=%2Fwp%2Fv2%2Fmedia&parent=52800"}],"wp:term":[{"taxonomy":"category","embeddable":true,"href":"https:\/\/haberulus.net\/index.php?rest_route=%2Fwp%2Fv2%2Fcategories&post=52800"},{"taxonomy":"post_tag","embeddable":true,"href":"https:\/\/haberulus.net\/index.php?rest_route=%2Fwp%2Fv2%2Ftags&post=52800"}],"curies":[{"name":"wp","href":"https:\/\/api.w.org\/{rel}","templated":true}]}}