{"id":52815,"date":"2022-11-09T08:06:13","date_gmt":"2022-11-09T08:06:13","guid":{"rendered":"https:\/\/haberulus.net\/?p=52815"},"modified":"2022-11-09T08:06:13","modified_gmt":"2022-11-09T08:06:13","slug":"numan-kurtulmustan-mahir-unala-boyle-absurt-tarih-okumasi-olmaz","status":"publish","type":"post","link":"https:\/\/haberulus.net\/?p=52815","title":{"rendered":"Numan Kurtulmu\u015f\u2019tan Mahir \u00dcnal\u2019a: B\u00f6yle abs\u00fcrt tarih okumas\u0131 olmaz"},"content":{"rendered":"<p><b>AKP Genel Ba\u015fkan Yard\u0131mc\u0131s\u0131 Numan Kurtulmu\u015f, cumhuriyeti ve devrimlerini hedef alan konu\u015fmas\u0131n\u0131n ard\u0131ndan gelen tepkiler \u00fczerine istifa eden AKP\u2019li Mahir \u00dcnal ile ilgili a\u00e7\u0131klamalarda bulundu. Dedesinin malulen emekli bir Osmanl\u0131 subay\u0131 oldu\u011funu hat\u0131rlatan Kurtulmu\u015f, isim vermeden AKP\u2019li \u00dcnal\u2019\u0131 ele\u015ftirerek, \u201cBen, dedemin hayat\u0131n\u0131 ay\u0131rabilirsem, Osmanl\u0131 ile Cumhuriyeti birbirinden ay\u0131rt edebilirim. B\u00f6yle bir abs\u00fcrt b\u00f6yle bir yanl\u0131\u015f b\u00f6yle bir hatal\u0131 tarih okumas\u0131 olmaz.\u201d dedi.<\/b><\/p>\n<p>AKP Genel Ba\u015fkanvekili Numan Kurtulmu\u015f, Habert\u00fcrk TV&#8217;de K\u00fcbra Par&#8217;\u0131n A\u00e7\u0131k ve Net program\u0131na konuk olarak kendisine y\u00f6neltilen sorular\u0131 yan\u0131tlad\u0131. Kurtulmu\u015f, AKP Grup Ba\u015fkanvekiliyken \u201cCumhuriyet bizim l\u00fcgatimizi, alfabemizi, dilimizi, h\u00e2s\u0131l\u0131 b\u00fct\u00fcn d\u00fc\u015f\u00fcnmemizi yok etmi\u015ftir\u201d s\u00f6zlerinin ard\u0131ndan gelen tepkiler \u00fczerine istifa etmek zorunda kalan AKP&#8217;li Mahir \u00dcnal&#8217;\u0131 ele\u015ftirdi.<\/p>\n<p><strong>\u201cAK PART\u0130&#8217;YE YILLARCA FEDAKARCA H\u0130ZMET ETM\u0130\u015e, DE\u011eERL\u0130 ARKADA\u015eLARIMIZ\u201d<\/strong><\/p>\n<p>\u00dcnal&#8217;\u0131n istifa s\u00fcreciyle ilgili olarak Kurtulmu\u015f \u015fu ifadeleri kulland\u0131:<\/p>\n<p>\u201cMahir \u00dcnal Bey hakikaten AK Parti&#8217;ye y\u0131llarca fedakarca hizmet etmi\u015f, de\u011ferli arkada\u015flar\u0131m\u0131z. \u00c7e\u015fitli pozisyonlarda genel ba\u015fkan yard\u0131mc\u0131s\u0131, grup ba\u015fkanvekili olarak, bir\u00e7ok se\u00e7im kampanyas\u0131nda g\u00f6rev alm\u0131\u015f arkada\u015f\u0131m\u0131z.<\/p>\n<p>B\u00f6ylesine bir talebi say\u0131n cumhurba\u015fkan\u0131m\u0131z\u0131n da kabul etmesiyle bu durum ger\u00e7ekle\u015fmi\u015f oldu. Cumhurba\u015fkan\u0131m\u0131z da zaten grup toplant\u0131s\u0131nda bunu kamuoyuna ilan ederken bundan sonra da \u2018Mahir \u00dcnal&#8217;la \u00e7e\u015fitli platformlarda \u00e7al\u0131\u015fmaya devam edece\u011fiz&#8217; dedi.<\/p>\n<p>Mahir Bey hassasiyetle b\u00f6yle bir ad\u0131m at\u0131lmas\u0131 i\u00e7in ortaya \u00e7\u0131kt\u0131, Cumhurba\u015fkan\u0131m\u0131z da bu karar\u0131 alm\u0131\u015f oldu.\u201d<\/p>\n<p><strong>\u201cB\u0130Z\u0130M CUMHUR\u0130YETLE SIKINTIMIZ YOK\u201d<\/strong><\/p>\n<p>\u201cBizim Cumhuriyetle s\u0131k\u0131nt\u0131m\u0131z yok\u201d diyen Kurtulmu\u015f, \u201cBa\u015fkalar\u0131n\u0131n Osmanl\u0131, Sel\u00e7uklu ile s\u0131k\u0131nt\u0131s\u0131 olabilir. Biz tarihi hikaye okur gibi okumuyoruz, b\u00fct\u00fcn olarak ele al\u0131yoruz. \u00c7ok geni\u015f co\u011frafyada bize ait olan tarihin her par\u00e7as\u0131n\u0131, b\u00f6l\u00fcm\u00fcn\u00fc kabul ediyoruz. Sel\u00e7uklu da, Osmanl\u0131 da, Cumhuriyet de bizim. Biz bunlar\u0131n hi\u00e7bir zaman birbirini di\u011ferinden ay\u0131rt etmedik.\u201d ifadelerini kulland\u0131.<\/p>\n<p><strong>\u201cB\u00d6YLE HATALI TAR\u0130H OKUMASI OLMAZ\u201d<\/strong><\/p>\n<p>Dedesinin malulen emekli bir Osmanl\u0131 subay\u0131 oldu\u011funu hat\u0131rlatan Kurtulmu\u015f, isim vermeden AKP&#8217;li \u00dcnal&#8217;\u0131 ele\u015ftirerek, \u201cBen, dedem Numan Kurtulmu\u015f&#8217;un hayat\u0131n\u0131 ay\u0131rabilirsem, Osmanl\u0131 ile Cumhuriyeti birbirinden ay\u0131rt edebilirim. B\u00f6yle bir abs\u00fcrt, b\u00f6yle bir yanl\u0131\u015f, b\u00f6yle bir hatal\u0131 tarih okumas\u0131 olamaz\u201d diye konu\u015ftu.<\/p>\n<p><strong>NE DEM\u0130\u015eT\u0130?<\/strong><\/p>\n<p>AKP&#8217;li Mahir \u00dcnal, 21 Ekim tarihinde Kahramanmara\u015f Kitap Fuar\u0131nda bir k\u00fclt\u00fcrel etkinlikte yapt\u0131\u011f\u0131 konu\u015fmada \u201cTarihteki en sert k\u00fclt\u00fcrel devrim T\u00fcrkiye&#8217;de ya\u015fanm\u0131\u015ft\u0131r. Maalesef bir k\u00fclt\u00fcr devrimi olarak Cumhuriyet bizim l\u00fcgatimizi, alfabemizi, dilimizi, h\u00e2s\u0131l\u0131 b\u00fct\u00fcn d\u00fc\u015f\u00fcnmemizi yok etmi\u015ftir. Bug\u00fcn konu\u015ftu\u011fumuz T\u00fcrk\u00e7e&#8217;nin d\u00fc\u015f\u00fcnce \u00fcretebilmesi m\u00fcmk\u00fcn de\u011fildir. Bug\u00fcn konu\u015ftu\u011fumuz T\u00fcrk\u00e7e ile bir d\u00fc\u015f\u00fcnce \u00fcretemeyiz sadece ihtiya\u00e7lar\u0131m\u0131z\u0131 kar\u015f\u0131layabiliriz, konu\u015fma ihtiyac\u0131m\u0131z\u0131 kar\u015f\u0131layabiliriz.\u201d ifadelerini kullanm\u0131\u015ft\u0131.<\/p>\n","protected":false},"excerpt":{"rendered":"<p>AKP Genel Ba\u015fkan Yard\u0131mc\u0131s\u0131 Numan Kurtulmu\u015f, cumhuriyeti ve devrimlerini hedef alan konu\u015fmas\u0131n\u0131n ard\u0131ndan gelen tepkiler \u00fczerine istifa eden AKP &#8230;<\/p>\n","protected":false},"author":1,"featured_media":52816,"comment_status":"closed","ping_status":"open","sticky":false,"template":"","format":"standard","meta":{"footnotes":""},"categories":[26],"tags":[104,459,9297,1733,113],"class_list":["post-52815","post","type-post","status-publish","format-standard","has-post-thumbnail","hentry","category-gundem","tag-akp","tag-cumhuriyet","tag-kurtulmus","tag-osmanli","tag-tarih"],"_links":{"self":[{"href":"https:\/\/haberulus.net\/index.php?rest_route=\/wp\/v2\/posts\/52815","targetHints":{"allow":["GET"]}}],"collection":[{"href":"https:\/\/haberulus.net\/index.php?rest_route=\/wp\/v2\/posts"}],"about":[{"href":"https:\/\/haberulus.net\/index.php?rest_route=\/wp\/v2\/types\/post"}],"author":[{"embeddable":true,"href":"https:\/\/haberulus.net\/index.php?rest_route=\/wp\/v2\/users\/1"}],"replies":[{"embeddable":true,"href":"https:\/\/haberulus.net\/index.php?rest_route=%2Fwp%2Fv2%2Fcomments&post=52815"}],"version-history":[{"count":1,"href":"https:\/\/haberulus.net\/index.php?rest_route=\/wp\/v2\/posts\/52815\/revisions"}],"predecessor-version":[{"id":52817,"href":"https:\/\/haberulus.net\/index.php?rest_route=\/wp\/v2\/posts\/52815\/revisions\/52817"}],"wp:featuredmedia":[{"embeddable":true,"href":"https:\/\/haberulus.net\/index.php?rest_route=\/wp\/v2\/media\/52816"}],"wp:attachment":[{"href":"https:\/\/haberulus.net\/index.php?rest_route=%2Fwp%2Fv2%2Fmedia&parent=52815"}],"wp:term":[{"taxonomy":"category","embeddable":true,"href":"https:\/\/haberulus.net\/index.php?rest_route=%2Fwp%2Fv2%2Fcategories&post=52815"},{"taxonomy":"post_tag","embeddable":true,"href":"https:\/\/haberulus.net\/index.php?rest_route=%2Fwp%2Fv2%2Ftags&post=52815"}],"curies":[{"name":"wp","href":"https:\/\/api.w.org\/{rel}","templated":true}]}}