{"id":52890,"date":"2022-11-09T09:36:08","date_gmt":"2022-11-09T09:36:08","guid":{"rendered":"https:\/\/haberulus.net\/?p=52890"},"modified":"2022-11-09T09:36:08","modified_gmt":"2022-11-09T09:36:08","slug":"nato-liderler-zirvesi-2023te-litvanyada-yapilacak","status":"publish","type":"post","link":"https:\/\/haberulus.net\/?p=52890","title":{"rendered":"NATO Liderler Zirvesi 2023\u2019te Litvanya\u2019da yap\u0131lacak"},"content":{"rendered":"<p><b>NATO&#8217;nun gelecek zirve toplant\u0131s\u0131, 11-12 Temmuz 2023&#8217;te Litvanya&#8217;da yap\u0131lacak.<\/b><\/p>\n<p>NATO Genel Sekreteri Jens Stoltenberg, NATO Devlet ve H\u00fck\u00fcmet Ba\u015fkanlar\u0131 Toplant\u0131s\u0131\u2019n\u0131n, 11-12 Temmuz 2023\u2019te Litvanya\u2019n\u0131n ba\u015fkenti Vilnius\u2019ta yap\u0131laca\u011f\u0131n\u0131 duyurdu.<\/p>\n<p>Stoltenberg, a\u00e7\u0131klamas\u0131nda, So\u011fuk Sava\u015f\u2019tan bu yana NATO\u2019nun en karma\u015f\u0131k ve en \u00f6ng\u00f6r\u00fclemez g\u00fcvenlik ortam\u0131yla kar\u015f\u0131 kar\u015f\u0131ya bulundu\u011funu belirtti.<\/p>\n<p>Vilnius\u2019taki toplant\u0131n\u0131n, NATO \u00fclkelerinin liderleri i\u00e7in savunma ve cayd\u0131r\u0131c\u0131l\u0131\u011f\u0131 kuvvetlendirecek yeni ad\u0131mlar atmada f\u0131rsat sunaca\u011f\u0131n\u0131 kaydeden Stoltenberg, savunma harcamalar\u0131nda art\u0131\u015f\u0131n, ayr\u0131ca Ukrayna\u2019ya deste\u011fin s\u00fcrd\u00fcr\u00fclmesinin de ele al\u0131naca\u011f\u0131n\u0131 bildirdi.<\/p>\n<p>Stoltenberg, Kuzey Amerika ile Avrupa aras\u0131ndaki transatlantik ba\u011f\u0131n\u0131n NATO \u00fclkelerinde ya\u015fayan 1 milyar ki\u015finin g\u00fcvenli\u011fi i\u00e7in \u00f6nem ta\u015f\u0131d\u0131\u011f\u0131n\u0131 vurgulad\u0131.<\/p>\n<p>NATO\u2019nun son zirve toplant\u0131s\u0131, 28-30 Haziran 2022\u2019de \u0130spanya\u2019n\u0131n ba\u015fkenti Madrid\u2019de yap\u0131lm\u0131\u015ft\u0131. (AA)<\/p>\n","protected":false},"excerpt":{"rendered":"<p>NATO&#8217;nun gelecek zirve toplant\u0131s\u0131, 11-12 Temmuz 2023&#8217;te Litvanya&#8217;da yap\u0131lacak. NATO Genel Sekreteri Jens Stoltenberg, NATO Devlet ve H\u00fck\u00fcmet &#8230;<\/p>\n","protected":false},"author":1,"featured_media":52891,"comment_status":"closed","ping_status":"open","sticky":false,"template":"","format":"standard","meta":{"footnotes":""},"categories":[24],"tags":[263],"class_list":["post-52890","post","type-post","status-publish","format-standard","has-post-thumbnail","hentry","category-dunya","tag-nato"],"_links":{"self":[{"href":"https:\/\/haberulus.net\/index.php?rest_route=\/wp\/v2\/posts\/52890","targetHints":{"allow":["GET"]}}],"collection":[{"href":"https:\/\/haberulus.net\/index.php?rest_route=\/wp\/v2\/posts"}],"about":[{"href":"https:\/\/haberulus.net\/index.php?rest_route=\/wp\/v2\/types\/post"}],"author":[{"embeddable":true,"href":"https:\/\/haberulus.net\/index.php?rest_route=\/wp\/v2\/users\/1"}],"replies":[{"embeddable":true,"href":"https:\/\/haberulus.net\/index.php?rest_route=%2Fwp%2Fv2%2Fcomments&post=52890"}],"version-history":[{"count":1,"href":"https:\/\/haberulus.net\/index.php?rest_route=\/wp\/v2\/posts\/52890\/revisions"}],"predecessor-version":[{"id":52892,"href":"https:\/\/haberulus.net\/index.php?rest_route=\/wp\/v2\/posts\/52890\/revisions\/52892"}],"wp:featuredmedia":[{"embeddable":true,"href":"https:\/\/haberulus.net\/index.php?rest_route=\/wp\/v2\/media\/52891"}],"wp:attachment":[{"href":"https:\/\/haberulus.net\/index.php?rest_route=%2Fwp%2Fv2%2Fmedia&parent=52890"}],"wp:term":[{"taxonomy":"category","embeddable":true,"href":"https:\/\/haberulus.net\/index.php?rest_route=%2Fwp%2Fv2%2Fcategories&post=52890"},{"taxonomy":"post_tag","embeddable":true,"href":"https:\/\/haberulus.net\/index.php?rest_route=%2Fwp%2Fv2%2Ftags&post=52890"}],"curies":[{"name":"wp","href":"https:\/\/api.w.org\/{rel}","templated":true}]}}