{"id":52902,"date":"2022-11-09T09:51:05","date_gmt":"2022-11-09T09:51:05","guid":{"rendered":"https:\/\/haberulus.net\/?p=52902"},"modified":"2022-11-09T09:51:05","modified_gmt":"2022-11-09T09:51:05","slug":"suriyenin-irak-sinirinda-iran-destekli-gruplara-hava-saldirisi","status":"publish","type":"post","link":"https:\/\/haberulus.net\/?p=52902","title":{"rendered":"Suriye\u2019nin Irak s\u0131n\u0131r\u0131nda \u0130ran destekli gruplara hava sald\u0131r\u0131s\u0131"},"content":{"rendered":"<p><b>Suriye&#8217;nin do\u011fusunda Irak s\u0131n\u0131r\u0131ndaki Elbukemal il\u00e7esinde Be\u015far Esad rejimi g\u00fc\u00e7lerinin saflar\u0131nda yer alan \u0130ran destekli yabanc\u0131 ter\u00f6rist gruplar, aidiyeti bilinmeyen sava\u015f u\u00e7aklar\u0131nca hedef al\u0131nd\u0131. <\/b><\/p>\n<p>Yerel kaynaklardan edinilen bilgiye g\u00f6re, gece ge\u00e7 saatlerde, Deyrizor iline ba\u011fl\u0131 Elbukemal\u2019de \u0130ran destekli yabanc\u0131 ter\u00f6rist gruplar\u0131n kulland\u0131\u011f\u0131 Sekek g\u00fcmr\u00fck kap\u0131s\u0131 yak\u0131nlar\u0131na hava sald\u0131r\u0131s\u0131 yap\u0131ld\u0131.<\/p>\n<p>Kaynaklar, g\u00fcmr\u00fck kap\u0131s\u0131 yak\u0131nlar\u0131ndaki \u00fc\u00e7 noktay\u0131 hedef alan sald\u0131r\u0131n\u0131n, baz\u0131 yak\u0131t tankerlerinin Irak\u2019tan il\u00e7e s\u0131n\u0131rlar\u0131na giri\u015f yapt\u0131ktan k\u0131sa s\u00fcre sonra medyana geldi\u011fine dikkati \u00e7ekti.<\/p>\n<p>Elbukemal\u2019de aidiyeti bilinmeyen sava\u015f u\u00e7aklar\u0131nca hedef al\u0131nan s\u0131n\u0131r b\u00f6lgesinde \u0130ran destekli yabanc\u0131 ter\u00f6rist gruplardan Fatimiyyun ve Zeynebiyyun Tugaylar\u0131, yo\u011fun olarak varl\u0131k g\u00f6steriyor.<\/p>\n<p>Sald\u0131r\u0131da can kayb\u0131 olup olmad\u0131\u011f\u0131 bilinmiyor.<\/p>\n<p>F\u0131rat Nehri\u2019nin do\u011fusunda kalan Deyrizor topraklar\u0131, ABD destekli ter\u00f6r \u00f6rg\u00fct\u00fc YPG\/PKK\u2019n\u0131n i\u015fgalinde, il merkezi ve di\u011fer k\u0131rsal b\u00f6lgeler ise Esad rejimi ve \u0130ran destekli gruplar\u0131n kontrol\u00fcnde bulunuyor.<\/p>\n<p>Deyrizor\u2019da ABD ile \u0130ran destekli ter\u00f6rist gruplar\u0131n varl\u0131k g\u00f6sterdikleri b\u00f6lgeler son d\u00f6nemde s\u0131k s\u0131k hedef al\u0131n\u0131yor.<\/p>\n<p><strong>\u0130RAN DESTEKL\u0130 GRUPLARIN B\u00d6LGEDEK\u0130 VARLI\u011eI\u00a0<\/strong><\/p>\n<p>Deyrizor il merkezi ve bat\u0131s\u0131, \u0130ran destekli gruplar\u0131n ve Rusya\u2019n\u0131n yard\u0131m\u0131yla, Kas\u0131m 2017\u2019de ter\u00f6r \u00f6rg\u00fct\u00fc I\u015e\u0130D\u2019in \u00e7ekilmesinin ard\u0131ndan Esad rejiminin eline ge\u00e7ti.<\/p>\n<p>Rejimin kara g\u00fcc\u00fc haline gelen \u0130ran destekli yabanc\u0131 ter\u00f6rist gruplar, en yo\u011fun \u015fekilde Deyrizor\u2019da varl\u0131k g\u00f6steriyor.<\/p>\n<p>S\u00fcnni Araplar\u0131n ya\u015fad\u0131\u011f\u0131 Deyrizor\u2019da konu\u015flu \u0130ran, Irak, L\u00fcbnan, Afganistan ve Pakistan k\u00f6kenli gruplar\u0131, \u0130ran Devrim Muhaf\u0131zlar\u0131 Ordusu mensuplar\u0131 komuta ediyor. (AA)<\/p>\n","protected":false},"excerpt":{"rendered":"<p>Suriye&#8217;nin do\u011fusunda Irak s\u0131n\u0131r\u0131ndaki Elbukemal il\u00e7esinde Be\u015far Esad rejimi g\u00fc\u00e7lerinin saflar\u0131nda yer alan \u0130ran destekli yabanc\u0131 ter\u00f6rist gruplar &#8230;<\/p>\n","protected":false},"author":1,"featured_media":52903,"comment_status":"closed","ping_status":"open","sticky":false,"template":"","format":"standard","meta":{"footnotes":""},"categories":[24],"tags":[9311,9312,9310,1163],"class_list":["post-52902","post","type-post","status-publish","format-standard","has-post-thumbnail","hentry","category-dunya","tag-deyrizor","tag-gruplarin","tag-iran-destekli","tag-terorist"],"_links":{"self":[{"href":"https:\/\/haberulus.net\/index.php?rest_route=\/wp\/v2\/posts\/52902","targetHints":{"allow":["GET"]}}],"collection":[{"href":"https:\/\/haberulus.net\/index.php?rest_route=\/wp\/v2\/posts"}],"about":[{"href":"https:\/\/haberulus.net\/index.php?rest_route=\/wp\/v2\/types\/post"}],"author":[{"embeddable":true,"href":"https:\/\/haberulus.net\/index.php?rest_route=\/wp\/v2\/users\/1"}],"replies":[{"embeddable":true,"href":"https:\/\/haberulus.net\/index.php?rest_route=%2Fwp%2Fv2%2Fcomments&post=52902"}],"version-history":[{"count":1,"href":"https:\/\/haberulus.net\/index.php?rest_route=\/wp\/v2\/posts\/52902\/revisions"}],"predecessor-version":[{"id":52904,"href":"https:\/\/haberulus.net\/index.php?rest_route=\/wp\/v2\/posts\/52902\/revisions\/52904"}],"wp:featuredmedia":[{"embeddable":true,"href":"https:\/\/haberulus.net\/index.php?rest_route=\/wp\/v2\/media\/52903"}],"wp:attachment":[{"href":"https:\/\/haberulus.net\/index.php?rest_route=%2Fwp%2Fv2%2Fmedia&parent=52902"}],"wp:term":[{"taxonomy":"category","embeddable":true,"href":"https:\/\/haberulus.net\/index.php?rest_route=%2Fwp%2Fv2%2Fcategories&post=52902"},{"taxonomy":"post_tag","embeddable":true,"href":"https:\/\/haberulus.net\/index.php?rest_route=%2Fwp%2Fv2%2Ftags&post=52902"}],"curies":[{"name":"wp","href":"https:\/\/api.w.org\/{rel}","templated":true}]}}