{"id":53012,"date":"2022-11-09T11:36:06","date_gmt":"2022-11-09T11:36:06","guid":{"rendered":"https:\/\/haberulus.net\/?p=53012"},"modified":"2022-11-09T11:36:06","modified_gmt":"2022-11-09T11:36:06","slug":"agacli-yoldaki-ataturk-acik-hava-sergisi-yenileniyor","status":"publish","type":"post","link":"https:\/\/haberulus.net\/?p=53012","title":{"rendered":"A\u011fa\u00e7l\u0131 yoldaki Atat\u00fcrk A\u00e7\u0131k Hava Sergisi yenileniyor"},"content":{"rendered":"<p><b>Yakla\u015f\u0131k 20 y\u0131l \u00f6nce, Gazi Mustafa Kemal Atat\u00fcrk&#8217;\u00fcn hayata veda etti\u011fi Dolmabah\u00e7e Saray\u0131 hizas\u0131ndan ba\u015flayarak Ortak\u00f6y&#8217;e uzanan a\u011fa\u00e7l\u0131 yolda a\u00e7\u0131lan Atat\u00fcrk A\u00e7\u0131k Hava Sergisi, yenileniyor.<\/b><\/p>\n<p>\u201cATAM DOLMABAH\u00c7E\u2019DE konsepti ile yenilenen a\u00e7\u0131k hava sergisi 1927-1938 y\u0131llar\u0131n\u0131 kaps\u0131yor ve Mustafa Kemal Pa\u015fa ve \u0130stanbul temas\u0131 \u00fczerinden kurgulan\u0131yor. Se\u00e7ki kronolojik \u015fekilde planlan\u0131rken; Dumlup\u0131nardan (1927den) Ata\u2019ya son veda (1938e) uzanan bir hik\u00e2yeyi temel alacak.<\/p>\n<div><img decoding=\"async\" src=\"https:\/\/i01.sozcucdn.com\/wp-content\/uploads\/2022\/11\/09\/resim1_21727301.jpg\" alt=\"\" title=\"\"><\/p>\n<p>.<\/p>\n<\/div>\n<p>\u0130ki etaptan olu\u015facak a\u00e7\u0131k hava sergisinin ilk etab\u0131 Dolmabah\u00e7e \u2013 Be\u015fikta\u015f k\u0131sm\u0131 10 Kas\u0131m Per\u015fembe g\u00fcn\u00fc halk\u0131n be\u011fenisine sunulacak. \u0130stanbul B\u00fcy\u00fck\u015fehir Belediyesi \u0130BB Miras deste\u011fi ile yenilenen a\u00e7\u0131k hava sergisinin altyap\u0131 ve teknik uygulama a\u015famalar\u0131 Be\u015fikta\u015f Belediyesi ekipleri taraf\u0131ndan ger\u00e7ekle\u015ftirilirken iklim dostu, enerji verimlili\u011fi y\u00fcksek \u0131\u015f\u0131kland\u0131rma ekipmanlar\u0131 kullan\u0131ld\u0131.<\/p>\n<div><img decoding=\"async\" src=\"https:\/\/i01.sozcucdn.com\/wp-content\/uploads\/2022\/11\/09\/resim3_21727299.jpg\" alt=\"\" title=\"\"><\/p>\n<p>.<\/p>\n<\/div>\n<p><strong>\u0130STANBULUN EN UZUN S\u00dcREL\u0130 A\u00c7IK HAVA SERG\u0130S\u0130<\/strong><\/p>\n<p>Be\u015fikta\u015f Belediye Ba\u015fkan\u0131 R\u0131za Akpolat konuya ili\u015fkin a\u00e7\u0131klamas\u0131nda, G\u00f6reve geldi\u011fimizden beri uzun y\u0131llar boyunca \u00e7evresel etkilere maruz kalan ve deforme olan ayn\u0131 zamanda \u0130stanbulun en uzun s\u00fcreli a\u00e7\u0131k hava sergisi olma \u00f6zelli\u011fi de ta\u015f\u0131yan Be\u015fikta\u015f Atat\u00fcrk A\u00e7\u0131k Hava Sergisinin yenilenmesinden duydu\u011fu memnuniyeti dile getirerek \u0130stanbul B\u00fcy\u00fck\u015fehir Belediye Ba\u015fkan\u0131 Ekrem \u0130mamo\u011flu ve \u0130BB Miras ekiplerine desteklerinden dolay\u0131 te\u015fekk\u00fcr etti dedi.<\/p>\n<div><img decoding=\"async\" src=\"https:\/\/i01.sozcucdn.com\/wp-content\/uploads\/2022\/11\/09\/resim1_21727295.jpg\" alt=\"\" title=\"\"><\/p>\n<p>.<\/p>\n<\/div>\n<p>Akpolat: T\u00fcm T\u00fcrkiyenin ortak de\u011feri Gazi Mustafa Kemal Atat\u00fcrk\u00fcn \u0130stanbul ile olan yak\u0131n ili\u015fkisinin yer ald\u0131\u011f\u0131 a\u00e7\u0131k hava sergisine uzun y\u0131llard\u0131r Be\u015fikta\u015f olarak ev sahipli\u011fi yap\u0131yoruz. \u0130stanbulun en yo\u011fun ana arterlerinden birinde, \u00f6n\u00fcnden her ge\u00e7enin duyguland\u0131\u011f\u0131 a\u00e7\u0131k hava sergisinin manevi de\u011ferine uygun yenilenmesinden ve yeni y\u00fcz\u00fc ile halk\u0131m\u0131z ile bulu\u015fmas\u0131ndan memnuniyet duyuyoruz dedi.<br \/>DHA<\/p>\n","protected":false},"excerpt":{"rendered":"<p>Yakla\u015f\u0131k 20 y\u0131l \u00f6nce, Gazi Mustafa Kemal Atat\u00fcrk&#8217;\u00fcn hayata veda etti\u011fi Dolmabah\u00e7e Saray\u0131 hizas\u0131ndan ba\u015flayarak Ortak\u00f6y&#8217;e uzanan a\u011fa\u00e7l\u0131 yolda &#8230;<\/p>\n","protected":false},"author":1,"featured_media":53013,"comment_status":"closed","ping_status":"open","sticky":false,"template":"","format":"standard","meta":{"footnotes":""},"categories":[33],"tags":[324,96],"class_list":["post-53012","post","type-post","status-publish","format-standard","has-post-thumbnail","hentry","category-yasam","tag-besiktas","tag-istanbul"],"_links":{"self":[{"href":"https:\/\/haberulus.net\/index.php?rest_route=\/wp\/v2\/posts\/53012","targetHints":{"allow":["GET"]}}],"collection":[{"href":"https:\/\/haberulus.net\/index.php?rest_route=\/wp\/v2\/posts"}],"about":[{"href":"https:\/\/haberulus.net\/index.php?rest_route=\/wp\/v2\/types\/post"}],"author":[{"embeddable":true,"href":"https:\/\/haberulus.net\/index.php?rest_route=\/wp\/v2\/users\/1"}],"replies":[{"embeddable":true,"href":"https:\/\/haberulus.net\/index.php?rest_route=%2Fwp%2Fv2%2Fcomments&post=53012"}],"version-history":[{"count":1,"href":"https:\/\/haberulus.net\/index.php?rest_route=\/wp\/v2\/posts\/53012\/revisions"}],"predecessor-version":[{"id":53014,"href":"https:\/\/haberulus.net\/index.php?rest_route=\/wp\/v2\/posts\/53012\/revisions\/53014"}],"wp:featuredmedia":[{"embeddable":true,"href":"https:\/\/haberulus.net\/index.php?rest_route=\/wp\/v2\/media\/53013"}],"wp:attachment":[{"href":"https:\/\/haberulus.net\/index.php?rest_route=%2Fwp%2Fv2%2Fmedia&parent=53012"}],"wp:term":[{"taxonomy":"category","embeddable":true,"href":"https:\/\/haberulus.net\/index.php?rest_route=%2Fwp%2Fv2%2Fcategories&post=53012"},{"taxonomy":"post_tag","embeddable":true,"href":"https:\/\/haberulus.net\/index.php?rest_route=%2Fwp%2Fv2%2Ftags&post=53012"}],"curies":[{"name":"wp","href":"https:\/\/api.w.org\/{rel}","templated":true}]}}