{"id":53054,"date":"2022-11-09T12:21:05","date_gmt":"2022-11-09T12:21:05","guid":{"rendered":"https:\/\/haberulus.net\/?p=53054"},"modified":"2022-11-09T12:21:05","modified_gmt":"2022-11-09T12:21:05","slug":"evini-ataturk-muzesine-cevirdi","status":"publish","type":"post","link":"https:\/\/haberulus.net\/?p=53054","title":{"rendered":"Evini Atat\u00fcrk m\u00fczesine \u00e7evirdi"},"content":{"rendered":"<p><b>84 ya\u015f\u0131ndaki Mukaddes Kokeralp \u00c7\u0131rak Almanya&#8217;dan emekli olunca Edirne&#8217;ye yerle\u015fti. Atat\u00fcrk&#8217;\u00fcn heykeli ve foto\u011fraflar\u0131yla donatt\u0131\u011f\u0131 evini de m\u00fczeye \u00e7evirdi. \u0130\u015fte t\u00fcm saatlerin her daim 9&#8217;u 5 ge\u00e7eyi g\u00f6sterdi\u011fi o evi ve ya\u015fl\u0131 kad\u0131n\u0131n Mustafa Kemal sevgisi&#8230;<\/b><\/p>\n<p>Almanya\u2019dan emekli olduktan sonra 1985 y\u0131l\u0131nda memleketi Edirne\u2019ye d\u00f6nen iki \u00e7ocuk annesi Mukaddes Kokeralp \u00c7\u0131rak, y\u0131llard\u0131r toplad\u0131\u011f\u0131 Atat\u00fcrk foto\u011fraflar\u0131n\u0131 \u00c7avu\u015fbey Mahallesi\u2019ndeki evinin duvarlar\u0131na asmaya ba\u015flad\u0131.<\/p>\n<p>\u00c7\u0131rak, babas\u0131ndan g\u00f6rd\u00fc\u011f\u00fc Atat\u00fcrk sevgisini evinin her k\u00f6\u015fesine yayarak adeta Atat\u00fcrk M\u00fczesi kurdu.<\/p>\n<p><img decoding=\"async\" src=\"https:\/\/i01.sozcucdn.com\/wp-content\/uploads\/2022\/11\/09\/dha1.1_21726222.jpg\" alt=\"\" title=\"\"><\/p>\n<p>\u00c7\u0131rak, son olarak da Atat\u00fcrk\u2019\u00fcn koltu\u011fa oturmu\u015f heykelini yapt\u0131r\u0131p evinin ba\u015f k\u00f6\u015fesine koydu.<\/p>\n<p>Evindeki t\u00fcm saatler her zaman 09.05\u2019i g\u00f6steren \u00c7\u0131rak, evinin d\u0131\u015f\u0131 cephesini de yine Atat\u00fcrk foto\u011fraflar\u0131 ve T\u00fcrk bayraklar\u0131 ile donatt\u0131.<\/p>\n<p><img decoding=\"async\" src=\"https:\/\/i01.sozcucdn.com\/wp-content\/uploads\/2022\/11\/09\/dha9.1_21726201.jpg\" alt=\"\" title=\"\"><\/p>\n<p>Edirne\u2019deki t\u00fcm milli bayramlara bir elinde T\u00fcrk bayra\u011f\u0131, di\u011fer elinde Atat\u00fcrk foto\u011fraf\u0131 ta\u015f\u0131yarak kat\u0131lan \u00c7\u0131rak, t\u00f6renlerde b\u00fcy\u00fck ilgi g\u00f6r\u00fcyor.<\/p>\n<p><strong>A\u0130LES\u0130 SELAN\u0130K\u2019TE MUSTAFA KEMAL\u2019\u0130N KOM\u015eUSUYDU<\/strong><\/p>\n<p>Aslen Selanik g\u00f6\u00e7meni oldu\u011funu belirten \u00c7\u0131rak, annesinin 9 ya\u015f\u0131ndayken Z\u00fcbeyde Han\u0131m ile kom\u015fu olduklar\u0131n\u0131 ve ona \u2018kom\u015fu anne\u2019 diye hitap etti\u011fini anlatt\u0131\u011f\u0131n\u0131 s\u00f6yledi.<\/p>\n<p>Atat\u00fcrk sevgisinin annesinin kendisine anlatt\u0131klar\u0131yla \u00e7ocuk ya\u015fta ba\u015flad\u0131\u011f\u0131n\u0131 s\u00f6yleyen \u00c7\u0131rak, \u015f\u00f6yle konu\u015ftu:<\/p>\n<p>\u201cAtat\u00fcrk\u2019\u00fcn evi ile annemin evinin aras\u0131nda sadece bir ev varm\u0131\u015f. Annem 9 ya\u015f\u0131nda Selanik\u2019ten gelmi\u015f. Z\u00fcbeyde Han\u0131m\u2019a \u2018kom\u015fu anne\u2019 diyorlarm\u0131\u015f. Rahmetli Ali R\u0131za Amca\u2019ya \u2018day\u0131\u2019 diyorlarm\u0131\u015f. Annemin bunlar\u0131 bana anlatmas\u0131 ile Atat\u00fcrk\u2019e olan hayranl\u0131\u011f\u0131m \u00e7ocuk ya\u015fta ba\u015flam\u0131\u015f oldu. Annem de babam da Atat\u00fcrk ve onun ailesini \u00e7ok severdi. Benim babam da aslen Makedonya\u2019da do\u011fmu\u015f. Asl\u0131nda Atat\u00fcrk\u2019e \u00e7ok yak\u0131n\u0131z. O \u00e7ok b\u00fcy\u00fck bir lider. Almanya\u2019da y\u0131llarca \u00e7al\u0131\u015ft\u0131m ve orada herkese Atat\u00fcrk posterleri ve onun foto\u011fraflar\u0131n\u0131 hediye ediyordum.\u201d<\/p>\n<p><img decoding=\"async\" src=\"https:\/\/i01.sozcucdn.com\/wp-content\/uploads\/2022\/11\/09\/dha4.1_21726215.jpg\" alt=\"\" title=\"\"><\/p>\n<p><strong>\u201cATAT\u00dcRK \u0130\u00c7\u0130N CANIMI FEDA EDER\u0130M\u201d<\/strong><\/p>\n<p>Mukaddes Kokeralp \u00c7\u0131rak, evindeki Atat\u00fcrk foto\u011fraflar\u0131n\u0131n kendisi \u00f6ld\u00fckten sonra m\u00fczede sergilenmesini istiyor:<\/p>\n<p>\u201c36 y\u0131ld\u0131r Atat\u00fcrk resmi topluyorum. Ben babadan nas\u0131l yeti\u015ftiysem torunlar\u0131m i\u00e7in bunlar\u0131 haz\u0131rl\u0131yorum. Atat\u00fcrk\u2019e dair ne bulduysam ald\u0131m ve okullara da da\u011f\u0131tt\u0131m. \u00c7ok var, say\u0131s\u0131 belli de\u011fil. Atat\u00fcrk i\u00e7in can\u0131m\u0131 feda ederim. Atat\u00fcrk\u2019e ufak bir \u015fey geldi\u011fi zaman dayanam\u0131yorum, ona \u00e7ok \u00fcz\u00fcl\u00fcyorum. Derler ki anne baba an\u0131l\u0131r, onlar\u0131n resimleri de odada ama Atat\u00fcrk\u2019\u00fcn resimleri her yerde. \u015eu anda evim m\u00fcze gibi. \u0130leride bunlar\u0131 b\u0131rakmay\u0131 d\u00fc\u015f\u00fcn\u00fcyorum ama kime g\u00fcveneyim? Tek amac\u0131m, \u00e7ocuklar\u0131m da benim gibi Atat\u00fcrk\u2019e ba\u011fl\u0131 olsun. Ben \u00f6ld\u00fckten sonra da bu eserlerin m\u00fczede sergilenmesini istiyorum.\u201d<\/p>\n<p><img decoding=\"async\" src=\"https:\/\/i01.sozcucdn.com\/wp-content\/uploads\/2022\/11\/09\/dha8.1_21726207.jpg\" alt=\"\" title=\"\"><\/p>\n<p>\u00c7\u0131rak, 10 Kas\u0131m\u2019da siyah k\u0131yafetlerini giyerek Mustafa Kemal Atat\u00fcrk\u2019\u00fc anma t\u00f6renlerine kat\u0131laca\u011f\u0131n\u0131 s\u00f6yledi. (DHA)<\/p>\n","protected":false},"excerpt":{"rendered":"<p>84 ya\u015f\u0131ndaki Mukaddes Kokeralp \u00c7\u0131rak Almanya&#8217;dan emekli olunca Edirne&#8217;ye yerle\u015fti. Atat\u00fcrk&#8217;\u00fcn heykeli ve foto\u011fraflar\u0131yla donatt\u0131\u011f\u0131 evini de &#8230;<\/p>\n","protected":false},"author":1,"featured_media":53055,"comment_status":"closed","ping_status":"open","sticky":false,"template":"","format":"standard","meta":{"footnotes":""},"categories":[33],"tags":[1077,1732,9331,9332,2506],"class_list":["post-53054","post","type-post","status-publish","format-standard","has-post-thumbnail","hentry","category-yasam","tag-anne","tag-ataturk","tag-cirak","tag-evini","tag-muze"],"_links":{"self":[{"href":"https:\/\/haberulus.net\/index.php?rest_route=\/wp\/v2\/posts\/53054","targetHints":{"allow":["GET"]}}],"collection":[{"href":"https:\/\/haberulus.net\/index.php?rest_route=\/wp\/v2\/posts"}],"about":[{"href":"https:\/\/haberulus.net\/index.php?rest_route=\/wp\/v2\/types\/post"}],"author":[{"embeddable":true,"href":"https:\/\/haberulus.net\/index.php?rest_route=\/wp\/v2\/users\/1"}],"replies":[{"embeddable":true,"href":"https:\/\/haberulus.net\/index.php?rest_route=%2Fwp%2Fv2%2Fcomments&post=53054"}],"version-history":[{"count":1,"href":"https:\/\/haberulus.net\/index.php?rest_route=\/wp\/v2\/posts\/53054\/revisions"}],"predecessor-version":[{"id":53056,"href":"https:\/\/haberulus.net\/index.php?rest_route=\/wp\/v2\/posts\/53054\/revisions\/53056"}],"wp:featuredmedia":[{"embeddable":true,"href":"https:\/\/haberulus.net\/index.php?rest_route=\/wp\/v2\/media\/53055"}],"wp:attachment":[{"href":"https:\/\/haberulus.net\/index.php?rest_route=%2Fwp%2Fv2%2Fmedia&parent=53054"}],"wp:term":[{"taxonomy":"category","embeddable":true,"href":"https:\/\/haberulus.net\/index.php?rest_route=%2Fwp%2Fv2%2Fcategories&post=53054"},{"taxonomy":"post_tag","embeddable":true,"href":"https:\/\/haberulus.net\/index.php?rest_route=%2Fwp%2Fv2%2Ftags&post=53054"}],"curies":[{"name":"wp","href":"https:\/\/api.w.org\/{rel}","templated":true}]}}