{"id":5357,"date":"2022-07-09T13:51:04","date_gmt":"2022-07-09T13:51:04","guid":{"rendered":"https:\/\/haberulus.net\/?p=5357"},"modified":"2022-07-09T13:51:04","modified_gmt":"2022-07-09T13:51:04","slug":"esaddan-halepe-11-yil-sonra-ilk-ziyaret","status":"publish","type":"post","link":"https:\/\/haberulus.net\/?p=5357","title":{"rendered":"Esad&#8217;dan Halep&#8217;e 11 y\u0131l sonra ilk ziyaret"},"content":{"rendered":"<p> <strong>Suriye<\/strong> Devlet Ba\u015fkan\u0131 Be\u015far Esad, sava\u015f\u0131n ard\u0131ndan 11 y\u0131l sonra geldi\u011fi Halep&#8217;te Kurban Bayram\u0131 namaz\u0131n\u0131 k\u0131ld\u0131.<\/p>\n<p>Suriye Devlet Ba\u015fkan\u0131 Be\u015far Esad, 11 \u00f6nce ba\u015flayan i\u00e7 sava\u015f\u0131n ard\u0131ndan Halep&#8217;i ilk kez ziyaret etti. Esad ziyaretinde \u00fcst d\u00fczey h\u00fck\u00fcmet yetkilileriyle birlikte Abdullah Ibn Abbas Camisi&#8217;nde bayram namaz\u0131n\u0131 k\u0131ld\u0131. Halka hitap eden Esad, tarihi \u00e7ar\u015f\u0131lar\u0131 ziyaret etti\u011fini ve bir termik santralin a\u00e7\u0131l\u0131\u015f\u0131n\u0131 yapt\u0131\u011f\u0131n\u0131 s\u00f6yledi. Esad&#8217;\u0131n d\u00fcn ba\u015flayan Halep ziyaretinde e\u015fi Esma Esad ve iki o\u011fluyla k\u0131z\u0131 da yer ald\u0131.<\/p>\n<p>Halep&#8217;in \u00e7o\u011fu, \u00e7at\u0131\u015fmalar nedeniyle harabeye d\u00f6nm\u00fc\u015ft\u00fc. &#8211; HALEP<\/p>\n<div>\u0130hlas Haber Ajans\u0131 \/ Politika <\/div>\n","protected":false},"excerpt":{"rendered":"<p>Suriye Devlet Ba\u015fkan\u0131 Be\u015far Esad, sava\u015f\u0131n ard\u0131ndan 11 y\u0131l sonra geldi\u011fi Halep&#8217;te Kurban Bayram\u0131 namaz\u0131n\u0131 k\u0131ld\u0131. Suriye Devlet Ba\u015fkan\u0131 Be\u015far Esad &#8230;<\/p>\n","protected":false},"author":1,"featured_media":5358,"comment_status":"open","ping_status":"open","sticky":false,"template":"","format":"standard","meta":{"footnotes":""},"categories":[28],"tags":[404,1734],"class_list":["post-5357","post","type-post","status-publish","format-standard","has-post-thumbnail","hentry","category-politika","tag-esad","tag-halep"],"_links":{"self":[{"href":"https:\/\/haberulus.net\/index.php?rest_route=\/wp\/v2\/posts\/5357","targetHints":{"allow":["GET"]}}],"collection":[{"href":"https:\/\/haberulus.net\/index.php?rest_route=\/wp\/v2\/posts"}],"about":[{"href":"https:\/\/haberulus.net\/index.php?rest_route=\/wp\/v2\/types\/post"}],"author":[{"embeddable":true,"href":"https:\/\/haberulus.net\/index.php?rest_route=\/wp\/v2\/users\/1"}],"replies":[{"embeddable":true,"href":"https:\/\/haberulus.net\/index.php?rest_route=%2Fwp%2Fv2%2Fcomments&post=5357"}],"version-history":[{"count":1,"href":"https:\/\/haberulus.net\/index.php?rest_route=\/wp\/v2\/posts\/5357\/revisions"}],"predecessor-version":[{"id":5359,"href":"https:\/\/haberulus.net\/index.php?rest_route=\/wp\/v2\/posts\/5357\/revisions\/5359"}],"wp:featuredmedia":[{"embeddable":true,"href":"https:\/\/haberulus.net\/index.php?rest_route=\/wp\/v2\/media\/5358"}],"wp:attachment":[{"href":"https:\/\/haberulus.net\/index.php?rest_route=%2Fwp%2Fv2%2Fmedia&parent=5357"}],"wp:term":[{"taxonomy":"category","embeddable":true,"href":"https:\/\/haberulus.net\/index.php?rest_route=%2Fwp%2Fv2%2Fcategories&post=5357"},{"taxonomy":"post_tag","embeddable":true,"href":"https:\/\/haberulus.net\/index.php?rest_route=%2Fwp%2Fv2%2Ftags&post=5357"}],"curies":[{"name":"wp","href":"https:\/\/api.w.org\/{rel}","templated":true}]}}