{"id":53998,"date":"2022-11-11T03:10:07","date_gmt":"2022-11-11T03:10:07","guid":{"rendered":"https:\/\/haberulus.net\/?p=53998"},"modified":"2022-11-11T03:10:07","modified_gmt":"2022-11-11T03:10:07","slug":"spiker-esini-doven-kocanin-yargilamasina-devam-edildi","status":"publish","type":"post","link":"https:\/\/haberulus.net\/?p=53998","title":{"rendered":"Spiker e\u015fini d\u00f6ven kocan\u0131n yarg\u0131lamas\u0131na devam edildi"},"content":{"rendered":"<p><b>Spiker e\u015fini d\u00f6ven kocan\u0131n yarg\u0131lamas\u0131na devam edildi<\/b><\/p>\n<p>Arzu KAYA\/\u0130STANBUL,(DHA)\u00a0 Spiker e\u015fi K\u00fcbra Eken\u2019i darp ederek beyin kanamas\u0131 ge\u00e7irmesine sebep oldu\u011fu belirtilen san\u0131\u011f\u0131n, \u201cKasten yaralama\u201d su\u00e7undan 9 y\u0131la kadar hapis cezas\u0131 istemiyle yarg\u0131land\u0131\u011f\u0131 davaya devam edildi.<\/p>\n<p>TEKERLEKL\u0130 SANDALYE \u0130LE DURU\u015eMAYA KATILDI<br \/>Anadolu 7. Asliye Ceza Mahkemesi\u2019nde g\u00f6r\u00fclen davaya tutuksuz san\u0131k B\u00fclent Eken, ma\u011fdur K\u00fcbra Eken, annesi Nuran, Babas\u0131 L\u00fcfti ve a\u011fabeyi \u00d6nder Yelkenci ile taraflar\u0131n avukatlar\u0131 kat\u0131ld\u0131. Davan\u0131n 8. celsesine ailesinin yard\u0131m\u0131 ile tekerlekli sandalyesi ile K\u00fcbra Eken de kat\u0131ld\u0131 ve ifade verdi.<\/p>\n<p>HAK\u0130M SORDU, EKEN G\u00dc\u00c7L\u00dcKLE YANITLADI<br \/>G\u00fc\u00e7l\u00fckle konu\u015fan K\u00fcbra Eken mahkeme hakiminin sorular\u0131na yan\u0131t verdi. Hakim Mustafa \u00d6zt\u00fcrk, Eken\u2019e ilk olarak \u201cNas\u0131ls\u0131n, konu\u015fabiliyor musun art\u0131k\u201d diye sordu. K\u00fcbra Eken ise \u201c\u0130yiyim\u201d yan\u0131t\u0131n\u0131 verdi. Mahkeme hakimi yarg\u0131laman\u0131n ilk celsesinde Eken\u2019in konu\u015famad\u0131\u011f\u0131 ve duru\u015fmada bulundurulan alfabedeki harflere dokundu\u011funu \u015fimdi ise ak\u0131c\u0131 olmasa da yava\u015f yava\u015f konu\u015fmaya ba\u015flad\u0131\u011f\u0131n\u0131n g\u00f6r\u00fcld\u00fc\u011f\u00fcn\u00fc tutana\u011fa ge\u00e7irdi. Hakim, K\u00fcbra Eken\u2019e \u201cO g\u00fcn\u00fc net hat\u0131rl\u0131yor musun\u201d \u015feklinde soru y\u00f6neltti. Bunun \u00fczerine Eken \u201cEvet. Birden \u00e7ok kez arkama vurdu\u201d diyerek eliyle 4 kez \u015feklinde i\u015farette bulundu. Kendisine yumrukla vuruldu\u011funda yere d\u00fc\u015f\u00fcp d\u00fc\u015fmedi\u011fi sorulan Eken, \u201cY\u00fcz\u00fcst\u00fc yere d\u00fc\u015ft\u00fcm. Kafam yere \u00e7arpt\u0131\u201d yan\u0131t\u0131n\u0131 verdi. K\u00fcbra Eken ifadesinin al\u0131nmas\u0131n\u0131n ard\u0131ndan ailesinin yard\u0131m\u0131yla duru\u015fma salonundan \u00e7\u0131kar\u0131ld\u0131.<\/p>\n<div><\/div>\n<p>\u201cA\u0130LES\u0130N\u0130N TELK\u0130N\u0130 \u0130LE\u2026\u201d<br \/>San\u0131k Nept\u00fcn B\u00fclent Eken\u2019in avukat\u0131 Fatih \u00c7\u0131nar ise, K\u00fcbra Eken\u2019in duru\u015fmada verdi\u011fi beyanlar\u0131 kabul etmediklerini belirterek, \u201cK\u00fcbra beyin ameliyat\u0131 ge\u00e7irmi\u015f, telkine ve y\u00f6nlendirmeye a\u00e7\u0131k birisidir. Ailesinin telkini ile bu \u015fekilde beyanda bulundu\u011funu d\u00fc\u015f\u00fcn\u00fcyoruz\u201d dedi.<\/p>\n<p>ADL\u0130 TIP GENEL KURULU\u2019NDAN RAPOR ALINACAK<br \/>Mahkeme hakimi, dava dosyas\u0131nda al\u0131nan raporlar aras\u0131nda farkl\u0131l\u0131klar oldu\u011funu belirterek, dosyan\u0131n Adli T\u0131p Kurum Genel Kurulu\u2019na g\u00f6nderilmesine karar verdi. Hakim Adli T\u0131p Genel Kurulu\u2019ndan ma\u011fdurdaki beyin kanamas\u0131n\u0131n darp veya yere \u00e7arpmas\u0131 sonucu olu\u015fmas\u0131n\u0131n m\u00fcmk\u00fcn olup olmad\u0131\u011f\u0131n\u0131n tespitini istedi. Genel Kurul\u2019a ayr\u0131ca olaydan 2 g\u00fcn \u00f6nce ma\u011fdura uygulanan anestezi ile yap\u0131lan sezaryen ameliyat\u0131n\u0131n beyin kanamas\u0131n\u0131n meydana gelmesine neden olup olmayaca\u011f\u0131 sorusu da soruldu.<\/p>\n<p>\u201cM\u00dcMK\u00dcN OLDU\u011eUNCA \u0130Y\u0130Y\u0130M\u201d<br \/>Duru\u015fma sonras\u0131 tekerli sandalyesi ve ailesinin yard\u0131m\u0131 ile adliyeden ayr\u0131lan K\u00fcbra Eken sa\u011fl\u0131k durumuna ili\u015fkin sorulan soruya, \u201cM\u00fcmk\u00fcn oldu\u011funca iyiyim\u201d yan\u0131t\u0131n\u0131 vererek g\u00fcl\u00fcmsedi. K\u00fcbra Eken\u2019in annesi Nuran Yelkenci ise K\u00fcbra\u2019n\u0131n sa\u011fl\u0131k durumunun son derece iyi oldu\u011funu s\u00f6yleyerek, \u201cRuhsal olarak da inan\u0131lmaz iyi. Psikolojisi \u00e7ok d\u00fczg\u00fcn \u00e7\u00fcnk\u00fc \u00e7ocu\u011fu yan\u0131nda. Bebek anne ili\u015fkileri \u00e7ok g\u00fczel. B\u00fct\u00fcn g\u00fcn birlikte oynuyorlar\u201d dedi. K\u00fcbra\u2019n\u0131n tedavisinin devam etti\u011fini belirten anne Yelkenci, \u201cT\u00fcm g\u00fcn 24 saat tedavi alt\u0131nda. Doktorlara g\u00f6re K\u00fcbra yaza kadar toparlayacak. \u015euanda minik minik ad\u0131m at\u0131yor. K\u00fcbra art\u0131k internette arkada\u015flar\u0131 ile g\u00f6r\u00fc\u015f\u00fcp yaz\u0131\u015fmak istiyor. Sa\u011f elini de minik minik kullanmaya ba\u015flad\u0131. Minik minik konu\u015fmaya ba\u015flad\u0131. Kendini ifade ediyor. Ses tellerinde hasar var, o y\u00fczden sesi \u00e7ok \u00e7\u0131km\u0131yor. Onu da zamanla toplayacak diyorlar\u201d diye konu\u015ftu.<\/p>\n<p>\u0130DD\u0130ANAMEDEN\u2026<br \/>Anadolu Cumhuriyet Ba\u015fsavc\u0131l\u0131\u011f\u0131 taraf\u0131ndan haz\u0131rlanan iddianamede, K\u00fcbra Eken\u2019in 20 Haziran 2013 tarihinde do\u011fum yapt\u0131\u011f\u0131 belirtilerek, hastaneden taburcu edildikten 2 saat sonra \u015fiddetli ba\u015f a\u011fr\u0131s\u0131, g\u00f6z\u00fcn\u00fcn ve dilinin d\u00f6nmesi \u015fikayetiyle e\u015fi B\u00fclent Eken taraf\u0131ndan Haydarpa\u015fa Numune E\u011fitim ve Ara\u015ft\u0131rma Hastanesi\u2019ne g\u00f6t\u00fcr\u00fcld\u00fc\u011f\u00fc anlat\u0131ld\u0131. Bu hastanede K\u00fcbra Eken\u2019e beyin kanamas\u0131 te\u015fhisi konularak ameliyat yap\u0131ld\u0131\u011f\u0131 kaydedilen iddianamede, Adli T\u0131p uzman\u0131n\u0131n, K\u00fcbra Eken\u2019de kulak \u00fcst\u00fcnde bulunan ekimozun kendili\u011finden olu\u015famayaca\u011f\u0131 ve bir darp sonucu olabilece\u011fi, bu durumun da ya\u015famsal tehlikeye sebebiyet verdi\u011fi y\u00f6n\u00fcnde g\u00f6r\u00fc\u015f bildirdi\u011fi ifade edildi.<\/p>\n<p>\u00a0<\/p>\n<p><b>DHA<\/b><\/p>\n","protected":false},"excerpt":{"rendered":"<p>Spiker e\u015fini d\u00f6ven kocan\u0131n yarg\u0131lamas\u0131na devam edildi Arzu KAYA\/\u0130STANBUL,(DHA)\u00a0 Spiker e\u015fi K\u00fcbra Eken\u2019i darp ederek beyin kanamas\u0131 ge\u00e7irmesine &#8230;<\/p>\n","protected":false},"author":1,"featured_media":0,"comment_status":"closed","ping_status":"open","sticky":false,"template":"","format":"standard","meta":{"footnotes":""},"categories":[29],"tags":[1657,5340,2632,9425,258],"class_list":["post-53998","post","type-post","status-publish","format-standard","hentry","category-magazin","tag-durusma","tag-eken","tag-hakim","tag-minik","tag-soru"],"_links":{"self":[{"href":"https:\/\/haberulus.net\/index.php?rest_route=\/wp\/v2\/posts\/53998","targetHints":{"allow":["GET"]}}],"collection":[{"href":"https:\/\/haberulus.net\/index.php?rest_route=\/wp\/v2\/posts"}],"about":[{"href":"https:\/\/haberulus.net\/index.php?rest_route=\/wp\/v2\/types\/post"}],"author":[{"embeddable":true,"href":"https:\/\/haberulus.net\/index.php?rest_route=\/wp\/v2\/users\/1"}],"replies":[{"embeddable":true,"href":"https:\/\/haberulus.net\/index.php?rest_route=%2Fwp%2Fv2%2Fcomments&post=53998"}],"version-history":[{"count":1,"href":"https:\/\/haberulus.net\/index.php?rest_route=\/wp\/v2\/posts\/53998\/revisions"}],"predecessor-version":[{"id":53999,"href":"https:\/\/haberulus.net\/index.php?rest_route=\/wp\/v2\/posts\/53998\/revisions\/53999"}],"wp:attachment":[{"href":"https:\/\/haberulus.net\/index.php?rest_route=%2Fwp%2Fv2%2Fmedia&parent=53998"}],"wp:term":[{"taxonomy":"category","embeddable":true,"href":"https:\/\/haberulus.net\/index.php?rest_route=%2Fwp%2Fv2%2Fcategories&post=53998"},{"taxonomy":"post_tag","embeddable":true,"href":"https:\/\/haberulus.net\/index.php?rest_route=%2Fwp%2Fv2%2Ftags&post=53998"}],"curies":[{"name":"wp","href":"https:\/\/api.w.org\/{rel}","templated":true}]}}