{"id":5432,"date":"2022-07-09T18:06:03","date_gmt":"2022-07-09T18:06:03","guid":{"rendered":"https:\/\/haberulus.net\/?p=5432"},"modified":"2022-07-09T18:06:03","modified_gmt":"2022-07-09T18:06:03","slug":"benden-ders-almiyorsan-su-olanlardan-ders-al-diyen-babacandan-cumhurbaskani-erdogana-cagri-iki-tane-onemli-adimi-atsin","status":"publish","type":"post","link":"https:\/\/haberulus.net\/?p=5432","title":{"rendered":"&#8220;Benden ders alm\u0131yorsan \u015fu olanlardan ders al&#8221; diyen Babacan&#8217;dan Cumhurba\u015fkan\u0131 Erdo\u011fan&#8217;a \u00e7a\u011fr\u0131: \u0130ki tane \u00f6nemli ad\u0131m\u0131 ats\u0131n"},"content":{"rendered":"<p> <strong>Demokrasi<\/strong> ve At\u0131l\u0131m (DEVA) Partisi Genel Ba\u015fkan\u0131 Ali Babacan, Kurban Bayram\u0131 vesilesiyle partisinin Ankara \u0130l Te\u015fkilat\u0131&#8217;yla bayramla\u015ft\u0131.<\/p>\n<p><strong>Burada bir konu\u015fma yapan Babacan, Erdo\u011fan&#8217;a \u00e7a\u011fr\u0131da bulunarak \u015funlar\u0131 s\u00f6yledi: <\/strong> <\/p>\n<p>Say\u0131n Erdo\u011fan&#8217;a tekrar \u00e7a\u011fr\u0131 yap\u0131yorum. Bari \u015fu bayram g\u00fcn\u00fc otursun, biraz tezekk\u00fcr etsin. Nerede hata yapt\u0131\u011f\u0131n\u0131 biraz d\u00fc\u015f\u00fcns\u00fcn. Se\u00e7imden sonra biz alaca\u011f\u0131z, hepsini d\u00fczeltece\u011fiz, T\u00fcrkiye&#8217;yi aya\u011fa kald\u0131raca\u011f\u0131z ama se\u00e7ime daha vakit var. E\u011fer se\u00e7ime kadar \u00fclke iflas ederse, temerr\u00fcde d\u00fc\u015ferse bizim i\u015fimiz zorla\u015facak. \u00dclkeyi bug\u00fcn bu halde teslim alsak 6 ayda krizi \u00e7\u00f6zeriz.<\/p>\n<p><b>&#8220;BENDEN DERS ALMIYORSAN MEMLEKET\u0130N D\u00dc\u015eT\u00dc\u011e\u00dc HALDEN DERS AL&#8221;<\/b><\/p>\n<p>Bayram g\u00fcn\u00fc bu s\u00f6ylediklerimi dikkate al. O, &#8216;Kalkm\u0131\u015f bana ders vermeye \u00e7al\u0131\u015f\u0131yor&#8217; diyor. Ama derse ihtiyac\u0131 var. Benden ders alm\u0131yorsan \u015fu olanlardan bari ders al, memleketin d\u00fc\u015ft\u00fc\u011f\u00fc halden ders al. \u0130ki tane \u00f6nemli ad\u0131m\u0131 ats\u0131n, T\u00fcrkiye&#8217;nin iflas riski hemen azal\u0131r. Kriz \u00e7\u00f6z\u00fclmez ama iflas riski azal\u0131r. Bir Merkez Bankas\u0131&#8217;n\u0131n ba\u015f\u0131na sapasa\u011flam, d\u00fcr\u00fcst, ehil bir kadroyu ata. \u0130ki T\u00fcrkiye \u0130statistik Kurumu&#8217;nun (T\u00dc\u0130K) ba\u015f\u0131na d\u00fcr\u00fcst, ehil bir kadroyu ata. Ama ondan sonra elini, aya\u011f\u0131n\u0131 \u00e7ek. Talimat vermeyi de b\u0131rak.<\/p>\n<p><b>&#8220;\u00dcLKEDE ENFLASYON Y\u00dcZDE 200&#8217;LERE VARMI\u015e DURUMDA&#8221;<\/b><\/p>\n<p>T\u00dc\u0130K ilk 6 ay i\u00e7in enflasyon rakam\u0131n\u0131 a\u00e7\u0131klad\u0131. Utanmadan y\u00fczde 78 k\u00fcsur diye k\u00fcsurat da vererek sanki kuyumca terazisinde enflasyon \u00f6l\u00e7\u00fcyormu\u015f numaras\u0131 yaparak enflasyon a\u00e7\u0131kl\u0131yor. \u00c7ar\u015f\u0131ya pazara giden, evine al\u0131\u015fveri\u015f yapan her vatanda\u015f\u0131m\u0131z g\u00f6r\u00fcyor ki bu \u00fclkede enflasyon y\u00fczde 200&#8217;lere varm\u0131\u015f durumda. Enflasyonu ger\u00e7e\u011finden \u00e7ok d\u00fc\u015f\u00fck a\u00e7\u0131kl\u0131yorlar. Arkas\u0131ndan o d\u00fc\u015f\u00fck, uydurma enflasyon oran\u0131nda emekliye ve memura zam yap\u0131yorlar. 84 milyonun g\u00f6z\u00fcn\u00fcn i\u00e7ine baka baka enflasyon konusunda yalan s\u00f6yl\u00fcyorlar.&#8221;<\/p>\n<p><b>&#8220;SAYILI G\u00dcNLER\u0130NDE NASIL DAHA FAZLA MENFAAT SA\u011eLARIZ DERD\u0130NDELER&#8221;<\/b><\/p>\n<p>\u0130ktidar\u0131n T\u00fcrkiye&#8217;nin herhangi bir sorununu \u00e7\u00f6zme imkan\u0131 ve ihtimali yok. Art\u0131k geriye kalan say\u0131l\u0131 g\u00fcnlerinde, iktidarda durduklar\u0131 s\u00fcrece nas\u0131l daha fazla nemalan\u0131r\u0131z, nas\u0131l daha fazla menfaat sa\u011flar\u0131z derdine d\u00fc\u015fm\u00fc\u015f durumdalar.<\/p>\n<p><b>TAKILMI\u015e PLAK G\u0130B\u0130 D\u00d6RT YILDIR AYNI \u015eEY\u0130 S\u00d6YL\u00dcYOR: <\/b><\/p>\n<p>Tekrar ettikleri \u00fc\u00e7 be\u015f tane konu var. Say\u0131n Erdo\u011fan&#8217; Enflasyonu tek haneye d\u00fc\u015f\u00fcrece\u011fiz&#8217; diyor. Tak\u0131lm\u0131\u015f plak gibi d\u00f6rt y\u0131ld\u0131r ayn\u0131 \u015feyi s\u00f6yl\u00fcyor. B\u0131rak tek haneyi, b\u0131rak iki haneyi \u00fc\u00e7 haneye \u00e7\u0131kt\u0131. Faizler ald\u0131 ba\u015f\u0131n\u0131 gitti. Ger\u00e7ekten yaz\u0131k oluyor.<\/p>\n<p><b>DAHA SUUD\u0130 ARAB\u0130STAN&#8217;DAN 5 KURU\u015e \u00c7IKMADI<\/b><\/p>\n<p>\u00dclkenin 190 milyar dolarl\u0131k d\u00f6viz rezervini t\u00fckettiler. Merkez Bankas\u0131&#8217;n\u0131 arka kap\u0131s\u0131ndan cay\u0131r cay\u0131r yakt\u0131lar. \u00dclke d\u00f6vize muhta\u00e7 olunca da swap dilenmeye ba\u015flad\u0131lar. Katar, Birle\u015fik Arap Emirlikleri, Suudi Arabistan\u2026 Daha Suudi Arabistan&#8217;dan 5 kuru\u015f \u00e7\u0131kmad\u0131. G\u00f6r\u00fcr\u00fcz, ne kadar gelir. Havuzun dibi delik. Ne kadar d\u00f6viz bulsalar o deliklerden ak\u0131p gidecek.<\/p>\n<div>ANKA \/ Ekonomi <\/div>\n","protected":false},"excerpt":{"rendered":"<p>Demokrasi ve At\u0131l\u0131m (DEVA) Partisi Genel Ba\u015fkan\u0131 Ali Babacan, Kurban Bayram\u0131 vesilesiyle partisinin Ankara \u0130l Te\u015fkilat\u0131&#8217;yla bayramla\u015ft\u0131. Burada &#8230;<\/p>\n","protected":false},"author":1,"featured_media":5433,"comment_status":"open","ping_status":"open","sticky":false,"template":"","format":"standard","meta":{"footnotes":""},"categories":[28],"tags":[1804,60,160],"class_list":["post-5432","post","type-post","status-publish","format-standard","has-post-thumbnail","hentry","category-politika","tag-ders","tag-enflasyon","tag-ulke"],"_links":{"self":[{"href":"https:\/\/haberulus.net\/index.php?rest_route=\/wp\/v2\/posts\/5432","targetHints":{"allow":["GET"]}}],"collection":[{"href":"https:\/\/haberulus.net\/index.php?rest_route=\/wp\/v2\/posts"}],"about":[{"href":"https:\/\/haberulus.net\/index.php?rest_route=\/wp\/v2\/types\/post"}],"author":[{"embeddable":true,"href":"https:\/\/haberulus.net\/index.php?rest_route=\/wp\/v2\/users\/1"}],"replies":[{"embeddable":true,"href":"https:\/\/haberulus.net\/index.php?rest_route=%2Fwp%2Fv2%2Fcomments&post=5432"}],"version-history":[{"count":1,"href":"https:\/\/haberulus.net\/index.php?rest_route=\/wp\/v2\/posts\/5432\/revisions"}],"predecessor-version":[{"id":5434,"href":"https:\/\/haberulus.net\/index.php?rest_route=\/wp\/v2\/posts\/5432\/revisions\/5434"}],"wp:featuredmedia":[{"embeddable":true,"href":"https:\/\/haberulus.net\/index.php?rest_route=\/wp\/v2\/media\/5433"}],"wp:attachment":[{"href":"https:\/\/haberulus.net\/index.php?rest_route=%2Fwp%2Fv2%2Fmedia&parent=5432"}],"wp:term":[{"taxonomy":"category","embeddable":true,"href":"https:\/\/haberulus.net\/index.php?rest_route=%2Fwp%2Fv2%2Fcategories&post=5432"},{"taxonomy":"post_tag","embeddable":true,"href":"https:\/\/haberulus.net\/index.php?rest_route=%2Fwp%2Fv2%2Ftags&post=5432"}],"curies":[{"name":"wp","href":"https:\/\/api.w.org\/{rel}","templated":true}]}}