{"id":5471,"date":"2022-07-10T00:06:02","date_gmt":"2022-07-10T00:06:02","guid":{"rendered":"https:\/\/haberulus.net\/?p=5471"},"modified":"2022-07-10T00:06:02","modified_gmt":"2022-07-10T00:06:02","slug":"ek-gosterge-ve-ogrenci-affina-iliskin-teklif-tbmm-plan-ve-butce-komisyonunda-kabul-edildi-2","status":"publish","type":"post","link":"https:\/\/haberulus.net\/?p=5471","title":{"rendered":"Ek g\u00f6sterge ve \u00f6\u011frenci aff\u0131na ili\u015fkin teklif, TBMM Plan ve B\u00fct\u00e7e Komisyonunda kabul edildi (2)"},"content":{"rendered":"<p>Emekli ayl\u0131\u011f\u0131 alt s\u0131n\u0131r\u0131 2 bin 500 liradan 3 bin 500 liraya \u00e7\u0131kar\u0131l\u0131yor.<\/p>\n<p>TBMM Plan ve B\u00fct\u00e7e Komisyonunda kabul edilen, Devlet Memurlar\u0131 Kanunu ile Baz\u0131 Kanunlarda ve 375 Say\u0131l\u0131 Kanun H\u00fckm\u00fcnde Kararnamede De\u011fi\u015fiklik Yap\u0131lmas\u0131na Dair Kanun Teklifiyle uzman erba\u015f ve uzman jandarmalar\u0131n ek g\u00f6sterge rakamlar\u0131n\u0131 yeniden d\u00fczenliyor.<\/p>\n<p>Birinci derece uzman erba\u015f ve birinci derece uzman jandarma i\u00e7in 3600 ek g\u00f6sterge rakam\u0131 belirlendi\u011finden, bunlar\u0131n yararlanacaklar\u0131 ek g\u00f6sterge rakamlar\u0131n\u0131 s\u0131n\u0131rlayan h\u00fck\u00fcmler kald\u0131r\u0131l\u0131yor, ek g\u00f6sterge rakamlar\u0131, derecelerine g\u00f6re yeniden belirleniyor.<\/p>\n<p>Cumhurba\u015fkanl\u0131\u011f\u0131 \u00f6dene\u011fine ba\u011fl\u0131 olarak belirlenmekte olan TBMM Ba\u015fkan\u0131, Ba\u015fbakan, Cumhurba\u015fkan\u0131 Yard\u0131mc\u0131s\u0131, Bakan ve TBMM \u00fcyelerinin emekli ayl\u0131klar\u0131n\u0131n belirlenmesine ili\u015fkin esaslar yeniden tespit edilerek kamu g\u00f6revlilerinde oldu\u011fu gibi g\u00f6sterge sistemine tabi tutulacak.<\/p>\n<p>Buna g\u00f6re, Sosyal Sigortalar ve Genel Sa\u011fl\u0131k Sigortas\u0131 Kanunu&#8217;nda yap\u0131lan de\u011fi\u015fiklikle, TBMM Ba\u015fkan\u0131 veya Ba\u015fbakan iken bu g\u00f6revinden herhangi bir nedenle ayr\u0131lanlara, istekleri \u00fczerine, m\u00fcracaat tarihini takip eden ay ba\u015f\u0131ndan itibaren 126.000 bin g\u00f6sterge rakam\u0131n\u0131n memur ayl\u0131k katsay\u0131s\u0131 ile \u00e7arp\u0131m\u0131 sonucu bulunacak tutarda ya\u015fl\u0131l\u0131k ayl\u0131\u011f\u0131 ba\u011flanacak.<\/p>\n<p>Cumhurba\u015fkan\u0131 Yard\u0131mc\u0131l\u0131\u011f\u0131, bakanl\u0131k veya TBMM \u00fcyeli\u011fi g\u00f6revlerinde bulunanlara veya bu g\u00f6revleri herhangi bir sebeple sona erenlere, ayl\u0131k ba\u011flanmas\u0131na hak kazanmalar\u0131 ve en az 2 y\u0131l s\u00fcreyle bu g\u00f6revlerde bulunmu\u015f olmalar\u0131 halinde, hesaplanacak ayl\u0131k tutar\u0131ndan az olmamak kayd\u0131yla 115 bin 225 g\u00f6sterge rakam\u0131n\u0131n memur ayl\u0131k katsay\u0131s\u0131 ile \u00e7arp\u0131m\u0131 sonucu bulunacak tutarda emeklilik veya ya\u015fl\u0131l\u0131k ayl\u0131\u011f\u0131 \u00f6denecek.<\/p>\n<p>TBMM Ba\u015fkanl\u0131\u011f\u0131, Cumhurba\u015fkan\u0131 Yard\u0131mc\u0131l\u0131\u011f\u0131, bakanl\u0131k veya TBMM \u00fcyeli\u011fi g\u00f6revlerinde bulunanlar\u0131n, ilgili f\u0131kra kapsam\u0131nda yap\u0131lacak sigorta primi veya emekli kesene\u011fi ile kurum kar\u015f\u0131l\u0131\u011f\u0131 hesaplamalar\u0131nda 9000 ek g\u00f6sterge rakam\u0131 esas al\u0131nacak.<\/p>\n<p>Emekli ayl\u0131\u011f\u0131 alt s\u0131n\u0131r\u0131 3 bin 500 lira olacak<\/p>\n<p>Ya\u015fl\u0131l\u0131k, malull\u00fck, \u00f6l\u00fcm ayl\u0131\u011f\u0131 alan emeklilere ve hak sahiplerine dosya baz\u0131nda 2 bin 500 lira olarak \u00f6ng\u00f6r\u00fclen ayl\u0131k asgari \u00f6deme tutar\u0131 3 bin 500 liraya y\u00fckseltilecek.<\/p>\n<p>Teklifle, belediye ba\u015fkanlar\u0131n\u0131n makam\/temsil ve g\u00f6rev tazminatlar\u0131ndan yararlanmas\u0131 sa\u011flanacak.<\/p>\n<p>Maddenin y\u00fcr\u00fcrl\u00fck tarihinden \u00f6nce haklar\u0131nda emeklilik h\u00fck\u00fcmleri uygulanm\u0131\u015f T\u00fcrk Silahl\u0131 Kuvvetleri Personel Kanunu&#8217;na tabi subaylardan, \u00f6\u011fretim \u00fcyesi olarak akademik kariyerini kullanabilecekleri yerlere atanan ve emeklilik i\u015flemleri s\u0131ras\u0131nda y\u00fcksek olmas\u0131 nedeniyle r\u00fctbe ve derecelerine g\u00f6re belirlenen ek g\u00f6sterge rakam\u0131 yerine Y\u00fcksek\u00f6\u011fretim Personel Kanunu&#8217;na tabi emsali akademik personel i\u00e7in akademik kadro unvan\u0131 ve dereceleri itibar\u0131yla belirlenen ek g\u00f6sterge rakam\u0131 esas al\u0131nanlara, Ek G\u00f6sterge Cetveli&#8217;nde yap\u0131lan de\u011fi\u015fiklikten \u00f6ncesi d\u00f6nemde, ek g\u00f6sterge fark\u0131na ba\u011fl\u0131 olarak yap\u0131lan fazla \u00f6demelerin borcu \u00e7\u0131kar\u0131lmayacak, \u00e7\u0131kar\u0131lan bor\u00e7lar terkin edilecek.<\/p>\n<p>Cumhurba\u015fkanl\u0131\u011f\u0131 \u0130dari \u0130\u015fler Ba\u015fkan\u0131 kadrosunda bulunanlar\u0131n ek g\u00f6stergesi 400 puan ilave edilerek uygulanacak. Bu ilave puan, en y\u00fcksek devlet memuru ayl\u0131\u011f\u0131 veya di\u011fer herhangi bir mali ve sosyal hakk\u0131n hesab\u0131nda dikkate al\u0131nmayacak. Di\u011fer kanunlar\u0131n bu f\u0131kraya ayk\u0131r\u0131 h\u00fck\u00fcmleri uygulanmayacak.<\/p>\n<p>Cumhurba\u015fkanl\u0131\u011f\u0131 \u0130dari \u0130\u015fler Ba\u015fkanl\u0131\u011f\u0131 ve TBMM Ba\u015fkanl\u0131\u011f\u0131 \u0130dari Te\u015fkilat\u0131 personelinin ek g\u00f6sterge rakamlar\u0131, hiyerar\u015fi, hizmet s\u0131n\u0131flar\u0131, \u00f6\u011frenim durumu ve dereceler dikkate al\u0131narak yeniden belirleniyor.<\/p>\n<p>Sigortac\u0131l\u0131k sekt\u00f6r\u00fcnde uygulamas\u0131 yayg\u0131nla\u015fan ve T\u00fcrkiye&#8217;de yerle\u015fik sigorta \u015firketleri taraf\u0131ndan kefalet sigortas\u0131 kapsam\u0131nda d\u00fczenlenen kefalet senetleri de Amme Alacaklar\u0131n\u0131n Tahsil Usul\u00fc Hakk\u0131nda Kanun uygulamalar\u0131nda, teminat olarak kabul edilecek.<\/p>\n<p>Menkul mal sat\u0131\u015flar\u0131na kat\u0131lacaklar\u0131n vermeleri gereken teminat\u0131n t\u00fcr\u00fcne y\u00f6nelik h\u00fck\u00fcmlerin d\u00fczenlendi\u011fi madde de de\u011fi\u015fiklik yapan teklifle, para yerine teminat mektubu al\u0131nabilmesi h\u00fckm\u00fc revize edilerek T\u00fcrkiye&#8217;de yerle\u015fik sigorta \u015firketleri taraf\u0131ndan kefalet sigortas\u0131 kapsam\u0131nda d\u00fczenlenen kefalet senetlerinin de teminat olarak al\u0131nabilmesine imkan sa\u011flanacak.<\/p>\n<p>Hazine ve Maliye Bakanl\u0131\u011f\u0131, t\u00fczel ki\u015filer ve t\u00fczel ki\u015fili\u011fi olmayan te\u015fekk\u00fcllerin ger\u00e7ek faydalan\u0131c\u0131 bilgisinin g\u00fcncel, tam ve do\u011fru \u015fekilde tespit edilebilmesi i\u00e7in ger\u00e7ek faydalan\u0131c\u0131n\u0131n kapsam\u0131n\u0131 belirleyecek. Bakanl\u0131k, bu kapsama girenlerin bildirilmesi zorunlulu\u011funu getirmeye, bildirimin i\u00e7erik, format, standart, verilme s\u00fcresi ve y\u00f6ntemini tespit etmeye, bunlarda de\u011fi\u015fiklik yapmaya, bildirim verme y\u00fck\u00fcml\u00fcl\u00fc\u011f\u00fcn\u00fc sekt\u00f6r, m\u00fckellef gruplar\u0131 ve m\u00fckellefiyet durumlar\u0131 itibar\u0131yla belirlemeye, bu bent kapsam\u0131ndaki bilgi ve bildirimlerin elektronik ortamda muhafaza ve ibraz edilmesi y\u00fck\u00fcml\u00fcl\u00fc\u011f\u00fc getirmeye ve uygulamaya ili\u015fkin di\u011fer usul ve esaslar\u0131 belirlemeye yetkili olacak.<\/p>\n<p>(S\u00fcrecek)<\/p>\n<div>AA \/  Zehra Ayd\u0131n Turapo\u011flu &#8211; Politika <\/div>\n","protected":false},"excerpt":{"rendered":"<p>Emekli ayl\u0131\u011f\u0131 alt s\u0131n\u0131r\u0131 2 bin 500 liradan 3 bin 500 liraya \u00e7\u0131kar\u0131l\u0131yor. TBMM Plan ve B\u00fct\u00e7e Komisyonunda kabul edilen, Devlet Memurlar\u0131 Kanunu &#8230;<\/p>\n","protected":false},"author":1,"featured_media":5472,"comment_status":"open","ping_status":"open","sticky":false,"template":"","format":"standard","meta":{"footnotes":""},"categories":[28],"tags":[268,655,53,783,1513],"class_list":["post-5471","post","type-post","status-publish","format-standard","has-post-thumbnail","hentry","category-politika","tag-ek-gosterge","tag-emekli","tag-kanun","tag-sigorta","tag-tbmm"],"_links":{"self":[{"href":"https:\/\/haberulus.net\/index.php?rest_route=\/wp\/v2\/posts\/5471","targetHints":{"allow":["GET"]}}],"collection":[{"href":"https:\/\/haberulus.net\/index.php?rest_route=\/wp\/v2\/posts"}],"about":[{"href":"https:\/\/haberulus.net\/index.php?rest_route=\/wp\/v2\/types\/post"}],"author":[{"embeddable":true,"href":"https:\/\/haberulus.net\/index.php?rest_route=\/wp\/v2\/users\/1"}],"replies":[{"embeddable":true,"href":"https:\/\/haberulus.net\/index.php?rest_route=%2Fwp%2Fv2%2Fcomments&post=5471"}],"version-history":[{"count":1,"href":"https:\/\/haberulus.net\/index.php?rest_route=\/wp\/v2\/posts\/5471\/revisions"}],"predecessor-version":[{"id":5473,"href":"https:\/\/haberulus.net\/index.php?rest_route=\/wp\/v2\/posts\/5471\/revisions\/5473"}],"wp:featuredmedia":[{"embeddable":true,"href":"https:\/\/haberulus.net\/index.php?rest_route=\/wp\/v2\/media\/5472"}],"wp:attachment":[{"href":"https:\/\/haberulus.net\/index.php?rest_route=%2Fwp%2Fv2%2Fmedia&parent=5471"}],"wp:term":[{"taxonomy":"category","embeddable":true,"href":"https:\/\/haberulus.net\/index.php?rest_route=%2Fwp%2Fv2%2Fcategories&post=5471"},{"taxonomy":"post_tag","embeddable":true,"href":"https:\/\/haberulus.net\/index.php?rest_route=%2Fwp%2Fv2%2Ftags&post=5471"}],"curies":[{"name":"wp","href":"https:\/\/api.w.org\/{rel}","templated":true}]}}