{"id":55552,"date":"2022-11-13T12:51:04","date_gmt":"2022-11-13T12:51:04","guid":{"rendered":"https:\/\/haberulus.net\/?p=55552"},"modified":"2022-11-13T12:51:04","modified_gmt":"2022-11-13T12:51:04","slug":"muharrem-inceden-zafer-partisi-aciklamasi","status":"publish","type":"post","link":"https:\/\/haberulus.net\/?p=55552","title":{"rendered":"Muharrem \u0130nce\u2019den \u2018Zafer Partisi\u2019 a\u00e7\u0131klamas\u0131"},"content":{"rendered":"<p>Memleket Partisi Genel Ba\u015fkan\u0131 Muharrem \u0130nce, Gaziantep\u2019te gazetecilerle bir araya geldi. \u0130nce, bir restoranda d\u00fczenlenen etkinlikte, Gaziantep\u2019te olmaktan mutluluk duydu\u011funu belirtti.<\/p>\n<p>\u0130ktidar\u0131n 20 y\u0131ld\u0131r belirledi\u011fi hedeflere ula\u015famad\u0131\u011f\u0131n\u0131 savunan \u0130nce, partilerin \u00e7e\u015fitli konulardaki proje ve g\u00f6r\u00fc\u015flerini yar\u0131\u015ft\u0131rarak halk\u0131n \u00f6n\u00fcne \u00e7\u0131kmas\u0131 gerekti\u011fini s\u00f6yledi. \u0130nce, \u015f\u00f6yle devam etti:<\/p>\n<p><strong>TARTI\u015eMAYA DAVET ED\u0130YORUM<\/strong><\/p>\n<p>\u2013 Televizyonlarda partilerin genel ba\u015fkanlar\u0131 tart\u0131\u015f\u0131rlard\u0131, \u015fimdi yok oldu. Sal\u0131dan sal\u0131ya kavga eden iktidarla muhalefet var. Se\u00e7ime kadar her gitti\u011fim yerde bunu tekrar edece\u011fim. Biz Memleket Partisi olarak, A\u011fr\u0131\u2019dan ba\u015flatt\u0131\u011f\u0131m\u0131z gezimizi, bug\u00fcn Adana\u2019da sonland\u0131raca\u011f\u0131z. Siyasi parti genel ba\u015fkanlar\u0131n\u0131 ya da cumhurba\u015fkan\u0131 olmak isteyenleri televizyonda tart\u0131\u015fmaya davet ediyorum.<\/p>\n<p><strong>BUNA M\u0130LLET KARAR VERS\u0130N<\/strong><\/p>\n<p>\u2013 Gelin enerjiyi tart\u0131\u015fal\u0131m, e\u011fitimi, sa\u011fl\u0131\u011f\u0131, d\u0131\u015f politikay\u0131, s\u0131\u011f\u0131nmac\u0131lar\u0131n ne yapaca\u011f\u0131m\u0131z\u0131 tart\u0131\u015fal\u0131m. Millet bilsin, ona g\u00f6re karar versin. Bu konuda iktidar\u0131n medyas\u0131 var, muhalefetin medyas\u0131 var. Biz ikisinde de yer alam\u0131yoruz. Belki b\u00f6yle bir tart\u0131\u015fma program\u0131 olursa millete ger\u00e7ekleri anlat\u0131r\u0131z, vaatlerimizi anlat\u0131r\u0131z. Bat\u0131l\u0131 \u00fclkelerde nas\u0131l oluyorsa T\u00fcrkiye\u2019de de ayn\u0131s\u0131 olmal\u0131d\u0131r. Kim benimle tart\u0131\u015fmak isterse, hangi aday tart\u0131\u015fmak isterse T\u00fcrkiye\u2019ye ait vizyonumuzu, projelerimizi, g\u00f6r\u00fc\u015flerimizi a\u00e7\u0131klamak isterim. Buna millet karar versin.<\/p>\n<p>\u0130nce, \u201cDi\u011fer partilerle g\u00f6r\u00fc\u015f\u00fcyor musunuz?\u201d sorusu \u00fczerine, \u201cG\u00f6r\u00fc\u015fmeler yap\u0131yoruz ama bu g\u00f6r\u00fc\u015fmeler alt\u0131l\u0131 masalar\u0131n g\u00f6r\u00fc\u015fmelerine benzemeyecek. Bas\u0131na duyurup foto\u011fraflar verip foto\u011frafta kim nerede oturacak bu ayr\u0131nt\u0131lara gerek yok. Bu g\u00f6r\u00fc\u015fmelerin sonunda bir g\u00fcnde ya yapars\u0131n\u0131z ya yapmazs\u0131n\u0131z. Yapmazsan\u0131z \u2018tek ba\u015f\u0131m\u0131za giriyoruz\u2019 dersiniz, yaparsan\u0131z da \u2018ilkelerimiz \u015funlar\u2019 dersiniz. Gizli sakl\u0131 olmadan, kapal\u0131 kap\u0131lar ard\u0131nda pazarl\u0131klar yapmadan milletin \u00f6n\u00fcne \u00e7\u0131kars\u0131n\u0131z.\u201d diye konu\u015ftu.<\/p>\n<p>\u201cZafer Parti ile g\u00f6r\u00fc\u015f\u00fcyor musunuz?\u201d sorusuna da \u0130nce, \u201cG\u00f6r\u00fc\u015f\u00fcyoruz tabii s\u0131k\u0131nt\u0131 yok.\u201d yan\u0131t\u0131n\u0131 verdi. (AA)<\/p>\n","protected":false},"excerpt":{"rendered":"<p>Memleket Partisi Genel Ba\u015fkan\u0131 Muharrem \u0130nce, Gaziantep\u2019te gazetecilerle bir araya geldi. \u0130nce, bir restoranda d\u00fczenlenen etkinlikte, Gaziantep &#8230;<\/p>\n","protected":false},"author":1,"featured_media":55553,"comment_status":"closed","ping_status":"open","sticky":false,"template":"","format":"standard","meta":{"footnotes":""},"categories":[26],"tags":[2304,484,442,1171],"class_list":["post-55552","post","type-post","status-publish","format-standard","has-post-thumbnail","hentry","category-gundem","tag-ince","tag-millet","tag-parti","tag-tartisma"],"_links":{"self":[{"href":"https:\/\/haberulus.net\/index.php?rest_route=\/wp\/v2\/posts\/55552","targetHints":{"allow":["GET"]}}],"collection":[{"href":"https:\/\/haberulus.net\/index.php?rest_route=\/wp\/v2\/posts"}],"about":[{"href":"https:\/\/haberulus.net\/index.php?rest_route=\/wp\/v2\/types\/post"}],"author":[{"embeddable":true,"href":"https:\/\/haberulus.net\/index.php?rest_route=\/wp\/v2\/users\/1"}],"replies":[{"embeddable":true,"href":"https:\/\/haberulus.net\/index.php?rest_route=%2Fwp%2Fv2%2Fcomments&post=55552"}],"version-history":[{"count":1,"href":"https:\/\/haberulus.net\/index.php?rest_route=\/wp\/v2\/posts\/55552\/revisions"}],"predecessor-version":[{"id":55554,"href":"https:\/\/haberulus.net\/index.php?rest_route=\/wp\/v2\/posts\/55552\/revisions\/55554"}],"wp:featuredmedia":[{"embeddable":true,"href":"https:\/\/haberulus.net\/index.php?rest_route=\/wp\/v2\/media\/55553"}],"wp:attachment":[{"href":"https:\/\/haberulus.net\/index.php?rest_route=%2Fwp%2Fv2%2Fmedia&parent=55552"}],"wp:term":[{"taxonomy":"category","embeddable":true,"href":"https:\/\/haberulus.net\/index.php?rest_route=%2Fwp%2Fv2%2Fcategories&post=55552"},{"taxonomy":"post_tag","embeddable":true,"href":"https:\/\/haberulus.net\/index.php?rest_route=%2Fwp%2Fv2%2Ftags&post=55552"}],"curies":[{"name":"wp","href":"https:\/\/api.w.org\/{rel}","templated":true}]}}