{"id":55778,"date":"2022-11-14T07:06:04","date_gmt":"2022-11-14T07:06:04","guid":{"rendered":"https:\/\/haberulus.net\/?p=55778"},"modified":"2022-11-14T07:06:04","modified_gmt":"2022-11-14T07:06:04","slug":"imf-uyardi-kuresel-ekonomik-gorunum-ic-acici-degil-riskler-artiyor","status":"publish","type":"post","link":"https:\/\/haberulus.net\/?p=55778","title":{"rendered":"IMF uyard\u0131: K\u00fcresel ekonomik g\u00f6r\u00fcn\u00fcm i\u00e7 a\u00e7\u0131c\u0131 de\u011fil, riskler art\u0131yor"},"content":{"rendered":"<p>Uluslararas\u0131 Para Fonu (IMF) d\u00fcn, son aylarda d\u00fczenli \u015fekilde k\u00f6t\u00fcleyen sat\u0131n alma y\u00f6neticileri endekslerini gerek\u00e7e g\u00f6stererek k\u00fcresel ekonomik g\u00f6r\u00fcn\u00fcm\u00fcn ge\u00e7en ay \u00f6ng\u00f6r\u00fclenden daha k\u00f6t\u00fc h\u00e2le geldi\u011fini s\u00f6yledi.<\/p>\n<p>IMF, olumsuz g\u00f6r\u00fcn\u00fcm i\u00e7in y\u00fcksek ve geni\u015f tabanl\u0131 enflasyon nedeniyle s\u0131k\u0131la\u015fan para politikas\u0131 ad\u0131mlar\u0131, \u00c7in\u2019de ekonomik b\u00fcy\u00fcmenin zay\u0131flamas\u0131 ve Rusya\u2019n\u0131n Ukrayna\u2019y\u0131 i\u015fgali nedeniyle devam eden sevkiyat aksamalar\u0131 ile g\u0131da g\u00fcvenli\u011finin sa\u011flanamamas\u0131n\u0131 gerek\u00e7e g\u00f6sterdi.<\/p>\n<p><b>B\u00dcY\u00dcME TAHM\u0130NLER\u0130 D\u00dc\u015eM\u00dc\u015eT\u00dc<\/b><\/p>\n<p>IMF, ge\u00e7en ay 2023 i\u00e7in k\u00fcresel ekonomik b\u00fcy\u00fcme tahminini %2.9\u2019dan %2.7\u2019ye d\u00fc\u015f\u00fcrm\u00fc\u015ft\u00fc.<\/p>\n<p>Yar\u0131n Endonezya\u2019da liderlerin bir araya gelece\u011fi G20 zirvesi i\u00e7in haz\u0131rlanan bir blogda yay\u0131nlanan yaz\u0131da IMF, son g\u00f6stergelerin \u00f6zellikle Avrupa\u2019da \u201cekonomik g\u00f6r\u00fcn\u00fcm\u00fcn daha da olumsuz oldu\u011funu\u201d do\u011frulad\u0131\u011f\u0131n\u0131 ifade etti. (REUTERS)<\/p>\n","protected":false},"excerpt":{"rendered":"<p>Uluslararas\u0131 Para Fonu (IMF) d\u00fcn, son aylarda d\u00fczenli \u015fekilde k\u00f6t\u00fcleyen sat\u0131n alma y\u00f6neticileri endekslerini gerek\u00e7e g\u00f6stererek k\u00fcresel ekonomik &#8230;<\/p>\n","protected":false},"author":1,"featured_media":55779,"comment_status":"closed","ping_status":"open","sticky":false,"template":"","format":"standard","meta":{"footnotes":""},"categories":[25],"tags":[],"class_list":["post-55778","post","type-post","status-publish","format-standard","has-post-thumbnail","hentry","category-ekonomi"],"_links":{"self":[{"href":"https:\/\/haberulus.net\/index.php?rest_route=\/wp\/v2\/posts\/55778","targetHints":{"allow":["GET"]}}],"collection":[{"href":"https:\/\/haberulus.net\/index.php?rest_route=\/wp\/v2\/posts"}],"about":[{"href":"https:\/\/haberulus.net\/index.php?rest_route=\/wp\/v2\/types\/post"}],"author":[{"embeddable":true,"href":"https:\/\/haberulus.net\/index.php?rest_route=\/wp\/v2\/users\/1"}],"replies":[{"embeddable":true,"href":"https:\/\/haberulus.net\/index.php?rest_route=%2Fwp%2Fv2%2Fcomments&post=55778"}],"version-history":[{"count":1,"href":"https:\/\/haberulus.net\/index.php?rest_route=\/wp\/v2\/posts\/55778\/revisions"}],"predecessor-version":[{"id":55780,"href":"https:\/\/haberulus.net\/index.php?rest_route=\/wp\/v2\/posts\/55778\/revisions\/55780"}],"wp:featuredmedia":[{"embeddable":true,"href":"https:\/\/haberulus.net\/index.php?rest_route=\/wp\/v2\/media\/55779"}],"wp:attachment":[{"href":"https:\/\/haberulus.net\/index.php?rest_route=%2Fwp%2Fv2%2Fmedia&parent=55778"}],"wp:term":[{"taxonomy":"category","embeddable":true,"href":"https:\/\/haberulus.net\/index.php?rest_route=%2Fwp%2Fv2%2Fcategories&post=55778"},{"taxonomy":"post_tag","embeddable":true,"href":"https:\/\/haberulus.net\/index.php?rest_route=%2Fwp%2Fv2%2Ftags&post=55778"}],"curies":[{"name":"wp","href":"https:\/\/api.w.org\/{rel}","templated":true}]}}