{"id":55798,"date":"2022-11-14T07:21:06","date_gmt":"2022-11-14T07:21:06","guid":{"rendered":"https:\/\/haberulus.net\/?p=55798"},"modified":"2022-11-14T07:21:06","modified_gmt":"2022-11-14T07:21:06","slug":"dis-ticaret-haddi-eylulde-geriledi","status":"publish","type":"post","link":"https:\/\/haberulus.net\/?p=55798","title":{"rendered":"D\u0131\u015f ticaret haddi eyl\u00fclde geriledi"},"content":{"rendered":"<p>T\u00fcrkiye \u0130statistik Kurumu eyl\u00fcl ay\u0131na ili\u015fkin d\u0131\u015f ticaret endeksi verilerini yay\u0131mlad\u0131.<\/p>\n<p>Buna g\u00f6re ihracat birim de\u011fer endeksinin ithalat birim de\u011fer endeksine b\u00f6l\u00fcnmesiyle hesaplanan ve 2021 y\u0131l\u0131 Eyl\u00fcl ay\u0131nda 88,4 olarak elde edilmi\u015f olan d\u0131\u015f ticaret haddi, 17,2 puan azalarak, 2022 y\u0131l\u0131 Eyl\u00fcl ay\u0131nda 71,2 oldu.<\/p>\n<p>D\u0131\u015f ticaret haddi, 2022 y\u0131l\u0131 \u00fc\u00e7\u00fcnc\u00fc \u00e7eyre\u011finde, ge\u00e7en y\u0131l\u0131n ayn\u0131 d\u00f6nemine g\u00f6re de 16,4 puan azalarak 72,9 seviyesinde ger\u00e7ekle\u015fti.<\/p>\n<p><img decoding=\"async\" src=\"https:\/\/i01.sozcucdn.com\/wp-content\/uploads\/2022\/11\/14\/dis-ticarte-hadleri-grafik-660x254.png\" alt=\"\" title=\"\"><\/p>\n<p><b>\u0130HRACAT B\u0130R\u0130M DE\u011eER ENDEKS\u0130 Y\u00dcZDE 2,7 ARTTI<\/b><\/p>\n<p>\u0130hracat birim de\u011fer endeksi eyl\u00fcl ay\u0131nda bir \u00f6nceki y\u0131l\u0131n ayn\u0131 ay\u0131na g\u00f6re y\u00fczde 2,7 artt\u0131. Endeks bir \u00f6nceki y\u0131l\u0131n ayn\u0131 ay\u0131na g\u00f6re, g\u0131da, i\u00e7ecek ve t\u00fct\u00fcnde y\u00fczde 9,2, ham maddelerde (yak\u0131t hari\u00e7) y\u00fczde 6,9 ve yak\u0131tlarda y\u00fczde 41,7 artarken, imalat sanayinde (g\u0131da, i\u00e7ecek, t\u00fct\u00fcn hari\u00e7) y\u00fczde 0,4 azald\u0131.<\/p>\n<p>\u0130hracat miktar endeksi de eyl\u00fcl ay\u0131nda bir \u00f6nceki y\u0131l\u0131n ayn\u0131 ay\u0131na g\u00f6re y\u00fczde 6,2 artt\u0131\u015f kaydetti. Endeks bir \u00f6nceki y\u0131l\u0131n ayn\u0131 ay\u0131na g\u00f6re, g\u0131da, i\u00e7ecek ve t\u00fct\u00fcnde y\u00fczde 2,7, yak\u0131tlarda y\u00fczde 57,7 ve imalat sanayinde (g\u0131da, i\u00e7ecek, t\u00fct\u00fcn hari\u00e7) y\u00fczde 4,3 artarken, ham maddelerde (yak\u0131t hari\u00e7) y\u00fczde 8,7 azald\u0131.<\/p>\n<p><img decoding=\"async\" src=\"https:\/\/i01.sozcucdn.com\/wp-content\/uploads\/2022\/11\/14\/ihracat-birim-miktar-660x245.png\" alt=\"\" title=\"\"><\/p>\n<p><b>\u0130THALAT B\u0130R\u0130M DE\u011eER ENDEKS\u0130 Y\u00dcZDE 27,4 Y\u00dcKSELD\u0130<\/b><\/p>\n<p>\u0130thalat birim de\u011fer endeksi eyl\u00fcl ay\u0131nda bir \u00f6nceki y\u0131l\u0131n ayn\u0131 ay\u0131na g\u00f6re y\u00fczde 27,4 artt\u0131. Endeks bir \u00f6nceki y\u0131l\u0131n ayn\u0131 ay\u0131na g\u00f6re, g\u0131da, i\u00e7ecek ve t\u00fct\u00fcnde y\u00fczde 11,0, ham maddelerde (yak\u0131t hari\u00e7) y\u00fczde 1,8 ve yak\u0131tlarda y\u00fczde 157,3 artarken, imalat sanayinde (g\u0131da, i\u00e7ecek, t\u00fct\u00fcn hari\u00e7) y\u00fczde 0,5 azald\u0131.<\/p>\n<p>\u0130thalat miktar endeksi ise eyl\u00fcl ay\u0131nda bir \u00f6nceki y\u0131l\u0131n ayn\u0131 ay\u0131na g\u00f6re y\u00fczde 8,4 artt\u0131. Endeks bir \u00f6nceki y\u0131l\u0131n ayn\u0131 ay\u0131na g\u00f6re, g\u0131da, i\u00e7ecek ve t\u00fct\u00fcnde y\u00fczde 9,9 ve yak\u0131tlarda y\u00fczde 22,6 azal\u0131rken, ham maddelerde (yak\u0131t hari\u00e7) y\u00fczde 13,7 ve imalat sanayinde (g\u0131da, i\u00e7ecek, t\u00fct\u00fcn hari\u00e7) y\u00fczde 14,3 artt\u0131.<\/p>\n<p><img decoding=\"async\" src=\"https:\/\/i01.sozcucdn.com\/wp-content\/uploads\/2022\/11\/14\/ithalat-birim-miktar-660x268.png\" alt=\"\" title=\"\"><\/p>\n<p>\u00a0<\/p>\n","protected":false},"excerpt":{"rendered":"<p>T\u00fcrkiye \u0130statistik Kurumu eyl\u00fcl ay\u0131na ili\u015fkin d\u0131\u015f ticaret endeksi verilerini yay\u0131mlad\u0131. Buna g\u00f6re ihracat birim de\u011fer endeksinin ithalat birim &#8230;<\/p>\n","protected":false},"author":1,"featured_media":55799,"comment_status":"closed","ping_status":"open","sticky":false,"template":"","format":"standard","meta":{"footnotes":""},"categories":[25],"tags":[1054,5315],"class_list":["post-55798","post","type-post","status-publish","format-standard","has-post-thumbnail","hentry","category-ekonomi","tag-endeks","tag-tutun"],"_links":{"self":[{"href":"https:\/\/haberulus.net\/index.php?rest_route=\/wp\/v2\/posts\/55798","targetHints":{"allow":["GET"]}}],"collection":[{"href":"https:\/\/haberulus.net\/index.php?rest_route=\/wp\/v2\/posts"}],"about":[{"href":"https:\/\/haberulus.net\/index.php?rest_route=\/wp\/v2\/types\/post"}],"author":[{"embeddable":true,"href":"https:\/\/haberulus.net\/index.php?rest_route=\/wp\/v2\/users\/1"}],"replies":[{"embeddable":true,"href":"https:\/\/haberulus.net\/index.php?rest_route=%2Fwp%2Fv2%2Fcomments&post=55798"}],"version-history":[{"count":1,"href":"https:\/\/haberulus.net\/index.php?rest_route=\/wp\/v2\/posts\/55798\/revisions"}],"predecessor-version":[{"id":55800,"href":"https:\/\/haberulus.net\/index.php?rest_route=\/wp\/v2\/posts\/55798\/revisions\/55800"}],"wp:featuredmedia":[{"embeddable":true,"href":"https:\/\/haberulus.net\/index.php?rest_route=\/wp\/v2\/media\/55799"}],"wp:attachment":[{"href":"https:\/\/haberulus.net\/index.php?rest_route=%2Fwp%2Fv2%2Fmedia&parent=55798"}],"wp:term":[{"taxonomy":"category","embeddable":true,"href":"https:\/\/haberulus.net\/index.php?rest_route=%2Fwp%2Fv2%2Fcategories&post=55798"},{"taxonomy":"post_tag","embeddable":true,"href":"https:\/\/haberulus.net\/index.php?rest_route=%2Fwp%2Fv2%2Ftags&post=55798"}],"curies":[{"name":"wp","href":"https:\/\/api.w.org\/{rel}","templated":true}]}}