{"id":56098,"date":"2022-11-14T14:36:03","date_gmt":"2022-11-14T14:36:03","guid":{"rendered":"https:\/\/haberulus.net\/?p=56098"},"modified":"2022-11-14T14:36:03","modified_gmt":"2022-11-14T14:36:03","slug":"esenyurtta-isyan-ettiren-kazada-itiraz-kabul-edildi-surucuye-tutuklama-karari","status":"publish","type":"post","link":"https:\/\/haberulus.net\/?p=56098","title":{"rendered":"Esenyurt\u2019ta isyan ettiren kazada itiraz kabul edildi: S\u00fcr\u00fcc\u00fcye tutuklama karar\u0131"},"content":{"rendered":"<p>Haramidere Caddesi\u2019nde ge\u00e7en sal\u0131 g\u00fcn\u00fc saat 20.30 s\u0131ralar\u0131nda, Avc\u0131lar\u2019dan Beylikd\u00fcz\u00fc y\u00f6n\u00fcne h\u0131zla giderken s\u00fcr\u00fcc\u00fcs\u00fcn\u00fcn direksiyon hakimiyetini kaybetti\u011fi otomobil Aleyna Nur G\u00f6k\u00e7e\u2019ye \u00e7arpt\u0131.<\/p>\n<p>A\u011f\u0131r yaralanan G\u00f6k\u00e7e, Cerrahpa\u015fa T\u0131p Fak\u00fcltesi Hastanesi\u2019nde yo\u011fun bak\u0131ma al\u0131nd\u0131. Gen\u00e7 k\u0131z\u0131n yak\u0131nlar\u0131, alkol\u00fc olmas\u0131na, 5 ay \u00f6nce yine alkoll\u00fc ara\u00e7 kulland\u0131\u011f\u0131 gerek\u00e7esiyle ehliyetine el konulmas\u0131na ra\u011fmen Sezer H.\u2019nin (35) adli kontrolle serbest kalmas\u0131 karar\u0131na tepki g\u00f6sterdi. Gen\u00e7 k\u0131z\u0131n annesi D\u00f6nd\u00fc \u00c7albo\u011fazl\u0131 ile a\u011fabeyi Hakan G\u00f6k\u00e7e yapt\u0131klar\u0131 a\u00e7\u0131klamalarla tepkilerini dile getirdi.<\/p>\n<p><strong>AVUKAT \u0130T\u0130RAZ ETT\u0130<\/strong><\/p>\n<p>Ailenin avukat\u0131 Osman Ye\u015fil bug\u00fcn B\u00fcy\u00fck\u00e7ekmece Adliyesi\u2019ne giderek \u015f\u00fcphelinin tutuksuz yarg\u0131lanma karar\u0131na itiraz etti. Savc\u0131l\u0131\u011fa yap\u0131lan ba\u015fvuru ard\u0131ndan Sulh Ceza Hakimli\u011fi, 5 ay \u00f6nce alkoll\u00fc ara\u00e7 kullanma su\u00e7undan s\u00fcr\u00fcc\u00fc belgesi al\u0131nan Seher H. i\u00e7in tutuklama karar\u0131 verdi.<\/p>\n<p>Avukat Ye\u015fil, ilk karar\u0131n hukuka ayk\u0131r\u0131 oldu\u011funu, haz\u0131rlad\u0131klar\u0131 itiraz dosyas\u0131n\u0131n kabul edildi\u011fini, polisin \u015f\u00fcpheliyi k\u0131sa s\u00fcrede yakalamas\u0131n\u0131 beklediklerini s\u00f6yledi. Avukat Osman Ye\u015fil, \u201cM\u00fcvekkilim halen yo\u011fun bak\u0131mda. Tutuklama karar\u0131 ailenin biraz olsun rahatlamas\u0131n\u0131 sa\u011flad\u0131. Yakaland\u0131ktan sonra da en a\u011f\u0131r cezay\u0131 almas\u0131 i\u00e7in \u00e7aba harcayaca\u011f\u0131z\u201d dedi. DHA<\/p>\n","protected":false},"excerpt":{"rendered":"<p>Haramidere Caddesi\u2019nde ge\u00e7en sal\u0131 g\u00fcn\u00fc saat 20.30 s\u0131ralar\u0131nda, Avc\u0131lar\u2019dan Beylikd\u00fcz\u00fc y\u00f6n\u00fcne h\u0131zla giderken s\u00fcr\u00fcc\u00fcs\u00fcn\u00fcn direksiyon hakimiyetini &#8230;<\/p>\n","protected":false},"author":1,"featured_media":56099,"comment_status":"closed","ping_status":"open","sticky":false,"template":"","format":"standard","meta":{"footnotes":""},"categories":[26],"tags":[995],"class_list":["post-56098","post","type-post","status-publish","format-standard","has-post-thumbnail","hentry","category-gundem","tag-karari"],"_links":{"self":[{"href":"https:\/\/haberulus.net\/index.php?rest_route=\/wp\/v2\/posts\/56098","targetHints":{"allow":["GET"]}}],"collection":[{"href":"https:\/\/haberulus.net\/index.php?rest_route=\/wp\/v2\/posts"}],"about":[{"href":"https:\/\/haberulus.net\/index.php?rest_route=\/wp\/v2\/types\/post"}],"author":[{"embeddable":true,"href":"https:\/\/haberulus.net\/index.php?rest_route=\/wp\/v2\/users\/1"}],"replies":[{"embeddable":true,"href":"https:\/\/haberulus.net\/index.php?rest_route=%2Fwp%2Fv2%2Fcomments&post=56098"}],"version-history":[{"count":1,"href":"https:\/\/haberulus.net\/index.php?rest_route=\/wp\/v2\/posts\/56098\/revisions"}],"predecessor-version":[{"id":56100,"href":"https:\/\/haberulus.net\/index.php?rest_route=\/wp\/v2\/posts\/56098\/revisions\/56100"}],"wp:featuredmedia":[{"embeddable":true,"href":"https:\/\/haberulus.net\/index.php?rest_route=\/wp\/v2\/media\/56099"}],"wp:attachment":[{"href":"https:\/\/haberulus.net\/index.php?rest_route=%2Fwp%2Fv2%2Fmedia&parent=56098"}],"wp:term":[{"taxonomy":"category","embeddable":true,"href":"https:\/\/haberulus.net\/index.php?rest_route=%2Fwp%2Fv2%2Fcategories&post=56098"},{"taxonomy":"post_tag","embeddable":true,"href":"https:\/\/haberulus.net\/index.php?rest_route=%2Fwp%2Fv2%2Ftags&post=56098"}],"curies":[{"name":"wp","href":"https:\/\/api.w.org\/{rel}","templated":true}]}}